{"id":1040,"date":"2009-03-24T22:59:49","date_gmt":"2009-03-24T21:59:49","guid":{"rendered":"http:\/\/www.culturedel.info\/cactusacide\/?p=1040"},"modified":"2009-03-24T22:59:50","modified_gmt":"2009-03-24T21:59:50","slug":"christine-veille-pour-vous-le-2339","status":"publish","type":"post","link":"http:\/\/www.culturedel.info\/cactusacide\/?p=1040","title":{"rendered":"Christine veille pour vous &#8211; le 23\/3\/9"},"content":{"rendered":"<p class=\"MsoNormal\" style=\"margin: 0cm 0cm 10pt; text-align: center;\" align=\"center\"><strong><span style=\"text-decoration: underline;\"><span style=\"font-size: 18pt; line-height: 115%;\"><span style=\"font-family: Calibri;\">Christine veille pour 23 Mars 2009<\/span><\/span><\/span><\/strong><\/p>\n<p class=\"MsoNormal\" style=\"margin: 0cm 0cm 10pt; text-align: center;\" align=\"center\"><strong><span style=\"text-decoration: underline;\"><span style=\"font-size: 18pt; line-height: 115%;\"><span style=\"font-family: Calibri;\">Num\u00e9ro Sp\u00e9cial Semaine de la Presse<\/span><\/span><\/span><\/strong><\/p>\n<p class=\"MsoNormal\" style=\"margin: 0cm 0cm 10pt; text-align: center;\" align=\"center\"><strong><span style=\"font-size: 18pt; line-height: 115%;\"><span style=\"font-family: Calibri;\">***Les rubriques du jour***<\/span><\/span><\/strong><\/p>\n<p class=\"MsoNormal\" style=\"margin: 0cm 0cm 10pt; text-align: center;\" align=\"center\"><span style=\"font-size: small; font-family: Calibri;\">&#8212;&#8212;&#8212;&#8212;&#8212;&#8212;&#8212;&#8212;&#8212;&#8212;&#8212;&#8212;&#8212;&#8212;&#8212;&#8212;&#8212;&#8212;&#8212;&#8212;&#8212;&#8212;&#8212;&#8212;&#8212;&#8212;&#8212;&#8212;&#8212;&#8212;&#8212;&#8212;&#8212;&#8212;&#8212;&#8212;&#8212;&#8212;&#8212;&#8212;&#8212;&#8212;&#8212;&#8212;&#8211;<\/span><\/p>\n<p class=\"MsoNormal\" style=\"margin: 0cm 0cm 10pt; text-align: center;\" align=\"center\"><strong><span style=\"font-size: 18pt; line-height: 115%;\"><span style=\"font-family: Calibri;\">Information(Services questions-r\u00e9ponses)<\/span><\/span><\/strong><\/p>\n<p class=\"MsoNormal\" style=\"margin: 0cm 0cm 10pt; text-align: center;\" align=\"center\"><strong><span style=\"font-size: 18pt; line-height: 115%;\"><span style=\"font-family: Calibri;\">Education<\/span><\/span><\/strong><\/p>\n<p class=\"MsoNormal\" style=\"margin: 0cm 0cm 10pt; text-align: center;\" align=\"center\"><strong><span style=\"font-size: 18pt; line-height: 115%;\"><span style=\"font-family: Calibri;\">Presse-M\u00e9dias(Sp\u00e9cial Semaine de la Presse)<\/span><\/span><\/strong><\/p>\n<p class=\"MsoNormal\" style=\"margin: 0cm 0cm 10pt; text-align: center;\" align=\"center\"><strong><span style=\"font-size: 18pt; line-height: 115%;\"><span style=\"font-family: Calibri;\">Litt\u00e9rature(Adaptations)<\/span><\/span><\/strong><\/p>\n<p class=\"MsoNormal\" style=\"margin: 0cm 0cm 10pt; text-align: center;\" align=\"center\"><strong><span style=\"font-size: 18pt; line-height: 115%;\"><span style=\"font-family: Calibri;\">Droit<\/span><\/span><\/strong><\/p>\n<p class=\"MsoNormal\" style=\"margin: 0cm 0cm 10pt; text-align: center;\" align=\"center\"><strong><span style=\"font-size: 18pt; line-height: 115%;\"><span style=\"font-family: Calibri;\">Crise boursi\u00e8re<\/span><\/span><\/strong><\/p>\n<p class=\"MsoNormal\" style=\"margin: 0cm 0cm 10pt; text-align: center;\" align=\"center\"><strong><span style=\"font-size: 18pt; line-height: 115%;\"><span style=\"font-family: Calibri;\">Sciences<\/span><\/span><\/strong><\/p>\n<p class=\"MsoNormal\" style=\"margin: 0cm 0cm 10pt; text-align: center;\" align=\"center\"><strong><span style=\"font-size: 18pt; line-height: 115%;\"><span style=\"font-family: Calibri;\">Sant\u00e9<\/span><\/span><\/strong><\/p>\n<p class=\"MsoNormal\" style=\"margin: 0cm 0cm 10pt; text-align: center;\" align=\"center\"><span style=\"font-size: small; font-family: Calibri;\">&#8212;&#8212;&#8212;&#8212;&#8212;&#8212;&#8212;&#8212;&#8212;&#8212;&#8212;&#8212;&#8212;&#8212;&#8212;&#8212;&#8212;&#8212;&#8212;&#8212;&#8212;&#8212;&#8212;&#8212;&#8212;&#8212;&#8212;&#8212;&#8212;&#8212;&#8212;&#8212;&#8212;&#8212;&#8212;&#8212;&#8212;&#8212;&#8212;&#8212;&#8212;&#8212;&#8212;&#8211;<\/span><\/p>\n<p class=\"MsoNormal\" style=\"margin: 0cm 0cm 10pt; text-align: center;\" align=\"center\"><strong><span style=\"font-size: 18pt; line-height: 115%;\"><span style=\"font-family: Calibri;\">Veille Information<\/span><\/span><\/strong><\/p>\n<p class=\"MsoNormal\" style=\"margin: 0cm 0cm 10pt;\"><span style=\"font-size: small; font-family: Calibri;\">\u00a0<\/span><\/p>\n<div style=\"padding-right: 4pt; padding-left: 4pt; padding-bottom: 1pt; padding-top: 1pt; mso-element: para-border-div; mso-border-alt: solid windowtext .5pt; border: windowtext 1pt solid;\">\n<p class=\"MsoNormal\" style=\"margin: 0cm 0cm 10pt; text-align: center; mso-border-alt: solid windowtext .5pt; mso-padding-alt: 1.0pt 4.0pt 1.0pt 4.0pt; padding: 0cm;\" align=\"center\"><strong><span style=\"font-size: 18pt; line-height: 115%;\"><span style=\"font-family: Calibri;\">Les services de Questions-R\u00e9ponses<\/span><\/span><\/strong><\/p>\n<p class=\"MsoNormal\" style=\"margin: 0cm 0cm 10pt; text-align: center; mso-border-alt: solid windowtext .5pt; mso-padding-alt: 1.0pt 4.0pt 1.0pt 4.0pt; padding: 0cm;\" align=\"center\"><strong><span style=\"font-size: 18pt; line-height: 115%;\"><span style=\"font-family: Calibri;\">\u00a0<\/span><\/span><\/strong><\/p>\n<p class=\"MsoNormal\" style=\"margin: 0cm 0cm 10pt; mso-border-alt: solid windowtext .5pt; mso-padding-alt: 1.0pt 4.0pt 1.0pt 4.0pt; padding: 0cm;\"><span style=\"font-size: small;\"><span style=\"font-family: Calibri;\"><strong>Ruedesfacs<\/strong>,<\/span><\/span><\/p>\n<p class=\"MsoNormal\" style=\"margin: 0cm 0cm 10pt; mso-border-alt: solid windowtext .5pt; mso-padding-alt: 1.0pt 4.0pt 1.0pt 4.0pt; padding: 0cm;\"><span style=\"font-size: small;\"><span style=\"font-family: Calibri;\"><span style=\"mso-spacerun: yes;\">\u00a0<\/span>un service de questions-r\u00e9ponses \u00e0 distance, propos\u00e9 par une douzaine de biblioth\u00e8ques parisiennes, gratuit et ouvert \u00e0 tous<\/span><\/span><\/p>\n<p class=\"MsoNormal\" style=\"margin: 0cm 0cm 10pt; mso-border-alt: solid windowtext .5pt; mso-padding-alt: 1.0pt 4.0pt 1.0pt 4.0pt; padding: 0cm;\"><span style=\"font-size: small; font-family: Calibri;\">(le Caf\u00e9 101-Edition Documentation du 20\/3\/9)<\/span><\/p>\n<p class=\"MsoNormal\" style=\"margin: 0cm 0cm 10pt; mso-border-alt: solid windowtext .5pt; mso-padding-alt: 1.0pt 4.0pt 1.0pt 4.0pt; padding: 0cm;\"><span style=\"font-size: small; font-family: Calibri;\">R\u00e9ponse par chat ou mail, conseil de sources de r\u00e9f\u00e9rence<\/span><\/p>\n<p class=\"MsoNormal\" style=\"margin: 0cm 0cm 10pt; mso-border-alt: solid windowtext .5pt; mso-padding-alt: 1.0pt 4.0pt 1.0pt 4.0pt; padding: 0cm;\"><span style=\"font-size: small; font-family: Calibri;\">Egalement pr\u00e9cieux pour les TPE<\/span><\/p>\n<p class=\"MsoNormal\" style=\"margin: 0cm 0cm 10pt; mso-border-alt: solid windowtext .5pt; mso-padding-alt: 1.0pt 4.0pt 1.0pt 4.0pt; padding: 0cm;\"><a href=\"http:\/\/www.ruedesfacs.fr\/\" target=\"_blank\"><span style=\"font-size: small; color: #0000ff; font-family: Calibri;\">http:\/\/www.ruedesfacs.fr\/<\/span><\/a><\/p>\n<p class=\"MsoNormal\" style=\"margin: 0cm 0cm 10pt; mso-border-alt: solid windowtext .5pt; mso-padding-alt: 1.0pt 4.0pt 1.0pt 4.0pt; padding: 0cm;\"><span style=\"font-size: small; font-family: Calibri;\">\u00a0<\/span><\/p>\n<p class=\"MsoNormal\" style=\"margin: 0cm 0cm 10pt; mso-border-alt: solid windowtext .5pt; mso-padding-alt: 1.0pt 4.0pt 1.0pt 4.0pt; padding: 0cm;\"><strong><span style=\"font-size: small;\"><span style=\"font-family: Calibri;\">Le Si@ade<\/span><\/span><\/strong><\/p>\n<p class=\"MsoNormal\" style=\"margin: 0cm 0cm 10pt; mso-border-alt: solid windowtext .5pt; mso-padding-alt: 1.0pt 4.0pt 1.0pt 4.0pt; padding: 0cm;\"><span style=\"font-size: small; font-family: Calibri;\">Association d\u2019une vingtaine de biblioth\u00e8ques francophones, municipales, nationales et universitaires<\/span><\/p>\n<p class=\"MsoNormal\" style=\"margin: 0cm 0cm 10pt; mso-border-alt: solid windowtext .5pt; mso-padding-alt: 1.0pt 4.0pt 1.0pt 4.0pt; padding: 0cm;\"><span style=\"font-size: small; font-family: Calibri;\">(Cit\u00e9 par le Caf\u00e9 p\u00e9dagogique-L\u2019Expresso du 23\/3\/9)<\/span><\/p>\n<p class=\"MsoNormal\" style=\"margin: 0cm 0cm 10pt; mso-border-alt: solid windowtext .5pt; mso-padding-alt: 1.0pt 4.0pt 1.0pt 4.0pt; padding: 0cm;\"><span style=\"font-size: small;\"><span style=\"font-family: Calibri;\">Fournit des r\u00e9f\u00e9rences de documents, des <strong>faits<\/strong><span style=\"color: #333333;\">(maximum de 15 r\u00e9f\u00e9rences)<\/span><\/span><\/span><span style=\"font-size: 8pt; color: #333333; line-height: 115%; font-family: &quot;Verdana&quot;,&quot;sans-serif&quot;;\"> <\/span><span style=\"color: #333333;\"><span style=\"font-size: small;\"><span style=\"font-family: Calibri;\">\u2013 \u00e9l\u00e9ments biographiques, faits, chiffres, dates<\/span><\/span><\/span><\/p>\n<p class=\"MsoNormal\" style=\"margin: 0cm 0cm 10pt; mso-border-alt: solid windowtext .5pt; mso-padding-alt: 1.0pt 4.0pt 1.0pt 4.0pt; padding: 0cm;\"><span style=\"color: #333333;\"><span style=\"font-size: small; font-family: Calibri;\">Mais, pas de bibliographie approfondie, d\u2019aide aux devoirs, de revue de presse, de r\u00e9ponse aux questions de concours, etc.(voir lien)<\/span><\/span><\/p>\n<p class=\"MsoNormal\" style=\"margin: 0cm 0cm 10pt; mso-border-alt: solid windowtext .5pt; mso-padding-alt: 1.0pt 4.0pt 1.0pt 4.0pt; padding: 0cm;\"><a href=\"http:\/\/www.bnf.fr\/pages\/accedocu\/siade.htm\"><span style=\"font-size: small; color: #0000ff; font-family: Calibri;\">http:\/\/www.bnf.fr\/pages\/accedocu\/siade.htm<\/span><\/a><\/p>\n<p class=\"MsoNormal\" style=\"margin: 0cm 0cm 10pt; mso-border-alt: solid windowtext .5pt; mso-padding-alt: 1.0pt 4.0pt 1.0pt 4.0pt; padding: 0cm;\"><span style=\"font-size: small; font-family: Calibri;\">\u00a0<\/span><\/p>\n<p class=\"MsoNormal\" style=\"margin: 0cm 0cm 10pt; mso-border-alt: solid windowtext .5pt; mso-padding-alt: 1.0pt 4.0pt 1.0pt 4.0pt; padding: 0cm;\"><strong><span style=\"font-size: small;\"><span style=\"font-family: Calibri;\">Monorientationenligne.fr\u00a0<\/span><\/span><\/strong><\/p>\n<p class=\"MsoNormal\" style=\"margin: 0cm 0cm 10pt; mso-border-alt: solid windowtext .5pt; mso-padding-alt: 1.0pt 4.0pt 1.0pt 4.0pt; padding: 0cm;\"><span style=\"font-size: small; font-family: Calibri;\">Un service gratuit d\u2019aide \u00e0 l\u2019orientation, \u00e0 partir du 16\/3\/9 dans l\u2019Acad\u00e9mie d\u2019Amiens\u00a0: <\/span><\/p>\n<p class=\"MsoNormal\" style=\"margin: 0cm 0cm 10pt; mso-border-alt: solid windowtext .5pt; mso-padding-alt: 1.0pt 4.0pt 1.0pt 4.0pt; padding: 0cm;\"><span style=\"font-size: small; font-family: Calibri;\">0\u00a0810\u00a0012 25, r\u00e9ponse par courrier, par t\u00e9l\u00e9phone ou par tchat<\/span><\/p>\n<p class=\"MsoNormal\" style=\"margin: 0cm 0cm 10pt; mso-border-alt: solid windowtext .5pt; mso-padding-alt: 1.0pt 4.0pt 1.0pt 4.0pt; padding: 0cm;\"><span style=\"font-size: small; font-family: Calibri;\">(Le Caf\u00e9 p\u00e9dagogique-L\u2019Expresso du 24\/3\/9)<\/span><\/p>\n<p class=\"MsoNormal\" style=\"margin: 0cm 0cm 10pt; mso-border-alt: solid windowtext .5pt; mso-padding-alt: 1.0pt 4.0pt 1.0pt 4.0pt; padding: 0cm;\"><span style=\"font-size: small; font-family: Calibri;\">http:\/\/www.monorientationenligne.fr\/qr\/index.php?provenance=<\/span><\/p>\n<\/div>\n<p class=\"MsoNormal\" style=\"margin: 0cm 0cm 10pt;\"><span style=\"font-size: small; font-family: Calibri;\">&#8212;&#8212;&#8212;&#8212;&#8212;&#8212;&#8212;&#8212;&#8212;&#8212;&#8212;&#8212;&#8212;&#8212;&#8212;&#8212;&#8212;&#8212;&#8212;&#8212;&#8212;&#8212;&#8212;&#8212;&#8212;&#8212;&#8212;&#8212;&#8212;&#8212;&#8212;&#8212;&#8212;&#8212;&#8212;&#8212;&#8212;&#8212;&#8212;&#8212;&#8212;&#8212;&#8212;<\/span><\/p>\n<p class=\"MsoNormal\" style=\"margin: 0cm 0cm 10pt; text-align: center;\" align=\"center\"><strong><span style=\"font-size: 18pt; line-height: 115%;\"><span style=\"font-family: Calibri;\">Veille Education<\/span><\/span><\/strong><\/p>\n<p class=\"MsoNormal\" style=\"margin: 0cm 0cm 10pt;\"><span style=\"font-size: small; font-family: Calibri;\">\u00a0<\/span><\/p>\n<p class=\"MsoNormal\" style=\"margin: 0cm 0cm 10pt;\"><span style=\"font-size: small;\"><span style=\"font-family: Calibri;\"><strong>Lyceepourtous<\/strong>, plate-forme de la mission sur la r\u00e9forme du lyc\u00e9e, est lanc\u00e9e ce lundi<\/span><\/span><\/p>\n<p class=\"MsoNormal\" style=\"margin: 0cm 0cm 10pt;\"><span style=\"font-size: small; font-family: Calibri;\">(20 Minutes du 23\/3\/9)<\/span><\/p>\n<p class=\"MsoNormal\" style=\"margin: 0cm 0cm 10pt;\"><a href=\"http:\/\/www.20minutes.fr\/article\/313455\/France-Richard-Descoings-Que-tous-ceux-concernes-par-le-lycee-s-expriment.php\"><span style=\"font-size: small; color: #0000ff; font-family: Calibri;\">http:\/\/www.20minutes.fr\/article\/313455\/France-Richard-Descoings-Que-tous-ceux-concernes-par-le-lycee-s-expriment.php<\/span><\/a><\/p>\n<p class=\"MsoNormal\" style=\"margin: 0cm 0cm 10pt;\"><span style=\"font-size: small; font-family: Calibri;\">\u00a0<\/span><\/p>\n<p class=\"MsoNormal\" style=\"margin: 0cm 0cm 10pt;\"><strong><span style=\"font-size: small;\"><span style=\"font-family: Calibri;\">Grande-Bretagne<\/span><\/span><\/strong><\/p>\n<p class=\"MsoNormal\" style=\"margin: 0cm 0cm 10pt;\"><span style=\"font-size: small; font-family: Calibri;\">En Angleterre, beaucoup d\u2019enfants refusent de parler \u00e0 leurs parents de ce qui se passe \u00e0 l\u2019\u00e9cole<\/span><\/p>\n<p class=\"MsoNormal\" style=\"margin: 0cm 0cm 10pt;\"><span style=\"font-size: small; font-family: Calibri;\">(BBC News du 23\/3\/9)<\/span><\/p>\n<p class=\"MsoNormal\" style=\"margin: 0cm 0cm 10pt;\"><span style=\"font-size: small; font-family: Calibri;\">http:\/\/news.bbc.co.uk\/2\/hi\/uk_news\/education\/7956017.stm<\/span><\/p>\n<p class=\"MsoNormal\" style=\"margin: 0cm 0cm 10pt;\"><span style=\"font-size: small; font-family: Calibri;\">&#8212;&#8212;&#8212;&#8212;&#8212;&#8212;&#8212;&#8212;&#8212;&#8212;&#8212;&#8212;&#8212;&#8212;&#8212;&#8212;&#8212;&#8212;&#8212;&#8212;&#8212;&#8212;&#8212;&#8212;&#8212;&#8212;&#8212;&#8212;&#8212;&#8212;&#8212;&#8212;&#8212;&#8212;&#8212;&#8212;&#8212;&#8212;&#8212;&#8212;&#8212;&#8212;&#8212;-<\/span><\/p>\n<p class=\"MsoNormal\" style=\"margin: 0cm 0cm 10pt; text-align: center;\" align=\"center\"><strong><span style=\"font-size: 18pt; line-height: 115%;\"><span style=\"font-family: Calibri;\">Veille Presse-M\u00e9dias<\/span><\/span><\/strong><\/p>\n<p class=\"MsoNormal\" style=\"margin: 0cm 0cm 10pt; text-align: center;\" align=\"center\"><strong><span style=\"font-size: 18pt; line-height: 115%;\"><span style=\"font-family: Calibri;\">Num\u00e9ro sp\u00e9cial Semaine de la Presse<\/span><\/span><\/strong><\/p>\n<p class=\"MsoNormal\" style=\"margin: 0cm 0cm 10pt;\"><span style=\"font-size: small; font-family: Calibri;\">\u00a0<\/span><\/p>\n<p class=\"MsoNormal\" style=\"margin: 0cm 0cm 10pt; text-align: center;\" align=\"center\"><strong><span style=\"text-decoration: underline;\"><span style=\"font-size: small;\"><span style=\"font-family: Calibri;\">C\u2019est l\u2019ouverture de la Semaine de la Presse, jusqu\u2019au 28 Mars 2009<\/span><\/span><\/span><\/strong><\/p>\n<p class=\"MsoNormal\" style=\"margin: 0cm 0cm 10pt;\"><a href=\"http:\/\/www.clemi.org\/fr\/spme\/\"><span style=\"font-size: small; color: #0000ff; font-family: Calibri;\">http:\/\/www.clemi.org\/fr\/spme\/<\/span><\/a><\/p>\n<p class=\"MsoNormal\" style=\"margin: 0cm 0cm 10pt;\"><span style=\"font-size: small; font-family: Calibri;\">Un carnet d\u2019adresses pour pr\u00e9parer la Semaine de la Presse<\/span><\/p>\n<p class=\"MsoNormal\" style=\"margin: 0cm 0cm 10pt;\"><a href=\"http:\/\/www.clemi.org\/fr\/spme\/carnet-d-adresses\/\"><span style=\"font-size: small; color: #0000ff; font-family: Calibri;\">http:\/\/www.clemi.org\/fr\/spme\/carnet-d-adresses\/<\/span><\/a><\/p>\n<p class=\"MsoNormal\" style=\"margin: 0cm 0cm 10pt;\"><span style=\"font-size: small; font-family: Calibri;\">\u00a0<\/span><\/p>\n<p class=\"MsoNormal\" style=\"margin: 0cm 0cm 10pt; text-align: center;\" align=\"center\"><strong><span style=\"text-decoration: underline;\"><span style=\"font-size: small;\"><span style=\"font-family: Calibri;\">Actions p\u00e9dagogiques<\/span><\/span><\/span><\/strong><\/p>\n<p class=\"MsoNormal\" style=\"margin: 0cm 0cm 10pt;\"><span style=\"font-size: small; font-family: Calibri;\">\u00a0<\/span><\/p>\n<p class=\"MsoNormal\" style=\"margin: 0cm 0cm 10pt;\"><span style=\"font-size: small; font-family: Calibri;\">MSN du 23 Mars 2009 \u00e9num\u00e8re quelques actions p\u00e9dagogiques\u00a0:<\/span><\/p>\n<p class=\"MsoNormal\" style=\"margin: 0cm 0cm 10pt;\"><span style=\"font-size: small; font-family: Calibri;\">( Liste compl\u00e8te des actions sur\u00a0: http:\/\/www.education.gouv.fr\/cid23956\/la-semaine-de-la-presse-et-des-medias-dans-l-ecole.html)<\/span><\/p>\n<p class=\"MsoNormal\" style=\"margin: 0cm 0cm 10pt;\"><a href=\"http:\/\/news.fr.msn.com\/media\/article.aspx?cp-documentid=15316580\"><span style=\"font-size: small; color: #0000ff; font-family: Calibri;\">http:\/\/news.fr.msn.com\/media\/article.aspx?cp-documentid=15316580<\/span><\/a><\/p>\n<p class=\"MsoNormal\" style=\"margin: 0cm 0cm 10pt;\"><span style=\"font-size: small; font-family: Calibri;\">Nous avions d\u00e9j\u00e0 parl\u00e9 dans cette veille de l\u2019ajout de titres suppl\u00e9mentaires de presse \u00e9trang\u00e8re(voir lien)<\/span><\/p>\n<p class=\"MsoListParagraph\" style=\"margin: 0cm 0cm 10pt 36pt; text-indent: -18pt; mso-list: l0 level1 lfo1;\"><span style=\"mso-ascii-font-family: Calibri; mso-fareast-font-family: Calibri; mso-hansi-font-family: Calibri; mso-bidi-font-family: Calibri;\"><span style=\"mso-list: Ignore;\"><span style=\"font-size: small; font-family: Calibri;\">&#8211;<\/span><span style=\"font: 7pt &quot;Times New Roman&quot;;\">\u00a0\u00a0\u00a0\u00a0\u00a0\u00a0\u00a0\u00a0\u00a0 <\/span><\/span><\/span><span style=\"font-size: small; font-family: Calibri;\">1 dossier p\u00e9dagogique sp\u00e9cial + 1 CD-ROM r\u00e9alis\u00e9 avec Courrier international su \u00ab\u00a0100 Unes d\u2019Europe\u00a0\u00bb dat\u00e9es du 1\/10\/8<\/span><\/p>\n<p class=\"MsoNormal\" style=\"margin: 0cm 0cm 10pt 35.4pt;\"><span style=\"font-size: small; font-family: Calibri;\">En partenariat avec le CDDP du Val d\u2019Oise<\/span><\/p>\n<p class=\"MsoNormal\" style=\"margin: 0cm 0cm 10pt 35.4pt;\"><a href=\"http:\/\/www.cddp95.ac-versailles.fr\/cddp\/article486.html\"><span style=\"font-size: small; color: #0000ff; font-family: Calibri;\">http:\/\/www.cddp95.ac-versailles.fr\/cddp\/article486.html<\/span><\/a><\/p>\n<p class=\"MsoNormal\" style=\"margin: 0cm 0cm 10pt 35.4pt;\"><span style=\"font-size: small; font-family: Calibri;\">\u00a0<\/span><\/p>\n<p class=\"MsoListParagraphCxSpFirst\" style=\"margin: 0cm 0cm 0pt 36pt; text-indent: -18pt; mso-list: l0 level1 lfo1;\"><span style=\"mso-ascii-font-family: Calibri; mso-fareast-font-family: Calibri; mso-hansi-font-family: Calibri; mso-bidi-font-family: Calibri;\"><span style=\"mso-list: Ignore;\"><span style=\"font-size: small; font-family: Calibri;\">&#8211;<\/span><span style=\"font: 7pt &quot;Times New Roman&quot;;\">\u00a0\u00a0\u00a0\u00a0\u00a0\u00a0\u00a0\u00a0\u00a0 <\/span><\/span><\/span><span style=\"font-size: small; font-family: Calibri;\">Mise \u00e0 disposition de 10\u00a0000 exemplaires du Monde du 19\/3\/9 avec \u00ab\u00a0Le Monde, portrait d\u2019un quotidien\u00a0\u00bb<\/span><\/p>\n<p class=\"MsoListParagraphCxSpMiddle\" style=\"margin: 0cm 0cm 0pt 36pt; text-indent: -18pt; mso-list: l0 level1 lfo1;\"><span style=\"mso-ascii-font-family: Calibri; mso-fareast-font-family: Calibri; mso-hansi-font-family: Calibri; mso-bidi-font-family: Calibri;\"><span style=\"mso-list: Ignore;\"><span style=\"font-size: small; font-family: Calibri;\">&#8211;<\/span><span style=\"font: 7pt &quot;Times New Roman&quot;;\">\u00a0\u00a0\u00a0\u00a0\u00a0\u00a0\u00a0\u00a0\u00a0 <\/span><\/span><\/span><span style=\"font-size: small; font-family: Calibri;\">Un d\u00e9cryptage par l\u2019INA sur l\u2019investiture d\u2019Obama vue par 21 cha\u00eenes de t\u00e9l\u00e9vision<\/span><\/p>\n<p class=\"MsoListParagraphCxSpMiddle\" style=\"margin: 0cm 0cm 0pt 36pt;\"><a href=\"http:\/\/www.ina.fr\/archivespourtous\/index.php?vue=selarch_select&amp;id=1271\"><span style=\"font-size: small; color: #0000ff; font-family: Calibri;\">http:\/\/www.ina.fr\/archivespourtous\/index.php?vue=selarch_select&amp;id=1271<\/span><\/a><\/p>\n<p class=\"MsoListParagraphCxSpMiddle\" style=\"margin: 0cm 0cm 0pt 36pt;\"><span style=\"font-size: small; font-family: Calibri;\">\u00a0<\/span><\/p>\n<p class=\"MsoListParagraphCxSpMiddle\" style=\"margin: 0cm 0cm 0pt 36pt; text-indent: -18pt; mso-list: l0 level1 lfo1;\"><span style=\"mso-ascii-font-family: Calibri; mso-fareast-font-family: Calibri; mso-hansi-font-family: Calibri; mso-bidi-font-family: Calibri;\"><span style=\"mso-list: Ignore;\"><span style=\"font-size: small; font-family: Calibri;\">&#8211;<\/span><span style=\"font: 7pt &quot;Times New Roman&quot;;\">\u00a0\u00a0\u00a0\u00a0\u00a0\u00a0\u00a0\u00a0\u00a0 <\/span><\/span><\/span><span style=\"font-size: small; font-family: Calibri;\">Mise en ligne de fiches p\u00e9dagogiques par Milan Jeunesse<\/span><\/p>\n<p class=\"MsoListParagraphCxSpMiddle\" style=\"margin: 0cm 0cm 0pt 36pt;\"><a href=\"http:\/\/www.milan-enseignants.com\/semaine-de-la-presse\/\"><span style=\"font-size: small; color: #0000ff; font-family: Calibri;\">http:\/\/www.milan-enseignants.com\/semaine-de-la-presse\/<\/span><\/a><\/p>\n<p class=\"MsoListParagraphCxSpMiddle\" style=\"margin: 0cm 0cm 0pt 36pt;\"><span style=\"font-size: small; font-family: Calibri;\">\u00a0<\/span><\/p>\n<p class=\"MsoListParagraphCxSpLast\" style=\"margin: 0cm 0cm 10pt 36pt; text-indent: -18pt; mso-list: l0 level1 lfo1;\"><span style=\"mso-ascii-font-family: Calibri; mso-fareast-font-family: Calibri; mso-hansi-font-family: Calibri; mso-bidi-font-family: Calibri;\"><span style=\"mso-list: Ignore;\"><span style=\"font-size: small; font-family: Calibri;\">&#8211;<\/span><span style=\"font: 7pt &quot;Times New Roman&quot;;\">\u00a0\u00a0\u00a0\u00a0\u00a0\u00a0\u00a0\u00a0\u00a0 <\/span><\/span><\/span><span style=\"font-size: small; font-family: Calibri;\">Un num\u00e9ro de T\u00e9l\u00e9 Loisirs(23 Mars 2009)r\u00e9alis\u00e9 avec des \u00e9l\u00e8ves de Seconde du Lyc\u00e9e Lapie de Courbevoie(Acad\u00e9mie de Versailles, Hauts-de-Seine)<\/span><\/p>\n<p class=\"MsoNormal\" style=\"margin: 0cm 0cm 10pt;\"><span style=\"font-size: small; font-family: Calibri;\">\u00a0<\/span><\/p>\n<p class=\"MsoNormal\" style=\"margin: 0cm 0cm 10pt;\"><span style=\"font-size: small; font-family: Calibri;\">L\u2019atelier radio de France Info \u00e0 l\u2019occasion de la Semaine de la Presse(Actualitt\u00e9 du 23\/3\/9)<\/span><\/p>\n<p class=\"MsoNormal\" style=\"margin: 0cm 0cm 10pt;\"><span style=\"font-size: small; font-family: Calibri;\">Pour les CM1 et CM2, mais transposable dans d\u2019autres classes<\/span><\/p>\n<p class=\"MsoNormal\" style=\"margin: 0cm 0cm 10pt;\"><a href=\"http:\/\/www.actualitte.com\/actualite\/9043-semaine-presse-ecole-Xavier-Darcos.htm\"><span style=\"font-size: small; color: #0000ff; font-family: Calibri;\">http:\/\/www.actualitte.com\/actualite\/9043-semaine-presse-ecole-Xavier-Darcos.htm<\/span><\/a><\/p>\n<p class=\"MsoNormal\" style=\"margin: 0cm 0cm 10pt;\"><span style=\"font-size: small; font-family: Calibri;\">\u00a0<\/span><\/p>\n<p class=\"MsoNormal\" style=\"margin: 0cm 0cm 10pt;\"><span style=\"font-size: small; font-family: Calibri;\">Un accompagnement p\u00e9dagogique avec les Unes<\/span><\/p>\n<p class=\"MsoNormal\" style=\"margin: 0cm 0cm 10pt;\"><a href=\"http:\/\/www.clemi.org\/fr\/spme\/l-accompagnement-pedagogique\/\"><span style=\"font-size: small; color: #0000ff; font-family: Calibri;\">http:\/\/www.clemi.org\/fr\/spme\/l-accompagnement-pedagogique\/<\/span><\/a><\/p>\n<p class=\"MsoNormal\" style=\"margin: 0cm 0cm 10pt;\"><span style=\"font-size: small; font-family: Calibri;\">Une valorisation des actions entreprises\u00a0: marketing et communication<\/span><\/p>\n<p class=\"MsoNormal\" style=\"margin: 0cm 0cm 10pt;\"><a href=\"http:\/\/www.clemi.org\/fr\/spme\/valoriser-vos-actions\/\"><span style=\"font-size: small; color: #0000ff; font-family: Calibri;\">http:\/\/www.clemi.org\/fr\/spme\/valoriser-vos-actions\/<\/span><\/a><\/p>\n<p class=\"MsoNormal\" style=\"margin: 0cm 0cm 10pt;\"><span style=\"font-size: small; font-family: Calibri;\">\u00a0<\/span><\/p>\n<p class=\"MsoNormal\" style=\"margin: 0cm 0cm 10pt; text-align: center;\" align=\"center\"><strong><span style=\"text-decoration: underline;\"><span style=\"font-size: small;\"><span style=\"font-family: Calibri;\">Libert\u00e9 de la presse<\/span><\/span><\/span><\/strong><\/p>\n<p class=\"MsoNormal\" style=\"margin: 0cm 0cm 10pt;\"><span style=\"font-size: small; font-family: Calibri;\">\u00a0<\/span><\/p>\n<p class=\"MsoNormal\" style=\"margin: 0cm 0cm 10pt;\"><strong><span style=\"font-size: small;\"><span style=\"font-family: Calibri;\">Libert\u00e9 de la presse,Droits de l\u2019homme,<\/span><\/span><\/strong><\/p>\n<p class=\"MsoNormal\" style=\"margin: 0cm 0cm 10pt;\"><span style=\"font-size: small; font-family: Calibri;\">Droits de l\u2019homme\u00a0: 5 journalistes de l\u2019AFP prim\u00e9s \u00e0 Hong-Kong(MSN du 23\/3\/9)<\/span><\/p>\n<p class=\"MsoNormal\" style=\"margin: 0cm 0cm 10pt;\"><span style=\"font-size: small; font-family: Calibri;\">Le prix pour les Droits de l\u2019homme dans la presse est organis\u00e9 par Amnesty International<\/span><\/p>\n<p class=\"MsoNormal\" style=\"margin: 0cm 0cm 10pt;\"><a href=\"http:\/\/news.fr.msn.com\/media\/article.aspx?cp-documentid=15319344\"><span style=\"font-size: small; color: #0000ff; font-family: Calibri;\">http:\/\/news.fr.msn.com\/media\/article.aspx?cp-documentid=15319344<\/span><\/a><\/p>\n<p class=\"MsoNormal\" style=\"margin: 0cm 0cm 10pt;\"><span style=\"font-size: small; font-family: Calibri;\">\u00a0<\/span><\/p>\n<p class=\"MsoNormal\" style=\"margin: 0cm 0cm 10pt;\"><strong><span style=\"font-size: small;\"><span style=\"font-family: Calibri;\">Correspondant de guerre,RSF\u00a0,Anne Nivat,<\/span><\/span><\/strong><\/p>\n<p class=\"MsoNormal\" style=\"margin: 0cm 0cm 10pt;\"><span style=\"font-size: small; font-family: Calibri;\">La BD \u00ab\u00a0Correspondante de guerre\u00a0\u00bb d\u2019 Anne Nivat et Daphn\u00e9e Collignon(France 5 du 23\/3\/9)<\/span><\/p>\n<p class=\"MsoNormal\" style=\"margin: 0cm 0cm 10pt;\"><a href=\"http:\/\/kd2a.france2.fr\/bd\/index.php?page=bd-bande-dessinee-videos&amp;id_document=3975\"><span style=\"font-size: small; color: #0000ff; font-family: Calibri;\">http:\/\/kd2a.france2.fr\/bd\/index.php?page=bd-bande-dessinee-videos&amp;id_document=3975<\/span><\/a><\/p>\n<p class=\"MsoNormal\" style=\"margin: 0cm 0cm 10pt;\"><span style=\"font-size: small; font-family: Calibri;\">\u00a0<\/span><\/p>\n<p class=\"MsoNormal\" style=\"margin: 0cm 0cm 10pt; text-align: center;\" align=\"center\"><strong><span style=\"text-decoration: underline;\"><span style=\"font-size: small;\"><span style=\"font-family: Calibri;\">Sociologie de la presse<\/span><\/span><\/span><\/strong><\/p>\n<p class=\"MsoNormal\" style=\"margin: 0cm 0cm 10pt;\"><strong><span style=\"font-size: small;\"><span style=\"font-family: Calibri;\">Audience de la presse,Sociologie des lecteurs de presse,Ouest France,<\/span><\/span><\/strong><\/p>\n<p class=\"MsoNormal\" style=\"margin: 0cm 0cm 10pt;\"><span style=\"color: #444444;\"><span style=\"font-size: small; font-family: Calibri;\">Ouest France site \u00e9ducatif) Les chiffres d\u2019audience des marques de presse pourraient permettre de faire faire des graphiques aux \u00e9l\u00e8ves !<span style=\"mso-spacerun: yes;\">\u00a0 <\/span>+ et d\u2019observer les comportements de lecture&#8230;<br \/>\n&lt;<\/span><\/span><a href=\"http:\/\/www.pressemagazine.com\/audipresse\/media\/document\/epiq_communique_resultats_08.pdf\" target=\"_blank\"><span style=\"font-size: small; color: #0000ff; font-family: Calibri;\">http:\/\/www.pressemagazine.com\/audipresse\/media\/document\/epiq_communique_resultats_08.pdf<\/span><\/a><span style=\"color: #444444;\"><span style=\"font-size: small;\"><span style=\"font-family: Calibri;\">&gt;)<\/span><\/span><\/span><\/p>\n<p class=\"MsoNormal\" style=\"margin: 0cm 0cm 10pt;\"><span style=\"color: #444444;\"><span style=\"font-size: small;\"><span style=\"font-family: Calibri;\">Un post de Bernadette Couturier dans CDIDOC du 23\/3\/9<\/span><\/span><\/span><\/p>\n<p class=\"MsoNormal\" style=\"margin: 0cm 0cm 10pt;\"><span style=\"font-size: small; font-family: Calibri;\">\u00a0<\/span><\/p>\n<p class=\"MsoNormal\" style=\"margin: 0cm 0cm 10pt; text-align: center;\" align=\"center\"><strong><span style=\"text-decoration: underline;\"><span style=\"font-size: small;\"><span style=\"font-family: Calibri;\">Presse \u00e9crite<\/span><\/span><\/span><\/strong><\/p>\n<p class=\"MsoNormal\" style=\"margin: 0cm 0cm 10pt;\"><span style=\"font-size: small;\"><span style=\"font-family: Calibri;\"><strong>T\u00e9l\u00e9rama <\/strong>d\u00e9veloppe ses activit\u00e9s annexes et r\u00e9fl\u00e9chit \u00e0 une hausse des prix (AFP du 23\/3\/9)<\/span><\/span><\/p>\n<p class=\"MsoNormal\" style=\"margin: 0cm 0cm 10pt;\"><a href=\"http:\/\/www.google.com\/hostednews\/afp\/article\/ALeqM5itrJNnb2Tp3HMh1ZM4O70NhkCBkQ\"><span style=\"font-size: small; color: #0000ff; font-family: Calibri;\">http:\/\/www.google.com\/hostednews\/afp\/article\/ALeqM5itrJNnb2Tp3HMh1ZM4O70NhkCBkQ<\/span><\/a><\/p>\n<p class=\"MsoNormal\" style=\"margin: 0cm 0cm 10pt;\"><span style=\"font-size: small; font-family: Calibri;\">\u00a0<\/span><\/p>\n<p class=\"MsoNormal\" style=\"margin: 0cm 0cm 10pt;\"><strong><span style=\"font-size: small;\"><span style=\"font-family: Calibri;\">L\u2019Express<\/span><\/span><\/strong><\/p>\n<p class=\"MsoNormal\" style=\"margin: 0cm 0cm 10pt;\"><span style=\"font-size: small; font-family: Calibri;\">Le groupe flamand Roularta d\u00e9ment les rumeurs de vente de l\u2019Express(Le Monde du 23\/3\/9)<\/span><\/p>\n<p class=\"MsoNormal\" style=\"margin: 0cm 0cm 10pt;\"><a href=\"http:\/\/www.lemonde.fr\/actualite-medias\/article\/2009\/03\/23\/le-groupe-flamand-roularta-dement-les-rumeurs-de-revente-de-l-express_1171509_3236.html#ens_id=1171598\"><span style=\"font-size: small; color: #0000ff; font-family: Calibri;\">http:\/\/www.lemonde.fr\/actualite-medias\/article\/2009\/03\/23\/le-groupe-flamand-roularta-dement-les-rumeurs-de-revente-de-l-express_1171509_3236.html#ens_id=1171598<\/span><\/a><\/p>\n<p class=\"MsoNormal\" style=\"margin: 0cm 0cm 10pt;\"><span style=\"font-size: small; font-family: Calibri;\">\u00a0<\/span><\/p>\n<p class=\"MsoNormal\" style=\"margin: 0cm 0cm 10pt; text-align: center;\" align=\"center\"><strong><span style=\"text-decoration: underline;\"><span style=\"font-size: small;\"><span style=\"font-family: Calibri;\">M\u00e9dias et Internet<\/span><\/span><\/span><\/strong><\/p>\n<p class=\"MsoNormal\" style=\"margin: 0cm 0cm 10pt;\"><span style=\"font-size: small;\"><span style=\"font-family: Calibri;\"><strong>La presse internet<\/strong> va-t-elle supplanter la presse papier\u00a0? (RFI du 1\/3\/9)<\/span><\/span><\/p>\n<p class=\"MsoNormal\" style=\"margin: 0cm 0cm 10pt;\"><span style=\"font-size: small; font-family: Calibri;\">http:\/\/www.rfi.fr\/actufr\/articles\/111\/article_78827.asp<\/span><\/p>\n<p class=\"MsoNormal\" style=\"margin: 0cm 0cm 10pt;\"><strong><span style=\"font-size: small; font-family: Calibri;\">\u00a0<\/span><\/strong><\/p>\n<p class=\"MsoNormal\" style=\"margin: 0cm 0cm 10pt;\"><strong><span style=\"font-size: small;\"><span style=\"font-family: Calibri;\">Communication internet,You Tube,<\/span><\/span><\/strong><\/p>\n<p class=\"MsoNormal\" style=\"margin: 0cm 0cm 10pt;\"><span style=\"font-size: small; font-family: Calibri;\">Obama lance la diplomatie You Tube(MSN du 23\/3\/9)<\/span><\/p>\n<p class=\"MsoNormal\" style=\"margin: 0cm 0cm 10pt;\"><span style=\"font-size: small; font-family: Calibri;\">http:\/\/news.fr.msn.com\/multimedia\/article.aspx?cp-documentid=15300192<\/span><\/p>\n<p class=\"MsoNormal\" style=\"margin: 0cm 0cm 10pt;\"><span style=\"font-size: small; font-family: Calibri;\">\u00a0<\/span><\/p>\n<p class=\"MsoNormal\" style=\"margin: 0cm 0cm 10pt; text-align: center;\" align=\"center\"><strong><span style=\"text-decoration: underline;\"><span style=\"font-size: small;\"><span style=\"font-family: Calibri;\">Radio<\/span><\/span><\/span><\/strong><\/p>\n<p class=\"MsoNormal\" style=\"margin: 0cm 0cm 10pt;\"><span style=\"font-size: small;\"><span style=\"font-family: Calibri;\"><strong>France Inter<\/strong>, radio active(Le Monde du 23\/3\/9) et b\u00e9n\u00e9ficiant d\u2019une certaine libert\u00e9 d\u2019expression<\/span><\/span><\/p>\n<p class=\"MsoNormal\" style=\"margin: 0cm 0cm 10pt;\"><a href=\"http:\/\/www.lemonde.fr\/aujourd-hui\/article\/2009\/03\/23\/france-inter-radio-active_1171040_3238.html\"><span style=\"font-size: small; color: #0000ff; font-family: Calibri;\">http:\/\/www.lemonde.fr\/aujourd-hui\/article\/2009\/03\/23\/france-inter-radio-active_1171040_3238.html<\/span><\/a><\/p>\n<p class=\"MsoNormal\" style=\"margin: 0cm 0cm 10pt;\"><span style=\"font-size: small; font-family: Calibri;\">\u00a0<\/span><\/p>\n<p class=\"MsoNormal\" style=\"margin: 0cm 0cm 10pt; text-align: center;\" align=\"center\"><strong><span style=\"text-decoration: underline;\"><span style=\"font-size: small;\"><span style=\"font-family: Calibri;\">T\u00e9l\u00e9vision<\/span><\/span><\/span><\/strong><\/p>\n<p class=\"MsoNormal\" style=\"margin: 0cm 0cm 10pt;\"><strong><span style=\"font-size: small;\"><span style=\"font-family: Calibri;\">Cha\u00eene parlementaire,LCP-Assembl\u00e9e Nationale,Assembl\u00e9e Nationale,<\/span><\/span><\/strong><\/p>\n<p class=\"MsoNormal\" style=\"margin: 0cm 0cm 10pt;\"><span style=\"font-size: small; font-family: Calibri;\">Les candidats \u00e0 la pr\u00e9sidence de la cha\u00eene LCP-Assembl\u00e9e Nationale connus mardi 24 Mars 2009<\/span><\/p>\n<p class=\"MsoNormal\" style=\"margin: 0cm 0cm 10pt;\"><span style=\"font-size: small; font-family: Calibri;\">(MSN du 23\/3\/9)<\/span><\/p>\n<p class=\"MsoNormal\" style=\"margin: 0cm 0cm 10pt;\"><a href=\"http:\/\/news.fr.msn.com\/media\/article.aspx?cp-documentid=15329265\"><span style=\"font-size: small; color: #0000ff; font-family: Calibri;\">http:\/\/news.fr.msn.com\/media\/article.aspx?cp-documentid=15329265<\/span><\/a><\/p>\n<p class=\"MsoNormal\" style=\"margin: 0cm 0cm 10pt;\"><span style=\"font-size: small; font-family: Calibri;\">&#8212;&#8212;&#8212;&#8212;&#8212;&#8212;&#8212;&#8212;&#8212;&#8212;&#8212;&#8212;&#8212;&#8212;&#8212;&#8212;&#8212;&#8212;&#8212;&#8212;&#8212;&#8212;&#8212;&#8212;&#8212;&#8212;&#8212;&#8212;&#8212;&#8212;&#8212;&#8212;&#8212;&#8212;&#8212;&#8212;&#8212;&#8212;&#8212;&#8212;&#8212;&#8212;&#8212;&#8212;-<\/span><\/p>\n<p class=\"MsoNormal\" style=\"margin: 0cm 0cm 10pt; text-align: center;\" align=\"center\"><strong><span style=\"font-size: 20pt; line-height: 115%;\"><span style=\"font-family: Calibri;\">Veille Litt\u00e9rature<\/span><\/span><\/strong><\/p>\n<p class=\"MsoNormal\" style=\"margin: 0cm 0cm 10pt; text-align: center;\" align=\"center\"><strong><span style=\"font-size: 20pt; line-height: 115%;\"><span style=\"font-family: Calibri;\">Des adaptations TV ou cin\u00e9ma<\/span><\/span><\/strong><\/p>\n<p class=\"MsoNormal\" style=\"margin: 0cm 0cm 10pt;\"><span style=\"font-size: small; font-family: Calibri;\">\u00a0<\/span><\/p>\n<p class=\"MsoNormal\" style=\"margin: 0cm 0cm 10pt;\"><strong><span style=\"font-size: small;\"><span style=\"font-family: Calibri;\">Claude Gueux, Peine de mort, Victor Hugo,<\/span><\/span><\/strong><\/p>\n<p class=\"MsoNormal\" style=\"margin: 0cm 0cm 10pt;\"><span style=\"color: #444444; mso-bidi-font-family: 'Segoe UI';\"><span style=\"font-size: small; font-family: Calibri;\">Dans la s\u00e9rie \u00ab\u00a0contes et nouvelles du 19e si\u00e8cle\u00a0\u00bb, France 2 diffuse un t\u00e9l\u00e9film \u00ab\u00a0Claude Gueux\u00a0\u00bb d&rsquo;apr\u00e8s Victor Hugo, le mardi 31 Mars 2009 \u00e0 20h35<br \/>\navec Samuel Le Bihan<br \/>\n<\/span><\/span><a href=\"http:\/\/www.fernsehen.ch\/detail\/Contes+et+nouvelles+du+XIXe+si%E8cle\/3483422188.html\" target=\"_blank\"><span style=\"mso-bidi-font-family: 'Segoe UI';\"><span style=\"font-size: small; color: #0000ff; font-family: Calibri;\">http:\/\/www.fernsehen.ch\/detail\/Contes+et+nouvelles+du+XIXe+si%E8cle\/3483422188.html<\/span><\/span><\/a><span style=\"color: #444444; mso-bidi-font-family: 'Segoe UI';\"><br \/>\n<span style=\"font-size: small;\"><span style=\"font-family: Calibri;\">Un t\u00e9l\u00e9film sur la peine de mort, compl\u00e9mentaire de \u00ab\u00a0L&rsquo;Abolition\u00a0\u00bb diffus\u00e9e fin Janvier-d\u00e9but F\u00e9vrier 2009 \u00a0sur Robert Badinter<\/span><\/span><\/span><\/p>\n<p class=\"MsoNormal\" style=\"margin: 0cm 0cm 10pt;\"><span style=\"color: #444444; mso-bidi-font-family: 'Segoe UI';\"><span style=\"font-size: small; font-family: Calibri;\">\u00a0<\/span><\/span><\/p>\n<p class=\"MsoNormal\" style=\"margin: 0cm 0cm 10pt;\"><strong><span style=\"color: #444444; mso-bidi-font-family: 'Segoe UI';\"><span style=\"font-size: small;\"><span style=\"font-family: Calibri;\">Millenium,Adaptation cin\u00e9ma,<\/span><\/span><\/span><\/strong><\/p>\n<p class=\"MsoNormal\" style=\"margin: 0cm 0cm 10pt;\"><span style=\"color: #444444; mso-bidi-font-family: 'Segoe UI';\"><span style=\"font-size: small;\"><span style=\"font-family: Calibri;\">Les 3 tomes de Millenium seront finalement port\u00e9s sur grand \u00e9cran(Lib\u00e9ration-14h du 23\/3\/9)<\/span><\/span><\/span><\/p>\n<p class=\"MsoNormal\" style=\"margin: 0cm 0cm 10pt;\"><span style=\"color: #444444; mso-bidi-font-family: 'Segoe UI';\"><span style=\"font-size: small;\"><span style=\"font-family: Calibri;\">http:\/\/next.liberation.fr\/article\/les-trois-tomes-de-quot-millenium-quot-seront-portes-sur-grand-ecran?xtor=EPR-450206<\/span><\/span><\/span><\/p>\n<p class=\"MsoNormal\" style=\"margin: 0cm 0cm 10pt;\"><span style=\"color: #444444; mso-bidi-font-family: 'Segoe UI';\"><span style=\"font-size: small; font-family: Calibri;\">\u00a0<\/span><\/span><\/p>\n<p class=\"MsoNormal\" style=\"margin: 0cm 0cm 10pt; text-align: center;\" align=\"center\"><strong><span style=\"text-decoration: underline;\"><span style=\"color: #444444; mso-bidi-font-family: 'Segoe UI';\"><span style=\"font-size: small;\"><span style=\"font-family: Calibri;\">Th\u00e8me de Sangatte<\/span><\/span><\/span><\/span><\/strong><\/p>\n<p class=\"MsoNormal\" style=\"margin: 0cm 0cm 10pt;\"><strong><span style=\"color: #444444; mso-bidi-font-family: 'Segoe UI';\"><span style=\"font-size: small;\"><span style=\"font-family: Calibri;\">R\u00e9fugi\u00e9s,Sangatte,Welcome,Sangatte Express,<\/span><\/span><\/span><\/strong><\/p>\n<p class=\"MsoNormal\" style=\"margin: 0cm 0cm 10pt;\"><span style=\"color: #444444; mso-bidi-font-family: 'Segoe UI';\"><span style=\"font-size: small;\"><span style=\"font-family: Calibri;\">Pour compl\u00e9ter la projection du film r\u00e9cent \u00ab\u00a0Welcome\u00a0\u00bb sur les r\u00e9fugi\u00e9s de Sangatte, un roman jeunesse\u00a0:<\/span><\/span><\/span><\/p>\n<p class=\"MsoNormal\" style=\"margin: 0cm 0cm 10pt;\"><span style=\"color: #444444; mso-bidi-font-family: 'Segoe UI';\"><span style=\"font-size: small;\"><span style=\"font-family: Calibri;\">Alix, Cl\u00e9mence.- Sangatte Express.- Magnard.- (Dr\u00f4les de filles)<\/span><\/span><\/span><\/p>\n<p class=\"MsoNormal\" style=\"margin: 0cm 0cm 10pt;\"><span style=\"font-size: small;\"><span style=\"font-family: Calibri;\"><span style=\"color: #444444; mso-bidi-font-family: 'Segoe UI';\">http:\/\/www.choisirunlivre.com\/fiche_lecture.php?livre_id=3057<br \/>\n\u00a0<\/span>&#8212;&#8212;&#8212;&#8212;&#8212;&#8212;&#8212;&#8212;&#8212;&#8212;&#8212;&#8212;&#8212;&#8212;&#8212;&#8212;&#8212;&#8212;&#8212;&#8212;&#8212;&#8212;&#8212;&#8212;&#8212;&#8212;&#8212;&#8212;&#8212;&#8212;&#8212;&#8212;&#8212;&#8212;&#8212;&#8212;&#8212;&#8212;&#8212;&#8212;&#8212;&#8212;&#8212;&#8212;-<\/span><\/span><\/p>\n<p class=\"MsoNormal\" style=\"margin: 0cm 0cm 10pt; text-align: center;\" align=\"center\"><strong><span style=\"font-size: 18pt; line-height: 115%;\"><span style=\"font-family: Calibri;\">Veille Droit<\/span><\/span><\/strong><\/p>\n<p class=\"MsoNormal\" style=\"margin: 0cm 0cm 10pt;\"><strong><span style=\"font-size: small;\"><span style=\"font-family: Calibri;\">Lamy<\/span><\/span><\/strong><\/p>\n<p class=\"MsoNormal\" style=\"margin: 0cm 0cm 10pt;\"><span style=\"font-size: small; font-family: Calibri;\">Un blog sur les nouveaut\u00e9s des \u00e9ditions Lamy<\/span><\/p>\n<p class=\"MsoNormal\" style=\"margin: 0cm 0cm 10pt;\"><a href=\"http:\/\/www.lamyblog.fr\/\"><span style=\"font-size: small; color: #0000ff; font-family: Calibri;\">http:\/\/www.lamyblog.fr\/<\/span><\/a><\/p>\n<p class=\"MsoNormal\" style=\"margin: 0cm 0cm 10pt;\"><span style=\"font-size: small; font-family: Calibri;\">\u00a0<\/span><\/p>\n<p class=\"MsoNormal\" style=\"margin: 0cm 0cm 10pt;\"><span style=\"font-size: small;\"><span style=\"font-family: Calibri;\"><strong>Enl\u00e8vement d\u2019enfant<\/strong>\u00a0: des r\u00e8gles internationales complexes(Le Monde du 23\/3\/9)<\/span><\/span><\/p>\n<p class=\"MsoNormal\" style=\"margin: 0cm 0cm 10pt;\"><a href=\"http:\/\/www.lemonde.fr\/societe\/article\/2009\/03\/23\/enlevement-d-enfant-des-regles-internationales-complexes_1171685_3224.html#ens_id=1170750\"><span style=\"font-size: small; color: #0000ff; font-family: Calibri;\">http:\/\/www.lemonde.fr\/societe\/article\/2009\/03\/23\/enlevement-d-enfant-des-regles-internationales-complexes_1171685_3224.html#ens_id=1170750<\/span><\/a><\/p>\n<p class=\"MsoNormal\" style=\"margin: 0cm 0cm 10pt;\"><span style=\"font-size: small; font-family: Calibri;\">\u00a0<\/span><\/p>\n<p class=\"MsoNormal\" style=\"margin: 0cm 0cm 10pt;\"><strong><span style=\"font-size: small;\"><span style=\"font-family: Calibri;\">Loi Hadopi<\/span><\/span><\/strong><\/p>\n<p class=\"MsoNormal\" style=\"margin: 0cm 0cm 10pt;\"><span style=\"font-size: small; font-family: Calibri;\">Reprise d\u2019examen de la loi Hadopi(Lib\u00e9ration-14h, blog Ecrans.fr)<\/span><\/p>\n<p class=\"MsoNormal\" style=\"margin: 0cm 0cm 10pt;\"><a href=\"http:\/\/www.ecrans.fr\/Hadopi-Couic-ou-pas-Couic,6705.html?xtor=EPR-450206\"><span style=\"font-size: small; color: #0000ff; font-family: Calibri;\">http:\/\/www.ecrans.fr\/Hadopi-Couic-ou-pas-Couic,6705.html?xtor=EPR-450206<\/span><\/a><\/p>\n<p class=\"MsoNormal\" style=\"margin: 0cm 0cm 10pt;\"><span style=\"font-size: small; font-family: Calibri;\">\u00a0<\/span><\/p>\n<p class=\"MsoNormal\" style=\"margin: 0cm 0cm 10pt;\"><span style=\"font-size: small;\"><span style=\"font-family: Calibri;\"><strong>Cr\u00e9ation<span style=\"mso-spacerun: yes;\">\u00a0 <\/span>des <\/strong><strong><span style=\"mso-bidi-font-family: 'Segoe UI';\">Directions R\u00e9gionales de l&rsquo;Environnement, de l&rsquo;Am\u00e9nagement et du Logement<\/span><\/strong><\/span><\/span><\/p>\n<p class=\"MsoNormal\" style=\"margin: 0cm 0cm 10pt;\"><span style=\"mso-bidi-font-weight: bold; mso-bidi-font-family: 'Segoe UI';\"><span style=\"font-size: small;\"><span style=\"font-family: Calibri;\">Pour \u00e9laborer et mettre en \u0153uvre les politiques d\u2019environnement<\/span><\/span><\/span><\/p>\n<p class=\"MsoNormal\" style=\"margin: 0cm 0cm 10pt;\"><span style=\"font-size: small;\"><span style=\"font-family: Calibri;\"><span style=\"mso-bidi-font-weight: bold; mso-bidi-font-family: 'Segoe UI';\">(Newsletter Territorial-<\/span><span style=\"color: #444444; mso-bidi-font-family: 'Segoe UI';\">[lettre-interco] Lettre d&rsquo;information du r\u00e9seauintercommunalit\u00e9 151 &#8211; 23\/03\/2009<\/span><\/span><span style=\"color: #444444; font-family: &quot;Segoe UI&quot;,&quot;sans-serif&quot;;\">\u200f<\/span><\/span><\/p>\n<p class=\"MsoNormal\" style=\"margin: 0cm 0cm 10pt;\"><a href=\"http:\/\/www.territorial.fr\/TPL_CODE\/TPL_NWL_ART_FICHE\/PAR_TPL_IDENTIFIANT\/28384\/872-lettre-interco.htm\"><span style=\"font-size: small; color: #0000ff; font-family: Calibri;\">http:\/\/www.territorial.fr\/TPL_CODE\/TPL_NWL_ART_FICHE\/PAR_TPL_IDENTIFIANT\/28384\/872-lettre-interco.htm<\/span><\/a><\/p>\n<p class=\"MsoNormal\" style=\"margin: 0cm 0cm 10pt;\"><span style=\"font-size: small; font-family: Calibri;\">\u00a0<\/span><\/p>\n<p class=\"MsoNormal\" style=\"margin: 0cm 0cm 10pt; text-align: center;\" align=\"center\"><strong><span style=\"text-decoration: underline;\"><span style=\"font-size: small;\"><span style=\"font-family: Calibri;\">La confidentialit\u00e9, la cyber-surveillance\u00a0:<\/span><\/span><\/span><\/strong><\/p>\n<p class=\"MsoNormal\" style=\"margin: 0cm 0cm 10pt;\"><span style=\"font-size: small; font-family: Calibri;\">Avec la collaboration d\u2019Andr\u00e9 Montagne (LP Coton, \u00e0 N\u00e9ronde, Acad\u00e9mie de Lyon)<\/span><\/p>\n<p class=\"MsoNormal\" style=\"margin: 0cm 0cm 10pt;\"><span style=\"font-size: small; font-family: Calibri;\">La question de la confidentialit\u00e9<\/span><\/p>\n<p class=\"MsoNormal\" style=\"margin: 0cm 0cm 10pt;\"><a href=\"http:\/\/fr.wikipedia.org\/wiki\/Vie_priv%C3%A9e\" target=\"_blank\"><span style=\"font-size: small; color: #0000ff; font-family: Calibri;\">http:\/\/fr.wikipedia.org\/wiki\/Vie_priv%C3%A9e<\/span><\/a><span style=\"color: #444444;\"><\/span><\/p>\n<p class=\"MsoNormal\" style=\"margin: 0cm 0cm 10pt;\"><span style=\"color: #444444;\"><span style=\"font-size: small;\"><span style=\"font-family: Calibri;\">Les questions de secret de la correspondance<\/span><\/span><\/span><\/p>\n<p class=\"MsoNormal\" style=\"margin: 0cm 0cm 10pt;\"><a href=\"http:\/\/fr.wikipedia.org\/wiki\/Secret_de_la_correspondance\" target=\"_blank\"><span style=\"font-size: small; color: #0000ff; font-family: Calibri;\">http:\/\/fr.wikipedia.org\/wiki\/Secret_de_la_correspondance<\/span><\/a><span style=\"color: #444444;\"><\/span><\/p>\n<p class=\"MsoNormal\" style=\"margin: 0cm 0cm 10pt;\"><span style=\"color: #444444;\"><span style=\"font-size: small;\"><span style=\"font-family: Calibri;\">En milieu scolaire\u00a0:<\/span><\/span><\/span><\/p>\n<p class=\"MsoNormal\" style=\"margin: 0cm 0cm 10pt;\"><span style=\"color: #444444;\"><span style=\"font-size: small;\"><span style=\"font-family: Calibri;\">La circulaire 96-248 nous fait obligation de<span style=\"mso-spacerun: yes;\">\u00a0 <\/span>surveiller<span style=\"mso-spacerun: yes;\">\u00a0 <\/span>les \u00e9l\u00e8ves<span style=\"mso-spacerun: yes;\">\u00a0 <\/span>en cas de d\u00e9rapages on nous demandera les moyens que nous avons mis en<span style=\"mso-spacerun: yes;\">\u00a0 <\/span>oeuvre pour y r\u00e9pondre (obligation de moyen).<br \/>\n<span style=\"mso-spacerun: yes;\">\u00a0<\/span><\/span><\/span><\/span><a href=\"http:\/\/www.ac-creteil.fr\/eps\/TextesOfficiels\/securite\/251096bisc.html\" target=\"_blank\"><span style=\"font-size: small; color: #0000ff; font-family: Calibri;\">http:\/\/www.ac-creteil.fr\/eps\/TextesOfficiels\/securite\/251096bisc.html<\/span><\/a><span style=\"color: #444444;\"><br \/>\n<\/span><span style=\"font-size: small; font-family: Calibri;\">&#8212;&#8212;&#8212;&#8212;&#8212;&#8212;&#8212;&#8212;&#8212;&#8212;&#8212;&#8212;&#8212;&#8212;&#8212;&#8212;&#8212;&#8212;&#8212;&#8212;&#8212;&#8212;&#8212;&#8212;&#8212;&#8212;&#8212;&#8212;&#8212;&#8212;&#8212;&#8212;&#8212;&#8212;&#8212;&#8212;&#8212;&#8212;&#8212;&#8212;&#8212;&#8212;&#8212;&#8211;<\/span><\/p>\n<p class=\"MsoNormal\" style=\"margin: 0cm 0cm 10pt; text-align: center;\" align=\"center\"><strong><span style=\"font-size: 18pt; line-height: 115%;\"><span style=\"font-family: Calibri;\">Veille Crise boursi\u00e8re<\/span><\/span><\/strong><\/p>\n<p class=\"MsoNormal\" style=\"margin: 0cm 0cm 10pt; text-align: center;\" align=\"center\"><strong><span style=\"font-size: 18pt; line-height: 115%;\"><span style=\"font-family: Calibri;\">Le Petit Economiste<\/span><\/span><\/strong><\/p>\n<p class=\"MsoNormal\" style=\"margin: 0cm 0cm 10pt;\"><span style=\"font-size: small; font-family: Calibri;\">\u00a0<\/span><\/p>\n<p class=\"MsoNormal\" style=\"margin: 0cm 0cm 10pt; text-align: center;\" align=\"center\"><strong><span style=\"text-decoration: underline;\"><span style=\"font-size: small;\"><span style=\"font-family: Calibri;\">Les actifs toxiques ou actifs invendables<\/span><\/span><\/span><\/strong><\/p>\n<p class=\"MsoNormal\" style=\"margin: 0cm 0cm 10pt;\"><span style=\"font-size: small; font-family: Calibri;\">Etats-Unis\u00a0: le Tr\u00e9sor d\u00e9voile son plan de rachat des actifs invendables des banques(MSN du 23\/3\/9)<\/span><\/p>\n<p class=\"MsoNormal\" style=\"margin: 0cm 0cm 10pt;\"><a href=\"http:\/\/news.fr.msn.com\/eco\/article.aspx?cp-documentid=15322754\"><span style=\"font-size: small; color: #0000ff; font-family: Calibri;\">http:\/\/news.fr.msn.com\/eco\/article.aspx?cp-documentid=15322754<\/span><\/a><\/p>\n<p class=\"MsoNormal\" style=\"margin: 0cm 0cm 10pt;\"><span style=\"font-size: small; font-family: Calibri;\">\u00a0<\/span><\/p>\n<p class=\"MsoNormal\" style=\"margin: 0cm 0cm 10pt;\"><span style=\"font-size: small; font-family: Calibri;\">Les actifs toxiques sont des actifs financiers qu\u2019on ne peut vendre<\/span><\/p>\n<p class=\"MsoNormal\" style=\"margin: 0cm 0cm 10pt;\"><a href=\"http:\/\/definition.actufinance.fr\/actif-toxique-838\/\"><span style=\"font-size: small; color: #0000ff; font-family: Calibri;\">http:\/\/definition.actufinance.fr\/actif-toxique-838\/<\/span><\/a><\/p>\n<p class=\"MsoNormal\" style=\"margin: 0cm 0cm 10pt;\"><span style=\"font-size: small; font-family: Calibri;\">\u00a0<\/span><\/p>\n<p class=\"MsoNormal\" style=\"margin: 0cm 0cm 10pt; text-align: center;\" align=\"center\"><strong><span style=\"text-decoration: underline;\"><span style=\"font-size: small;\"><span style=\"font-family: Calibri;\">Les stock-options<\/span><\/span><\/span><\/strong><\/p>\n<p class=\"MsoNormal\" style=\"margin: 0cm 0cm 10pt;\"><span style=\"font-size: small; font-family: Calibri;\">Les stock-options offrent la possibilit\u00e9 au salari\u00e9 d\u2019acqu\u00e9rir des actions de sa soci\u00e9t\u00e9<\/span><\/p>\n<p class=\"MsoNormal\" style=\"margin: 0cm 0cm 10pt;\"><a href=\"http:\/\/www.dictionnaire-juridique.com\/definition\/option-stocks-options.php\"><span style=\"font-size: small; color: #0000ff; font-family: Calibri;\">http:\/\/www.dictionnaire-juridique.com\/definition\/option-stocks-options.php<\/span><\/a><\/p>\n<p class=\"MsoNormal\" style=\"margin: 0cm 0cm 10pt;\"><span style=\"font-size: small; font-family: Calibri;\">Dans Le Monde du 23\/3\/9<\/span><\/p>\n<p class=\"MsoNormal\" style=\"margin: 0cm 0cm 10pt;\"><a href=\"http:\/\/www.lemonde.fr\/economie\/article\/2009\/03\/23\/comment-fonctionnent-les-stock-options_1171689_3234.html#ens_id=1138923\"><span style=\"font-size: small; color: #0000ff; font-family: Calibri;\">http:\/\/www.lemonde.fr\/economie\/article\/2009\/03\/23\/comment-fonctionnent-les-stock-options_1171689_3234.html#ens_id=1138923<\/span><\/a><\/p>\n<p class=\"MsoNormal\" style=\"margin: 0cm 0cm 10pt;\"><span style=\"font-size: small; font-family: Calibri;\">Le gouvernement menace d\u2019une loi sur les stock-options(JDN Economie du 23\/3\/9)<\/span><\/p>\n<p class=\"MsoNormal\" style=\"margin: 0cm 0cm 10pt;\"><a href=\"http:\/\/www.journaldunet.com\/economie\/actualite\/depeche\/afp\/24\/626837\/france_apres_la_polemique_le_gouvernement_menace_d_une_loi_sur_les_stock-options.shtml\"><span style=\"font-size: small; color: #0000ff; font-family: Calibri;\">http:\/\/www.journaldunet.com\/economie\/actualite\/depeche\/afp\/24\/626837\/france_apres_la_polemique_le_gouvernement_menace_d_une_loi_sur_les_stock-options.shtml<\/span><\/a><\/p>\n<p class=\"MsoNormal\" style=\"margin: 0cm 0cm 10pt;\"><span style=\"font-size: small; font-family: Calibri;\">\u00a0<\/span><\/p>\n<p class=\"MsoNormal\" style=\"margin: 0cm 0cm 10pt;\"><span style=\"font-size: small; font-family: Calibri;\">R\u00e9mun\u00e9ration des dirigeants\u00a0: Christine Lagarde propose une loi(Le Figaro du 23\/3\/9)<\/span><\/p>\n<p class=\"MsoNormal\" style=\"margin: 0cm 0cm 10pt;\"><a href=\"http:\/\/www.lefigaro.fr\/societes\/2009\/03\/23\/04015-20090323ARTFIG00240-lagarde-prepare-une-loi-sur-les-remunerations-des-dirigeants-.php\"><span style=\"font-size: small; color: #0000ff; font-family: Calibri;\">http:\/\/www.lefigaro.fr\/societes\/2009\/03\/23\/04015-20090323ARTFIG00240-lagarde-prepare-une-loi-sur-les-remunerations-des-dirigeants-.php<\/span><\/a><\/p>\n<p class=\"MsoNormal\" style=\"margin: 0cm 0cm 10pt;\"><span style=\"font-size: small; font-family: Calibri;\">\u00a0<\/span><\/p>\n<p class=\"MsoNormal\" style=\"margin: 0cm 0cm 10pt; text-align: center;\" align=\"center\"><strong><span style=\"text-decoration: underline;\"><span style=\"font-size: small;\"><span style=\"font-family: Calibri;\">Social<\/span><\/span><\/span><\/strong><\/p>\n<p class=\"MsoNormal\" style=\"margin: 0cm 0cm 10pt;\"><strong><span style=\"font-size: small; font-family: Calibri;\">Ch\u00f4mage,Statistiques du ch\u00f4mage,<\/span><\/strong><\/p>\n<p class=\"MsoNormal\" style=\"margin: 0cm 0cm 10pt;\"><span style=\"font-size: small; font-family: Calibri;\">Une r\u00e9forme des statistiques va majorer le nombre de ch\u00f4meurs(Les Echos-France du 23\/3\/9)<\/span><\/p>\n<p class=\"MsoNormal\" style=\"margin: 0cm 0cm 10pt;\"><span style=\"font-size: small; font-family: Calibri;\">L\u2019indicateur mensuel va correspondre aux personnes n\u2019ayant pas du tout travaill\u00e9 et recherchant toute forme de contrat<\/span><\/p>\n<p class=\"MsoNormal\" style=\"margin: 0cm 0cm 10pt;\"><span style=\"font-size: small; font-family: Calibri;\">Les lettres A \u00e0 E remplacent les chiffres 1 \u00e0 8 pour les cat\u00e9gories de ch\u00f4meurs<\/span><\/p>\n<p class=\"MsoNormal\" style=\"margin: 0cm 0cm 10pt;\"><a href=\"http:\/\/www.lesechos.fr\/info\/france\/4844906.htm?xtor=EPR-1083\"><span style=\"font-size: small; color: #0000ff; font-family: Calibri;\">http:\/\/www.lesechos.fr\/info\/france\/4844906.htm?xtor=EPR-1083<\/span><\/a><\/p>\n<p class=\"MsoNormal\" style=\"margin: 0cm 0cm 10pt;\"><span style=\"font-size: small; font-family: Calibri;\">\u00a0<\/span><\/p>\n<p class=\"MsoNormal\" style=\"margin: 0cm 0cm 10pt;\"><strong><span style=\"font-size: small;\"><span style=\"font-family: Calibri;\">SMIC<\/span><\/span><\/strong><\/p>\n<p class=\"MsoNormal\" style=\"margin: 0cm 0cm 10pt;\"><span style=\"font-size: small; font-family: Calibri;\">Vers une hausse du SMIC sup\u00e9rieure \u00e0 1% (Les Echos-France du 23\/3\/9)<\/span><\/p>\n<p class=\"MsoNormal\" style=\"margin: 0cm 0cm 10pt;\"><span style=\"font-size: small; font-family: Calibri;\">http:\/\/www.lesechos.fr\/info\/france\/4844916.htm?xtor=EPR-1083<\/span><\/p>\n<p class=\"MsoNormal\" style=\"margin: 0cm 0cm 10pt;\"><span style=\"font-size: small; font-family: Calibri;\">&#8212;&#8212;&#8212;&#8212;&#8212;&#8212;&#8212;&#8212;&#8212;&#8212;&#8212;&#8212;&#8212;&#8212;&#8212;&#8212;&#8212;&#8212;&#8212;&#8212;&#8212;&#8212;&#8212;&#8212;&#8212;&#8212;&#8212;&#8212;&#8212;&#8212;&#8212;&#8212;&#8212;&#8212;&#8212;&#8212;&#8212;&#8212;&#8212;&#8212;&#8212;&#8212;&#8212;&#8212;-<\/span><\/p>\n<p class=\"MsoNormal\" style=\"margin: 0cm 0cm 10pt; text-align: center;\" align=\"center\"><strong><span style=\"font-size: 18pt; line-height: 115%;\"><span style=\"font-family: Calibri;\">Veille Sciences<\/span><\/span><\/strong><\/p>\n<p class=\"MsoNormal\" style=\"margin: 0cm 0cm 10pt;\"><strong><span style=\"font-size: small; font-family: Calibri;\">\u00a0<\/span><\/strong><\/p>\n<p class=\"MsoNormal\" style=\"margin: 0cm 0cm 10pt;\"><strong><span style=\"font-size: small;\"><span style=\"font-family: Calibri;\">R\u00e9chauffement climatique,Ecosyst\u00e8me marin,Phytoplancton,<\/span><\/span><\/strong><\/p>\n<p class=\"MsoNormal\" style=\"margin: 0cm 0cm 10pt;\"><span style=\"font-size: small; font-family: Calibri;\">Le phytoplancton gravement perturb\u00e9 par le r\u00e9chauffement climatique<\/span><\/p>\n<p class=\"MsoNormal\" style=\"margin: 0cm 0cm 10pt;\"><span style=\"font-size: small; font-family: Calibri;\">(Le Caf\u00e9 p\u00e9dagogique-L\u2019Expresso du 23\/3\/9)<\/span><\/p>\n<p class=\"MsoNormal\" style=\"margin: 0cm 0cm 10pt;\"><a href=\"http:\/\/www.bulletins-electroniques.com\/actualites\/58299.htm\"><span style=\"font-size: small; color: #0000ff; font-family: Calibri;\">http:\/\/www.bulletins-electroniques.com\/actualites\/58299.htm<\/span><\/a><\/p>\n<p class=\"MsoNormal\" style=\"margin: 0cm 0cm 10pt;\"><span style=\"font-size: small; font-family: Calibri;\">\u00a0<\/span><\/p>\n<p class=\"MsoNormal\" style=\"margin: 0cm 0cm 10pt;\"><strong><span style=\"font-size: small;\"><span style=\"font-family: Calibri;\">Cit\u00e9 des Sciences<\/span><\/span><\/strong><\/p>\n<p class=\"MsoNormal\" style=\"margin: 0cm 0cm 10pt;\"><span style=\"font-size: small; font-family: Calibri;\">R\u00e9novation de la Cit\u00e9 des Sciences(Le Monde du 23\/3\/9)<\/span><\/p>\n<p class=\"MsoNormal\" style=\"margin: 0cm 0cm 10pt;\"><span style=\"font-size: small; font-family: Calibri;\">http:\/\/www.lemonde.fr\/culture\/article\/2009\/03\/23\/renovation-de-la-cite-des-sciences_1171529_3246.html#ens_id=1171632<\/span><\/p>\n<p class=\"MsoNormal\" style=\"margin: 0cm 0cm 10pt;\"><span style=\"font-size: small; font-family: Calibri;\">&#8212;&#8212;&#8212;&#8212;&#8212;&#8212;&#8212;&#8212;&#8212;&#8212;&#8212;&#8212;&#8212;&#8212;&#8212;&#8212;&#8212;&#8212;&#8212;&#8212;&#8212;&#8212;&#8212;&#8212;&#8212;&#8212;&#8212;&#8212;&#8212;&#8212;&#8212;&#8212;&#8212;&#8212;&#8212;&#8212;&#8212;&#8212;&#8212;&#8212;&#8212;&#8212;&#8212;-<\/span><\/p>\n<p class=\"MsoNormal\" style=\"margin: 0cm 0cm 10pt; text-align: center;\" align=\"center\"><strong><span style=\"font-size: 18pt; line-height: 115%;\"><span style=\"font-family: Calibri;\">Veille Sant\u00e9<\/span><\/span><\/strong><\/p>\n<p class=\"MsoNormal\" style=\"margin: 0cm 0cm 10pt;\"><span style=\"font-size: small; font-family: Calibri;\">\u00a0<\/span><\/p>\n<p class=\"MsoNormal\" style=\"margin: 0cm 0cm 10pt;\"><strong><span style=\"font-size: small;\"><span style=\"font-family: Calibri;\">Neurosciences,Bio\u00e9thique,Centre d\u2019analyse strat\u00e9gique<\/span><\/span><\/strong><\/p>\n<p class=\"MsoNormal\" style=\"margin: 0cm 0cm 10pt;\"><span style=\"font-size: small; font-family: Calibri;\">Neurosciences et bio\u00e9thique, note du Centre d\u2019analyse strat\u00e9gique<\/span><\/p>\n<p class=\"MsoNormal\" style=\"margin: 0cm 0cm 10pt;\"><span style=\"font-size: small; font-family: Calibri;\">(Caf\u00e9 p\u00e9dagogique-L\u2019Expresso du 23\/3\/9)<\/span><\/p>\n<p class=\"MsoNormal\" style=\"margin: 0cm 0cm 10pt;\"><a href=\"http:\/\/www.strategie.gouv.fr\/IMG\/pdf\/NoteVeille128.pdf\"><span style=\"font-size: small; color: #0000ff; font-family: Calibri;\">http:\/\/www.strategie.gouv.fr\/IMG\/pdf\/NoteVeille128.pdf<\/span><\/a><\/p>\n<p class=\"MsoNormal\" style=\"margin: 0cm 0cm 10pt;\"><span style=\"font-size: small; font-family: Calibri;\">\u00a0<\/span><\/p>\n<p class=\"MsoNormal\" style=\"margin: 0cm 0cm 10pt;\"><strong><span style=\"font-size: small;\"><span style=\"font-family: Calibri;\">SIDA,Sidaction,<\/span><\/span><\/strong><\/p>\n<p class=\"MsoNormal\" style=\"margin: 0cm 0cm 10pt;\"><span style=\"font-size: small; font-family: Calibri;\">Sidaction\u00a0: 5,8<span style=\"mso-spacerun: yes;\">\u00a0 <\/span>millions d\u2019euros de promesses de dons(Lib\u00e9ration-8h du 23\/3\/9)<\/span><\/p>\n<p class=\"MsoNormal\" style=\"margin: 0cm 0cm 10pt;\"><a href=\"http:\/\/www.liberation.fr\/societe\/0101557324-sidaction-5-8-millions-d-euros-de-promesses-de-dons?xtor=EPR-450206\"><span style=\"font-size: small; color: #0000ff; font-family: Calibri;\">http:\/\/www.liberation.fr\/societe\/0101557324-sidaction-5-8-millions-d-euros-de-promesses-de-dons?xtor=EPR-450206<\/span><\/a><\/p>\n<p class=\"MsoNormal\" style=\"margin: 0cm 0cm 10pt;\"><span style=\"font-size: small; font-family: Calibri;\">\u00a0<\/span><\/p>\n<p class=\"MsoNormal\" style=\"margin: 0cm 0cm 10pt;\"><strong><span style=\"font-size: small;\"><span style=\"font-family: Calibri;\">Psychologie de l\u2019adolescent,<\/span><\/span><\/strong><\/p>\n<p class=\"MsoNormal\" style=\"margin: 0cm 0cm 10pt;\"><span style=\"font-size: small; font-family: Calibri;\">L\u2019inqui\u00e9tude des 15-20 ans sur leurs conditions de vie(20 Minutes du 23\/3\/9)<\/span><\/p>\n<p class=\"MsoNormal\" style=\"margin: 0cm 0cm 10pt;\"><a href=\"http:\/\/www.20minutes.fr\/article\/313453\/France-La-jeunesse-a-mal-a-son-avenir.php\"><span style=\"font-size: small; color: #0000ff; font-family: Calibri;\">http:\/\/www.20minutes.fr\/article\/313453\/France-La-jeunesse-a-mal-a-son-avenir.php<\/span><\/a><\/p>\n<p class=\"MsoNormal\" style=\"margin: 0cm 0cm 10pt;\"><span style=\"font-size: small; font-family: Calibri;\">\u00a0<\/span><\/p>\n<p class=\"MsoNormal\" style=\"margin: 0cm 0cm 10pt;\"><strong><span style=\"font-size: small;\"><span style=\"font-family: Calibri;\">Violence,Jeu vid\u00e9o,<\/span><\/span><\/strong><\/p>\n<p class=\"MsoNormal\" style=\"margin: 0cm 0cm 10pt;\"><span style=\"font-size: small; font-family: Calibri;\">Violence et jeux vid\u00e9o\u00a0: interdire n\u2019est pas une solution(MSN du 21\/3\/9)<\/span><\/p>\n<p class=\"MsoNormal\" style=\"margin: 0cm 0cm 10pt;\"><a href=\"http:\/\/news.fr.msn.com\/multimedia\/article.aspx?cp-documentid=15286784\"><span style=\"font-size: small; color: #0000ff; font-family: Calibri;\">http:\/\/news.fr.msn.com\/multimedia\/article.aspx?cp-documentid=15286784<\/span><\/a><\/p>\n<p class=\"MsoNormal\" style=\"margin: 0cm 0cm 10pt;\"><span style=\"font-size: small; font-family: Calibri;\">&#8212;&#8212;&#8212;&#8212;&#8212;&#8212;&#8212;&#8212;&#8212;&#8212;&#8212;&#8212;&#8212;&#8212;&#8212;&#8212;&#8212;&#8212;&#8212;&#8212;&#8212;&#8212;&#8212;&#8212;&#8212;&#8212;&#8212;&#8212;&#8212;&#8212;&#8212;&#8212;&#8212;&#8212;&#8212;&#8212;&#8212;&#8212;&#8212;&#8212;&#8212;&#8212;&#8212;<\/span><\/p>\n<p class=\"MsoNormal\" style=\"margin: 0cm 0cm 10pt;\"><span style=\"font-size: small; font-family: Calibri;\">Cordialement, Christine Griset, cyberveilleuse<\/span><\/p>\n<p class=\"MsoNormal\" style=\"margin: 0cm 0cm 10pt;\"><span style=\"font-size: small; font-family: Calibri;\">\u00a0<\/span><\/p>\n<p class=\"MsoNormal\" style=\"margin: 0cm 0cm 10pt;\"><span style=\"font-size: small; font-family: Calibri;\">\u00a0<\/span><\/p>\n<p class=\"MsoNormal\" style=\"margin: 0cm 0cm 10pt;\"><span style=\"font-size: small; font-family: Calibri;\">\u00a0<\/span><\/p>\n","protected":false},"excerpt":{"rendered":"<p>Christine veille pour 23 Mars 2009 Num\u00e9ro Sp\u00e9cial Semaine de la Presse ***Les rubriques du jour*** &#8212;&#8212;&#8212;&#8212;&#8212;&#8212;&#8212;&#8212;&#8212;&#8212;&#8212;&#8212;&#8212;&#8212;&#8212;&#8212;&#8212;&#8212;&#8212;&#8212;&#8212;&#8212;&#8212;&#8212;&#8212;&#8212;&#8212;&#8212;&#8212;&#8212;&#8212;&#8212;&#8212;&#8212;&#8212;&#8212;&#8212;&#8212;&#8212;&#8212;&#8212;&#8212;&#8212;&#8212;&#8211; Information(Services questions-r\u00e9ponses) Education Presse-M\u00e9dias(Sp\u00e9cial Semaine de la Presse) Litt\u00e9rature(Adaptations) Droit Crise boursi\u00e8re Sciences Sant\u00e9 &#8212;&#8212;&#8212;&#8212;&#8212;&#8212;&#8212;&#8212;&#8212;&#8212;&#8212;&#8212;&#8212;&#8212;&#8212;&#8212;&#8212;&#8212;&#8212;&#8212;&#8212;&#8212;&#8212;&#8212;&#8212;&#8212;&#8212;&#8212;&#8212;&#8212;&#8212;&#8212;&#8212;&#8212;&#8212;&#8212;&#8212;&#8212;&#8212;&#8212;&#8212;&#8212;&#8212;&#8211; Veille Information \u00a0 Les services de Questions-R\u00e9ponses \u00a0 Ruedesfacs, \u00a0un service de questions-r\u00e9ponses \u00e0 distance, propos\u00e9 par une douzaine de biblioth\u00e8ques parisiennes, gratuit &hellip; <\/p>\n<p class=\"link-more\"><a href=\"http:\/\/www.culturedel.info\/cactusacide\/?p=1040\" class=\"more-link\">Continuer la lecture<span class=\"screen-reader-text\"> de &laquo;&nbsp;Christine veille pour vous &#8211; le 23\/3\/9&nbsp;&raquo;<\/span><\/a><\/p>\n","protected":false},"author":13,"featured_media":0,"comment_status":"open","ping_status":"open","sticky":false,"template":"","format":"standard","meta":{"footnotes":""},"categories":[60],"tags":[14137,1650,14134,12941,4152,4440,14125,277,14141,14127,4109,1204,14112,14120,203,14129,14109,13211,13572,677,937,14123,10,2519,14118,14121,104,14116,14111,8207,835,4258,4735,10750,14107,14132,29,2612,5904,6386,14139,308,9,151,14130,14131,158,14114,8180,1386,1372,3823,2031,449,14135,95,1609,9162,14128,11126,14124,120,4313,1046,1245,14142,407,14110,14136,14106,10718,119,14108,466,14105,14115,14143,1583,1405,14117,1085,14122,711,14113,4842,14140,16,702,2444,4821,118,1816,490,4066,6357,13766,6356,14103,13909,14126,309,149,14133,22,14102,4730,14104,2626,7754,2285,9489,14119,14138,14071,3021,5179,25,1227,1466,4536,1653,13908,2207],"class_list":["post-1040","post","type-post","status-publish","format-standard","hentry","category-veille","tag-academie-de-lyon","tag-academie-de-versailles","tag-actif","tag-actif-toxique","tag-adaptation-cinematographique","tag-adaptation-televisee","tag-adaptation-television","tag-adolescent","tag-adolescent-et-crise-boursiere","tag-alix-clemence","tag-archives-de-lina","tag-assemblee-nationale","tag-atelier-radio-de-france-info","tag-audience-de-la-presse","tag-bioethique","tag-blog-du-lamy","tag-cddp-du-val-doise","tag-centre-danalyse-strategique","tag-chaine-parlementaire","tag-chomage","tag-cite-des-sciences","tag-claude-gueux","tag-clemi","tag-climat","tag-collignon-daphnee","tag-communication-internet","tag-confidentialite","tag-correspondant-de-guerre","tag-courbevoie","tag-courriel","tag-couturier-bernadette","tag-crise-boursiere","tag-crise-financiere","tag-cyber-surveillance","tag-degout-de-lecole","tag-direction-regionale-de-lenvironnement-de-lamenagement-et-du-logement","tag-droit","tag-droit-international","tag-droits-de-lhomme","tag-ecosysteme-marin","tag-ecosysteme-sous-marin","tag-education","tag-education-aux-medias","tag-eedd","tag-enlevement-denfant","tag-enlevement-denfant-droit-international","tag-etats-unis","tag-france-info","tag-france-inter","tag-grande-bretagne","tag-hebdomadaire","tag-hugo-victor","tag-ina","tag-information","tag-invendable","tag-jeu-video","tag-journaliste","tag-lagarde-christine","tag-lamy","tag-lcp-assemblee-nationale","tag-le-bihan-samuel","tag-liberte-de-la-presse","tag-liberte-dexpression","tag-litterature","tag-loi-hadopi","tag-lp-cotonneronde","tag-lycee","tag-lycee-lapiecourbevoie","tag-lycee-professionnel-cotonneronde","tag-lyceepourtous","tag-lexpress","tag-medias","tag-milan-jeunesse","tag-millenium","tag-monorientationenlignefr","tag-montagne-andre","tag-neronde","tag-neurologie","tag-neurosciences","tag-nivat-anne","tag-obama-barack","tag-obama-barack-communication-internet","tag-orientation","tag-pedagogie-de-la-presse","tag-peine-de-mort","tag-phytoplancton","tag-presse","tag-presse-ecrite","tag-presse-internet","tag-psychologie-de-ladolescent","tag-radio","tag-radio-france","tag-rechauffement-climatique","tag-refugies","tag-reporters-sans-frontieres","tag-riposte-graduee","tag-rsf","tag-ruedesfacs","tag-sangatte","tag-sangatte-express","tag-sante","tag-sciences","tag-secret-de-la-correspondance","tag-semaine-de-la-presse","tag-service-de-questions-reponses","tag-service-svp","tag-side","tag-sida","tag-sidaction","tag-smic","tag-social","tag-sociologie-de-la-presse","tag-statistiques-du-chomage","tag-stock-options","tag-telechargement-illegal","tag-telerama","tag-television","tag-tpe","tag-une","tag-vie-privee","tag-violence","tag-welcome","tag-youtube"],"_links":{"self":[{"href":"http:\/\/www.culturedel.info\/cactusacide\/index.php?rest_route=\/wp\/v2\/posts\/1040","targetHints":{"allow":["GET"]}}],"collection":[{"href":"http:\/\/www.culturedel.info\/cactusacide\/index.php?rest_route=\/wp\/v2\/posts"}],"about":[{"href":"http:\/\/www.culturedel.info\/cactusacide\/index.php?rest_route=\/wp\/v2\/types\/post"}],"author":[{"embeddable":true,"href":"http:\/\/www.culturedel.info\/cactusacide\/index.php?rest_route=\/wp\/v2\/users\/13"}],"replies":[{"embeddable":true,"href":"http:\/\/www.culturedel.info\/cactusacide\/index.php?rest_route=%2Fwp%2Fv2%2Fcomments&post=1040"}],"version-history":[{"count":1,"href":"http:\/\/www.culturedel.info\/cactusacide\/index.php?rest_route=\/wp\/v2\/posts\/1040\/revisions"}],"predecessor-version":[{"id":1041,"href":"http:\/\/www.culturedel.info\/cactusacide\/index.php?rest_route=\/wp\/v2\/posts\/1040\/revisions\/1041"}],"wp:attachment":[{"href":"http:\/\/www.culturedel.info\/cactusacide\/index.php?rest_route=%2Fwp%2Fv2%2Fmedia&parent=1040"}],"wp:term":[{"taxonomy":"category","embeddable":true,"href":"http:\/\/www.culturedel.info\/cactusacide\/index.php?rest_route=%2Fwp%2Fv2%2Fcategories&post=1040"},{"taxonomy":"post_tag","embeddable":true,"href":"http:\/\/www.culturedel.info\/cactusacide\/index.php?rest_route=%2Fwp%2Fv2%2Ftags&post=1040"}],"curies":[{"name":"wp","href":"https:\/\/api.w.org\/{rel}","templated":true}]}}