{"id":1117,"date":"2009-04-06T05:20:07","date_gmt":"2009-04-06T04:20:07","guid":{"rendered":"http:\/\/www.culturedel.info\/cactusacide\/?p=1117"},"modified":"2009-04-06T10:47:23","modified_gmt":"2009-04-06T09:47:23","slug":"christine-veille-pour-vous-le-549","status":"publish","type":"post","link":"http:\/\/www.culturedel.info\/cactusacide\/?p=1117","title":{"rendered":"Christine veille pour vous &#8211; le 5\/4\/9"},"content":{"rendered":"<div class=\"data\">\n<h4><a class=\"taggedlink\" rel=\"nofollow\" href=\"http:\/\/www.media-awareness.ca\/francais\/parents\/internet\/eparent.cfm?CFID=28115040&amp;CFTOKEN=30520756\">Un tutoriel canadien : devenir un e-parent pour surveiller les enfants et aussi mieux comprendre internet<\/a><\/h4>\n<\/div>\n<div class=\"tagdisplay\">\n<ul class=\"tag-chain\">\n<li class=\"tag-chain-item off first\"><a class=\"tag-chain-item-link noplay\" rel=\"tag\" href=\"http:\/\/delicious.com\/griset\/Dangersd%27internet\"><span class=\"tag-chain-item-span\">Dangersd&rsquo;internet<\/span><\/a><\/li>\n<li class=\"tag-chain-item off\"><a class=\"tag-chain-item-link noplay\" rel=\"tag\" href=\"http:\/\/delicious.com\/griset\/Tutoriel\"><span class=\"tag-chain-item-span\">Tutoriel<\/span><\/a><\/li>\n<li class=\"tag-chain-item off last\"><a class=\"tag-chain-item-link noplay\" rel=\"tag\" href=\"http:\/\/delicious.com\/griset\/Parent\"><span class=\"tag-chain-item-span\">Parent<\/span><\/a><\/li>\n<\/ul>\n<div class=\"data\">\n<h4><a class=\"taggedlink\" rel=\"nofollow\" href=\"http:\/\/www.lemonde.fr\/aujourd-hui\/article\/2009\/03\/30\/internet-operation-prevention_1173619_3238.html\">En coll\u00e8ge, une action de pr\u00e9vention sant\u00e9 contre la cyber-d\u00e9pendance et les dangers d\u2019Internet (Le Monde du 30\/3\/9)<\/a><\/h4>\n<\/div>\n<div class=\"tagdisplay\">\n<ul class=\"tag-chain\">\n<li class=\"tag-chain-item off first\"><a class=\"tag-chain-item-link noplay\" rel=\"tag\" href=\"http:\/\/delicious.com\/griset\/Coll%C3%A8ge\"><span class=\"tag-chain-item-span\">Coll\u00e8ge<\/span><\/a><\/li>\n<li class=\"tag-chain-item off\"><a class=\"tag-chain-item-link noplay\" rel=\"tag\" href=\"http:\/\/delicious.com\/griset\/Pr%C3%A9ventionsant%C3%A9\"><span class=\"tag-chain-item-span\">Pr\u00e9ventionsant\u00e9<\/span><\/a><\/li>\n<li class=\"tag-chain-item off\"><a class=\"tag-chain-item-link noplay\" rel=\"tag\" href=\"http:\/\/delicious.com\/griset\/Cyberd%C3%A9pendance\"><span class=\"tag-chain-item-span\">Cyberd\u00e9pendance<\/span><\/a><\/li>\n<li class=\"tag-chain-item off last\"><a class=\"tag-chain-item-link noplay\" rel=\"tag\" href=\"http:\/\/delicious.com\/griset\/Dangerd%27internet\"><span class=\"tag-chain-item-span\">Dangerd&rsquo;internet<\/span><\/a><\/li>\n<\/ul>\n<\/div>\n<div class=\"data\">\n<h4><a class=\"taggedlink\" rel=\"nofollow\" href=\"http:\/\/www.e24.fr\/hightech\/mediapub\/article77451.ece\">YouTube r\u00e9pond \u00e0 l\u2019ultimatum de la SACEM (20 Minutes du 5\/4\/9)<\/a><\/h4>\n<\/div>\n<div class=\"tagdisplay\">\n<ul class=\"tag-chain\">\n<li class=\"tag-chain-item off first\"><a class=\"tag-chain-item-link noplay\" rel=\"tag\" href=\"http:\/\/delicious.com\/griset\/YouTube\"><span class=\"tag-chain-item-span\">YouTube<\/span><\/a><\/li>\n<li class=\"tag-chain-item off\"><a class=\"tag-chain-item-link noplay\" rel=\"tag\" href=\"http:\/\/delicious.com\/griset\/SACEM\"><span class=\"tag-chain-item-span\">SACEM<\/span><\/a><\/li>\n<li class=\"tag-chain-item off\"><a class=\"tag-chain-item-link noplay\" rel=\"tag\" href=\"http:\/\/delicious.com\/griset\/Droitd%27auteur\"><span class=\"tag-chain-item-span\">Droitd&rsquo;auteur<\/span><\/a><\/li>\n<li class=\"tag-chain-item off last\"><a class=\"tag-chain-item-link noplay\" rel=\"tag\" href=\"http:\/\/delicious.com\/griset\/Droitsd%27auteur\"><span class=\"tag-chain-item-span\">Droitsd&rsquo;auteur<\/span><\/a><\/li>\n<\/ul>\n<div class=\"data\">\n<h4><a class=\"taggedlink\" rel=\"nofollow\" href=\"http:\/\/passouline.blog.lemonde.fr\/2009\/04\/04\/petits-et-grands-roberts-a-lassaut-de-la-toile\/\">Apr\u00e8s l\u2019\u00e9chec d\u2019Encarta, le Robert se lance \u00e0 son tour dans le march\u00e9 payant du dictionnaire\/encyclop\u00e9die informatique, calcul gagnant ou perdant ?<\/a><\/h4>\n<div class=\"description\">Un article du Monde dans le blog de P. Assouline du 4\/4\/9 : la R\u00e9publique des Livres<\/div>\n<\/div>\n<div class=\"tagdisplay\">\n<ul class=\"tag-chain\">\n<li class=\"tag-chain-item off first\"><a class=\"tag-chain-item-link noplay\" rel=\"tag\" href=\"http:\/\/delicious.com\/griset\/Encarta\"><span class=\"tag-chain-item-span\">Encarta<\/span><\/a><\/li>\n<li class=\"tag-chain-item off\"><a class=\"tag-chain-item-link noplay\" rel=\"tag\" href=\"http:\/\/delicious.com\/griset\/LeRobert\"><span class=\"tag-chain-item-span\">LeRobert<\/span><\/a><\/li>\n<li class=\"tag-chain-item off\"><a class=\"tag-chain-item-link noplay\" rel=\"tag\" href=\"http:\/\/delicious.com\/griset\/LeRobertenligne\"><span class=\"tag-chain-item-span\">LeRobertenligne<\/span><\/a><\/li>\n<li class=\"tag-chain-item off\"><a class=\"tag-chain-item-link noplay\" rel=\"tag\" href=\"http:\/\/delicious.com\/griset\/BlogdePassouline\"><span class=\"tag-chain-item-span\">BlogdePassouline<\/span><\/a><\/li>\n<li class=\"tag-chain-item off\"><a class=\"tag-chain-item-link noplay\" rel=\"tag\" href=\"http:\/\/delicious.com\/griset\/LaR%C3%A9publiquedesLettres\"><span class=\"tag-chain-item-span\">LaR\u00e9publiquedesLettres<\/span><\/a><\/li>\n<li class=\"tag-chain-item off\"><a class=\"tag-chain-item-link noplay\" rel=\"tag\" href=\"http:\/\/delicious.com\/griset\/Encyclop%C3%A9dieenligne\"><span class=\"tag-chain-item-span\">Encyclop\u00e9dieenligne<\/span><\/a><\/li>\n<li class=\"tag-chain-item off last\"><a class=\"tag-chain-item-link noplay\" rel=\"tag\" href=\"http:\/\/delicious.com\/griset\/Dictionnaireenligne\"><span class=\"tag-chain-item-span\">Dictionnaireenligne<\/span><\/a><\/li>\n<\/ul>\n<div class=\"data\">\n<h4><a class=\"taggedlink\" rel=\"nofollow\" href=\"http:\/\/www.lemonde.fr\/aujourd-hui\/article\/2009\/03\/30\/les-habits-de-cour-s-exposent-au-chateau-de-versailles_1174309_3238.html\">Les habits de cour s\u2019exposent au Ch\u00e2teau de Versailles (Le Monde du 31\/3\/9)<\/a><\/h4>\n<\/div>\n<div class=\"tagdisplay\">\n<ul class=\"tag-chain\">\n<li class=\"tag-chain-item off first\"><a class=\"tag-chain-item-link noplay\" rel=\"tag\" href=\"http:\/\/delicious.com\/griset\/Ch%C3%A2teaudeVersailles\"><span class=\"tag-chain-item-span\">Ch\u00e2teaudeVersailles<\/span><\/a><\/li>\n<li class=\"tag-chain-item off last\"><a class=\"tag-chain-item-link noplay\" rel=\"tag\" href=\"http:\/\/delicious.com\/griset\/Habitdecour\"><span class=\"tag-chain-item-span\">Habitdecour<\/span><\/a><\/li>\n<\/ul>\n<div class=\"data\">\n<h4><a class=\"taggedlink\" rel=\"nofollow\" href=\"http:\/\/www.lefigaro.fr\/culture\/2009\/04\/04\/03004-20090404ARTFIG00233-des-chateaux-de-la-loire-font-cause-commune-.php\">Les Ch\u00e2teaux de la Loire modernisent leur accueil et s\u2019unissent pour attirer les touristes (Le Figaro du 5\/4\/9)<\/a><\/h4>\n<\/div>\n<div class=\"tagdisplay\">\n<ul class=\"tag-chain\">\n<li class=\"tag-chain-item off first\"><a class=\"tag-chain-item-link noplay\" rel=\"tag\" href=\"http:\/\/delicious.com\/griset\/Ch%C3%A2teaudelaLoire\"><span class=\"tag-chain-item-span\">Ch\u00e2teaudelaLoire<\/span><\/a><\/li>\n<li class=\"tag-chain-item off\"><a class=\"tag-chain-item-link noplay\" rel=\"tag\" href=\"http:\/\/delicious.com\/griset\/Tourisme\"><span class=\"tag-chain-item-span\">Tourisme<\/span><\/a><\/li>\n<li class=\"tag-chain-item off last\"><a class=\"tag-chain-item-link noplay\" rel=\"tag\" href=\"http:\/\/delicious.com\/griset\/Renaissance\"><span class=\"tag-chain-item-span\">Renaissance<\/span><\/a><\/li>\n<\/ul>\n<div class=\"data\">\n<h4><a class=\"taggedlink\" rel=\"nofollow\" href=\"http:\/\/www.lefigaro.fr\/photos\/2009\/04\/03\/01013-20090403DIMWWW00370-arret-sur-image.php\">La s\u00e9lection photographie du Figaro Magazine du 5\/4\/9 (Le Figaro du 5\/4\/9)<\/a><\/h4>\n<\/div>\n<div class=\"tagdisplay\">\n<ul class=\"tag-chain\">\n<li class=\"tag-chain-item off first\"><a class=\"tag-chain-item-link noplay\" rel=\"tag\" href=\"http:\/\/delicious.com\/griset\/Photographie\"><span class=\"tag-chain-item-span\">Photographie<\/span><\/a><\/li>\n<li class=\"tag-chain-item off\"><a class=\"tag-chain-item-link noplay\" rel=\"tag\" href=\"http:\/\/delicious.com\/griset\/LeFigaro\"><span class=\"tag-chain-item-span\">LeFigaro<\/span><\/a><\/li>\n<li class=\"tag-chain-item off last\"><a class=\"tag-chain-item-link noplay\" rel=\"tag\" href=\"http:\/\/delicious.com\/griset\/Lecturedel%27image\"><span class=\"tag-chain-item-span\">Lecturedel&rsquo;image<\/span><\/a><\/li>\n<\/ul>\n<\/div>\n<div class=\"data\">\n<h4><a class=\"taggedlink\" rel=\"nofollow\" href=\"http:\/\/www.lemonde.fr\/aujourd-hui\/article\/2009\/03\/30\/yves-jeanneau_1173624_3238.html\">Arte s\u2019engage dans la production de documentaires (Le Monde du 30\/3\/9)<\/a><\/h4>\n<\/div>\n<div class=\"tagdisplay\">\n<ul class=\"tag-chain\">\n<li class=\"tag-chain-item off first\"><a class=\"tag-chain-item-link noplay\" rel=\"tag\" href=\"http:\/\/delicious.com\/griset\/Arte\"><span class=\"tag-chain-item-span\">Arte<\/span><\/a><\/li>\n<li class=\"tag-chain-item off last\"><a class=\"tag-chain-item-link noplay\" rel=\"tag\" href=\"http:\/\/delicious.com\/griset\/Filmdocumentaire\"><span class=\"tag-chain-item-span\">Filmdocumentaire<\/span><\/a><\/li>\n<\/ul>\n<div class=\"data\">\n<h4><a class=\"taggedlink\" rel=\"nofollow\" href=\"http:\/\/www.actualitte.com\/actualite\/9429-maison-ecrivains-litterature-Pennac-Assouline.htm\">Pennac, Dominique Fabre et Pierre Assouline partent \u00e0 la rencontre des jeunes : une initiative de la Maison des \u00e9crivains et de la litt\u00e9rature (Actualitt\u00e9 du 4-5\/4\/9, un post de Victor de Sepausy)<\/a><\/h4>\n<\/div>\n<p><a class=\"tag-chain-item-link noplay\" rel=\"tag\" href=\"http:\/\/delicious.com\/griset\/Visite\"><span class=\"tag-chain-item-span\">Visite<\/span><\/a><a class=\"tag-chain-item-link noplay\" rel=\"tag\" href=\"http:\/\/delicious.com\/griset\/d%E2%80%99%C3%A9crivain\"><span class=\"tag-chain-item-span\">d\u2019\u00e9crivain<\/span><\/a><\/p>\n<div class=\"tagdisplay\">\n<ul class=\"tag-chain\">\n<li class=\"tag-chain-item off\"><a class=\"tag-chain-item-link noplay\" rel=\"tag\" href=\"http:\/\/delicious.com\/griset\/Maison\"><span class=\"tag-chain-item-span\">Maison<\/span><\/a><\/li>\n<li class=\"tag-chain-item off\"><a class=\"tag-chain-item-link noplay\" rel=\"tag\" href=\"http:\/\/delicious.com\/griset\/des\"><span class=\"tag-chain-item-span\">des<\/span><\/a><\/li>\n<li class=\"tag-chain-item off\"><a class=\"tag-chain-item-link noplay\" rel=\"tag\" href=\"http:\/\/delicious.com\/griset\/Ecrivains\"><span class=\"tag-chain-item-span\">Ecrivains<\/span><\/a><\/li>\n<li class=\"tag-chain-item off\"><a class=\"tag-chain-item-link noplay\" rel=\"tag\" href=\"http:\/\/delicious.com\/griset\/PennacDaniel\"><span class=\"tag-chain-item-span\">PennacDaniel<\/span><\/a><\/li>\n<li class=\"tag-chain-item off\"><a class=\"tag-chain-item-link noplay\" rel=\"tag\" href=\"http:\/\/delicious.com\/griset\/AssoulinePierre\"><span class=\"tag-chain-item-span\">AssoulinePierre<\/span><\/a><\/li>\n<li class=\"tag-chain-item off\"><a class=\"tag-chain-item-link noplay\" rel=\"tag\" href=\"http:\/\/delicious.com\/griset\/FabreDominique\"><span class=\"tag-chain-item-span\">FabreDominique<\/span><\/a><\/li>\n<li class=\"tag-chain-item off\"><a class=\"tag-chain-item-link noplay\" rel=\"tag\" href=\"http:\/\/delicious.com\/griset\/Ecrivain\"><span class=\"tag-chain-item-span\">Ecrivain<\/span><\/a><\/li>\n<li class=\"tag-chain-item off last\"><a class=\"tag-chain-item-link noplay\" rel=\"tag\" href=\"http:\/\/delicious.com\/griset\/Maisondes%C3%A9crivainsetdelalitt%C3%A9rature\"><span class=\"tag-chain-item-span\">Maisondes\u00e9crivainsetdelalitt\u00e9rature<\/span><\/a><\/li>\n<\/ul>\n<\/div>\n<div class=\"data\">\n<h4><a class=\"taggedlink\" rel=\"nofollow\" href=\"http:\/\/www.actualitte.com\/actualite\/9437-glenat-anniversaire-manga-france-japon.htm\">Gl\u00e9nat f\u00eate les 20 ans du manga en France (Actualitt\u00e9 du 4-5\/4\/9)<\/a><\/h4>\n<\/div>\n<div class=\"tagdisplay\">\n<ul class=\"tag-chain\">\n<li class=\"tag-chain-item off first last\"><a class=\"tag-chain-item-link noplay\" rel=\"tag\" href=\"http:\/\/delicious.com\/griset\/Gl%C3%A9nat%2CBD%2CManga%2C\"><span class=\"tag-chain-item-span\">Gl\u00e9nat,BD,Manga,<\/span><\/a><\/li>\n<\/ul>\n<div class=\"data\">\n<h4><a class=\"taggedlink\" rel=\"nofollow\" href=\"http:\/\/pas%20de%20lien\/\">Inter CDI de Mars-Avril 2009 n\u00b0218(P. 10-30) : Sp\u00e9cial BD et Festival d\u2019Angoul\u00eame<\/a><\/h4>\n<div class=\"description\">\u2022\tUn article sur la BD cor\u00e9enne  \u2022<\/div>\n<div class=\"description\">Le label Quadrants (avec le fameux \u00ab Epervier \u00bb) http:\/\/www.quadrants.eu\/<\/div>\n<div class=\"description\">\u2022\tOp\u00e9ration mort, de Shigeru Mizuki http:\/\/fr.wikipedia.org\/wiki\/Shigeru_Mizuki<\/div>\n<div class=\"description\">\u2022\tNiimura(\u00e0 la fois espagnol et japonais), influenc\u00e9 par le manga, les comics et la BD europ\u00e9enne :  www.niimuraweb.com<\/div>\n<div class=\"description\">http:\/\/www.krinein.com\/ken-niimura-jm-l50103.html<\/div>\n<div class=\"description\">\u2022\tHiroshi Hirata : ma\u00eetre du gekiga, courant r\u00e9aliste du manga http:\/\/fr.wikipedia.org\/wiki\/Hiroshi_Hirata<\/div>\n<div class=\"description\">Le gekiga : http:\/\/www.bdtheque.com\/search.php?cboThemes=226&amp;chkDetails=on&amp;hidetop=1TAGS<\/div>\n<\/div>\n<div class=\"tagdisplay\">\n<ul class=\"tag-chain\">\n<li class=\"tag-chain-item off first\"><a class=\"tag-chain-item-link noplay\" rel=\"tag\" href=\"http:\/\/delicious.com\/griset\/BD\"><span class=\"tag-chain-item-span\">BD<\/span><\/a><\/li>\n<li class=\"tag-chain-item off\"><a class=\"tag-chain-item-link noplay\" rel=\"tag\" href=\"http:\/\/delicious.com\/griset\/BDcor%C3%A9enne\"><span class=\"tag-chain-item-span\">BDcor\u00e9enne<\/span><\/a><\/li>\n<li class=\"tag-chain-item off\"><a class=\"tag-chain-item-link noplay\" rel=\"tag\" href=\"http:\/\/delicious.com\/griset\/Quadrants\"><span class=\"tag-chain-item-span\">Quadrants<\/span><\/a><\/li>\n<li class=\"tag-chain-item off\"><a class=\"tag-chain-item-link noplay\" rel=\"tag\" href=\"http:\/\/delicious.com\/griset\/L%27Epervier\"><span class=\"tag-chain-item-span\">L&rsquo;Epervier<\/span><\/a><\/li>\n<li class=\"tag-chain-item off\"><a class=\"tag-chain-item-link noplay\" rel=\"tag\" href=\"http:\/\/delicious.com\/griset\/MizukiShigeru\"><span class=\"tag-chain-item-span\">MizukiShigeru<\/span><\/a><\/li>\n<li class=\"tag-chain-item off\"><a class=\"tag-chain-item-link noplay\" rel=\"tag\" href=\"http:\/\/delicious.com\/griset\/Niimura\"><span class=\"tag-chain-item-span\">Niimura<\/span><\/a><\/li>\n<li class=\"tag-chain-item off\"><a class=\"tag-chain-item-link noplay\" rel=\"tag\" href=\"http:\/\/delicious.com\/griset\/Manga\"><span class=\"tag-chain-item-span\">Manga<\/span><\/a><\/li>\n<li class=\"tag-chain-item off\"><a class=\"tag-chain-item-link noplay\" rel=\"tag\" href=\"http:\/\/delicious.com\/griset\/Comics\"><span class=\"tag-chain-item-span\">Comics<\/span><\/a><\/li>\n<li class=\"tag-chain-item off\"><a class=\"tag-chain-item-link noplay\" rel=\"tag\" href=\"http:\/\/delicious.com\/griset\/BDeurop%C3%A9enne\"><span class=\"tag-chain-item-span\">BDeurop\u00e9enne<\/span><\/a><\/li>\n<li class=\"tag-chain-item off\"><a class=\"tag-chain-item-link noplay\" rel=\"tag\" href=\"http:\/\/delicious.com\/griset\/Cor%C3%A9e\"><span class=\"tag-chain-item-span\">Cor\u00e9e<\/span><\/a><\/li>\n<li class=\"tag-chain-item off\"><a class=\"tag-chain-item-link noplay\" rel=\"tag\" href=\"http:\/\/delicious.com\/griset\/Flamenco\"><span class=\"tag-chain-item-span\">Flamenco<\/span><\/a><\/li>\n<li class=\"tag-chain-item off last\"><a class=\"tag-chain-item-link noplay\" rel=\"tag\" href=\"http:\/\/delicious.com\/griset\/Gekiga\"><span class=\"tag-chain-item-span\">Gekiga<\/span><\/a><\/li>\n<\/ul>\n<div class=\"data\">\n<h4><a class=\"taggedlink\" rel=\"nofollow\" href=\"http:\/\/www.actualitte.com\/actualite\/9412-epervier-mission-tome-route-Canada.htm\">L\u2019Epervier, T. 7 : en route pour le Qu\u00e9bec (Actualitt\u00e9 du 4-5\/4\/9)<\/a><\/h4>\n<\/div>\n<ul class=\"tag-chain\">\n<li class=\"tag-chain-item off first\"><a class=\"tag-chain-item-link noplay\" rel=\"tag\" href=\"http:\/\/delicious.com\/griset\/L%27Epervier\"><span class=\"tag-chain-item-span\">L&rsquo;Epervier<\/span><\/a><\/li>\n<li class=\"tag-chain-item off last\"><a class=\"tag-chain-item-link noplay\" rel=\"tag\" href=\"http:\/\/delicious.com\/griset\/EnroutepourleQu%C3%A9bec\"><span class=\"tag-chain-item-span\">EnroutepourleQu\u00e9bec<\/span><\/a><\/li>\n<\/ul>\n<div class=\"data\">\n<h4><a class=\"taggedlink\" rel=\"nofollow\" href=\"http:\/\/www.lemonde.fr\/elections-europeennes\/infographie\/2009\/04\/02\/la-situation-economique-des-vingt-sept-en-chiffres_1174515_1168667.html\">Avant les \u00e9lections, retour sur la situation \u00e9conomique des 27 pays de l\u2019Union europ\u00e9enne en chiffres (Le Monde du 2\/4\/9)<\/a><\/h4>\n<\/div>\n<div class=\"tagdisplay\">\n<ul class=\"tag-chain\">\n<li class=\"tag-chain-item off first\"><a class=\"tag-chain-item-link noplay\" rel=\"tag\" href=\"http:\/\/delicious.com\/griset\/Unioneurop%C3%A9enne\"><span class=\"tag-chain-item-span\">Unioneurop\u00e9enne<\/span><\/a><\/li>\n<li class=\"tag-chain-item off last\"><a class=\"tag-chain-item-link noplay\" rel=\"tag\" href=\"http:\/\/delicious.com\/griset\/Electionseurop%C3%A9ennes\"><span class=\"tag-chain-item-span\">Electionseurop\u00e9ennes<\/span><\/a><\/li>\n<\/ul>\n<div class=\"data\">\n<h4><a class=\"taggedlink\" rel=\"nofollow\" href=\"http:\/\/www.lemonde.fr\/europe\/article\/2009\/04\/04\/le-levier-gazier-russe-sur-l-europe-un-souci-americain_1176664_3214.html#ens_id=1176749\">Le levier gazier russe sur l\u2019Europe, un souci am\u00e9ricain (Le Monde du 4\/4\/9)<\/a><\/h4>\n<\/div>\n<div class=\"tagdisplay\">\n<ul class=\"tag-chain\">\n<li class=\"tag-chain-item off first\"><a class=\"tag-chain-item-link noplay\" rel=\"tag\" href=\"http:\/\/delicious.com\/griset\/Gaz\"><span class=\"tag-chain-item-span\">Gaz<\/span><\/a><\/li>\n<li class=\"tag-chain-item off last\"><a class=\"tag-chain-item-link noplay\" rel=\"tag\" href=\"http:\/\/delicious.com\/griset\/Russie\"><span class=\"tag-chain-item-span\">Russie<\/span><\/a><\/li>\n<\/ul>\n<div class=\"data\">\n<h4><a class=\"taggedlink\" rel=\"nofollow\" href=\"http:\/\/www.marianne2.fr\/Adam-Smith,-economiste-ou-philosophe_a177723.html\">Adam Smith, \u00e9conomiste ou philosophe ? (Marianne2 du 5\/4\/9), un post de Bernard Maris<\/a><\/h4>\n<div class=\"description\">Un des p\u00e8res du lib\u00e9ralisme<\/div>\n<div class=\"description\">http:\/\/www.evene.fr\/celebre\/biographie\/adam-smith-4401.php<\/div>\n<div class=\"description\">http:\/\/agora.qc.ca\/mot.nsf\/Dossiers\/Adam_Smith<\/div>\n<\/div>\n<div class=\"tagdisplay\">\n<ul class=\"tag-chain\">\n<li class=\"tag-chain-item off first\"><a class=\"tag-chain-item-link noplay\" rel=\"tag\" href=\"http:\/\/delicious.com\/griset\/Smithadam\"><span class=\"tag-chain-item-span\">Smithadam<\/span><\/a><\/li>\n<li class=\"tag-chain-item off\"><a class=\"tag-chain-item-link noplay\" rel=\"tag\" href=\"http:\/\/delicious.com\/griset\/Economiste\"><span class=\"tag-chain-item-span\">Economiste<\/span><\/a><\/li>\n<li class=\"tag-chain-item off\"><a class=\"tag-chain-item-link noplay\" rel=\"tag\" href=\"http:\/\/delicious.com\/griset\/Philosophe\"><span class=\"tag-chain-item-span\">Philosophe<\/span><\/a><\/li>\n<li class=\"tag-chain-item off last\"><a class=\"tag-chain-item-link noplay\" rel=\"tag\" href=\"http:\/\/delicious.com\/griset\/Lib%C3%A9ralisme\"><span class=\"tag-chain-item-span\">Lib\u00e9ralisme<\/span><\/a><\/li>\n<\/ul>\n<\/div>\n<div class=\"data\">\n<h4><a class=\"taggedlink\" rel=\"nofollow\" href=\"http:\/\/www.lemonde.fr\/economie\/article\/2009\/04\/04\/le-marche-des-obligations-privees-sur-un-nuage_1176694_3234.html\">Le march\u00e9 des obligations priv\u00e9es sur un nuage (Le Monde du 5\/4\/9)<\/a><\/h4>\n<\/div>\n<div class=\"tagdisplay\">\n<ul class=\"tag-chain\">\n<li class=\"tag-chain-item off first\"><a class=\"tag-chain-item-link noplay\" rel=\"tag\" href=\"http:\/\/delicious.com\/griset\/Criseboursi%C3%A8re\"><span class=\"tag-chain-item-span\">Criseboursi\u00e8re<\/span><\/a><\/li>\n<li class=\"tag-chain-item off\"><a class=\"tag-chain-item-link noplay\" rel=\"tag\" href=\"http:\/\/delicious.com\/griset\/Crisefinanci%C3%A8re\"><span class=\"tag-chain-item-span\">Crisefinanci\u00e8re<\/span><\/a><\/li>\n<li class=\"tag-chain-item off\"><a class=\"tag-chain-item-link noplay\" rel=\"tag\" href=\"http:\/\/delicious.com\/griset\/Bourse\"><span class=\"tag-chain-item-span\">Bourse<\/span><\/a><\/li>\n<li class=\"tag-chain-item off\"><a class=\"tag-chain-item-link noplay\" rel=\"tag\" href=\"http:\/\/delicious.com\/griset\/Obligation\"><span class=\"tag-chain-item-span\">Obligation<\/span><\/a><\/li>\n<li class=\"tag-chain-item off last\"><a class=\"tag-chain-item-link noplay\" rel=\"tag\" href=\"http:\/\/delicious.com\/griset\/Obligations\"><span class=\"tag-chain-item-span\">Obligations<\/span><\/a><\/li>\n<\/ul>\n<div class=\"data\">\n<h4><a class=\"taggedlink\" rel=\"nofollow\" href=\"http:\/\/www.leparisien.fr\/paris-75\/un-guide-pour-voir-la-foret-autrement-05-04-2009-467536.php\">Ecotourisme en for\u00eat de Fontainebleau (Le Parisien du 5\/4\/9)<\/a><\/h4>\n<div class=\"description\">Voir la for\u00eat autrement<\/div>\n<\/div>\n<div class=\"tagdisplay\">\n<ul class=\"tag-chain\">\n<li class=\"tag-chain-item off first\"><a class=\"tag-chain-item-link noplay\" rel=\"tag\" href=\"http:\/\/delicious.com\/griset\/Ecotourisme\"><span class=\"tag-chain-item-span\">Ecotourisme<\/span><\/a><\/li>\n<li class=\"tag-chain-item off\"><a class=\"tag-chain-item-link noplay\" rel=\"tag\" href=\"http:\/\/delicious.com\/griset\/EEDD\"><span class=\"tag-chain-item-span\">EEDD<\/span><\/a><\/li>\n<li class=\"tag-chain-item off\"><a class=\"tag-chain-item-link noplay\" rel=\"tag\" href=\"http:\/\/delicious.com\/griset\/For%C3%AAt\"><span class=\"tag-chain-item-span\">For\u00eat<\/span><\/a><\/li>\n<li class=\"tag-chain-item off\"><a class=\"tag-chain-item-link noplay\" rel=\"tag\" href=\"http:\/\/delicious.com\/griset\/For%C3%AAtdeFontainebleau\"><span class=\"tag-chain-item-span\">For\u00eatdeFontainebleau<\/span><\/a><\/li>\n<li class=\"tag-chain-item off\"><a class=\"tag-chain-item-link noplay\" rel=\"tag\" href=\"http:\/\/delicious.com\/griset\/Fontainebleau\"><span class=\"tag-chain-item-span\">Fontainebleau<\/span><\/a><\/li>\n<li class=\"tag-chain-item off last\"><a class=\"tag-chain-item-link noplay\" rel=\"tag\" href=\"http:\/\/delicious.com\/griset\/Iledefrance\"><span class=\"tag-chain-item-span\">Iledefrance<\/span><\/a><\/li>\n<\/ul>\n<\/div>\n<div class=\"data\">\n<h4><a class=\"taggedlink\" rel=\"nofollow\" href=\"http:\/\/www.futura-sciences.com\/fr\/news\/t\/developpement-durable-1\/d\/lameublement-durable-ca-existe_18827\/#xtor=RSS-8\">L\u2019ameublement durable, \u00e7a existe (Futura-Sciences Actualit\u00e9s du 5\/4\/9)<\/a><\/h4>\n<\/div>\n<div class=\"tagdisplay\">\n<ul class=\"tag-chain\">\n<li class=\"tag-chain-item off first\"><a class=\"tag-chain-item-link noplay\" rel=\"tag\" href=\"http:\/\/delicious.com\/griset\/EEDD\"><span class=\"tag-chain-item-span\">EEDD<\/span><\/a><\/li>\n<li class=\"tag-chain-item off\"><a class=\"tag-chain-item-link noplay\" rel=\"tag\" href=\"http:\/\/delicious.com\/griset\/Meuble\"><span class=\"tag-chain-item-span\">Meuble<\/span><\/a><\/li>\n<li class=\"tag-chain-item off\"><a class=\"tag-chain-item-link noplay\" rel=\"tag\" href=\"http:\/\/delicious.com\/griset\/Ameublementdurable\"><span class=\"tag-chain-item-span\">Ameublementdurable<\/span><\/a><\/li>\n<li class=\"tag-chain-item off last\"><a class=\"tag-chain-item-link noplay\" rel=\"tag\" href=\"http:\/\/delicious.com\/griset\/Ameublement\"><span class=\"tag-chain-item-span\">Ameublement<\/span><\/a><\/li>\n<\/ul>\n<\/div>\n<div class=\"tagdisplay\">\n<ul class=\"bookmarks NOTHUMB\">\n<form action=\"\/post\/bulkedit\" method=\"post\">\n<li class=\"post first isSelf\">\n<div class=\"bookmark NOTHUMB\">\n<div class=\"data\">\n<h4><a class=\"taggedlink\" rel=\"nofollow\" href=\"http:\/\/www.lefigaro.fr\/sciences\/2009\/04\/04\/01008-20090404ARTFIG00228-plus-de-filles-naissent-sous-le-soleil-des\">Le climat influe sur le sexe des b\u00e9b\u00e9s<\/a><\/h4>\n<\/div>\n<div class=\"tagdisplay\">\n<ul class=\"tag-chain\">\n<li class=\"tag-chain-item off first\"><a class=\"tag-chain-item-link noplay\" rel=\"tag\" href=\"http:\/\/delicious.com\/griset\/D%C3%A9terminationdusexe\"><span class=\"tag-chain-item-span\">D\u00e9terminationdusexe<\/span><\/a><\/li>\n<li class=\"tag-chain-item off\"><a class=\"tag-chain-item-link noplay\" rel=\"tag\" href=\"http:\/\/delicious.com\/griset\/Reproduction\"><span class=\"tag-chain-item-span\">Reproduction<\/span><\/a><\/li>\n<li class=\"tag-chain-item off last\"><a class=\"tag-chain-item-link noplay\" rel=\"tag\" href=\"http:\/\/delicious.com\/griset\/Climat\"><span class=\"tag-chain-item-span\">Climat<\/span><\/a><\/li>\n<\/ul>\n<\/div>\n<\/div>\n<\/li>\n<li class=\"post isSelf\">\n<div class=\"bookmark NOTHUMB\">\n<div class=\"data\">\n<h4><a class=\"taggedlink\" rel=\"nofollow\" href=\"http:\/\/www.lefigaro.fr\/sciences\/2009\/04\/04\/01008-20090404ARTFIG00231-des-cellules-souches-produites-sans-embryon-.php\">Des cellules souches produites sans embryon (Le Figaro du 5\/4\/9)<\/a><\/h4>\n<\/div>\n<div class=\"tagdisplay\">\n<ul class=\"tag-chain\">\n<li class=\"tag-chain-item off first\"><a class=\"tag-chain-item-link noplay\" rel=\"tag\" href=\"http:\/\/delicious.com\/griset\/G%C3%A9n%C3%A9tique\"><span class=\"tag-chain-item-span\">G\u00e9n\u00e9tique<\/span><\/a><\/li>\n<li class=\"tag-chain-item off\"><a class=\"tag-chain-item-link noplay\" rel=\"tag\" href=\"http:\/\/delicious.com\/griset\/Embryon\"><span class=\"tag-chain-item-span\">Embryon<\/span><\/a><\/li>\n<li class=\"tag-chain-item off last\"><a class=\"tag-chain-item-link noplay\" rel=\"tag\" href=\"http:\/\/delicious.com\/griset\/Cellulesouche\"><span class=\"tag-chain-item-span\">Cellulesouche<\/span><\/a><\/li>\n<\/ul>\n<\/div>\n<\/div>\n<\/li>\n<li class=\"post isSelf\">\n<div class=\"bookmark NOTHUMB\">\n<div class=\"data\">\n<h4><a class=\"taggedlink\" rel=\"nofollow\" href=\"http:\/\/www.lefigaro.fr\/actualite-france\/2009\/04\/04\/01016-20090404ARTFIG00229-le-portable-n-en-finit-pas-de-diviser-parents-et-ados-.php\">Le mobile divise parents et adolescents (Le Figaro du 5\/4\/9)<\/a><\/h4>\n<\/div>\n<div class=\"tagdisplay\">\n<ul class=\"tag-chain\">\n<li class=\"tag-chain-item off first\"><a class=\"tag-chain-item-link noplay\" rel=\"tag\" href=\"http:\/\/delicious.com\/griset\/Dangerdut%C3%A9l%C3%A9phoneportable\"><span class=\"tag-chain-item-span\">Dangerdut\u00e9l\u00e9phoneportable<\/span><\/a><\/li>\n<li class=\"tag-chain-item off\"><a class=\"tag-chain-item-link noplay\" rel=\"tag\" href=\"http:\/\/delicious.com\/griset\/Dangerdumobile\"><span class=\"tag-chain-item-span\">Dangerdumobile<\/span><\/a><\/li>\n<li class=\"tag-chain-item off\"><a class=\"tag-chain-item-link noplay\" rel=\"tag\" href=\"http:\/\/delicious.com\/griset\/Mobile\"><span class=\"tag-chain-item-span\">Mobile<\/span><\/a><\/li>\n<li class=\"tag-chain-item off\"><a class=\"tag-chain-item-link noplay\" rel=\"tag\" href=\"http:\/\/delicious.com\/griset\/T%C3%A9l%C3%A9phoneportable\"><span class=\"tag-chain-item-span\">T\u00e9l\u00e9phoneportable<\/span><\/a><\/li>\n<li class=\"tag-chain-item off last\"><a class=\"tag-chain-item-link noplay\" rel=\"tag\" href=\"http:\/\/delicious.com\/griset\/Parent\"><\/a><\/li>\n<\/ul>\n<\/div>\n<\/div>\n<\/li>\n<\/form>\n<\/ul>\n<\/div>\n<\/div>\n<\/div>\n<\/div>\n<\/div>\n<\/div>\n<\/div>\n<\/div>\n<\/div>\n<\/div>\n<\/div>\n<\/div>\n","protected":false},"excerpt":{"rendered":"<p>Un tutoriel canadien : devenir un e-parent pour surveiller les enfants et aussi mieux comprendre internet Dangersd&rsquo;internet Tutoriel Parent En coll\u00e8ge, une action de pr\u00e9vention sant\u00e9 contre la cyber-d\u00e9pendance et les dangers d\u2019Internet (Le Monde du 30\/3\/9) Coll\u00e8ge Pr\u00e9ventionsant\u00e9 Cyberd\u00e9pendance Dangerd&rsquo;internet YouTube r\u00e9pond \u00e0 l\u2019ultimatum de la SACEM (20 Minutes du 5\/4\/9) YouTube SACEM Droitd&rsquo;auteur &hellip; <\/p>\n<p class=\"link-more\"><a href=\"http:\/\/www.culturedel.info\/cactusacide\/?p=1117\" class=\"more-link\">Continuer la lecture<span class=\"screen-reader-text\"> de &laquo;&nbsp;Christine veille pour vous &#8211; le 5\/4\/9&nbsp;&raquo;<\/span><\/a><\/p>\n","protected":false},"author":13,"featured_media":0,"comment_status":"open","ping_status":"open","sticky":false,"template":"","format":"standard","meta":{"footnotes":""},"categories":[60],"tags":[14419,14420,5818,1669,14407,764,10470,3099,3377,3084,4258,4735,7747,14424,9928,14427,33,2470,14429,368,132,14421,2451,151,14416,5201,14406,14410,779,8761,4591,6934,14422,3449,2622,882,8170,14404,12034,1208,14428,1424,14409,14412,14398,14399,1769,609,8050,1046,218,14408,2653,119,11462,14425,78,14415,14417,14418,14413,711,10413,14401,176,16,14423,14397,343,328,14411,2857,14402,3462,664,309,5277,149,14414,686,14400,352,276,14426,8779,14405,14403,1988],"class_list":["post-1117","post","type-post","status-publish","format-standard","hentry","category-veille","tag-adam-smith","tag-ameublement","tag-angouleme","tag-arte","tag-assouline-pierre","tag-bd","tag-cellule-souche","tag-chateau-de-versailles","tag-chateaux-de-la-loire","tag-controle-parental","tag-crise-boursiere","tag-crise-financiere","tag-cyberdependance","tag-dangers-dinternet","tag-darwin-charles","tag-determination-du-sexe-de-lenfant","tag-droit-dauteur","tag-droits-dauteur","tag-e-parent","tag-economie-dentreprise","tag-economiste","tag-ecotourisme","tag-ecrivain","tag-eedd","tag-elections-europeennes","tag-embryon","tag-fabre-dominique","tag-festival-dangouleme","tag-film-documentaire","tag-flamenco","tag-fontainebleau","tag-foret","tag-foret-de-fontainebleau","tag-gaz","tag-genetique","tag-geographie","tag-glenat","tag-habit-de-cour","tag-hirata-hiroshi","tag-histoire","tag-innformation","tag-inter-cdi","tag-inter-cdi-n218-de-mars-avril-2009","tag-lepervier","tag-le-robert","tag-le-robert-en-ligne","tag-lecture-de-limage","tag-lettres","tag-liberalisme","tag-litterature","tag-lycee-professionnel","tag-maison-des-ecrivains-et-de-la-litterature","tag-manga","tag-medias","tag-meuble","tag-mobile-et-sante","tag-musee","tag-niimura","tag-obligation","tag-obligations","tag-operation-mort","tag-orientation","tag-pennac-daniel","tag-periode-de-formation-en-entreprise","tag-photographie","tag-presse","tag-prevention-sante","tag-psychologie-de-ladolescent","tag-psychologie-de-lenfant","tag-psychologie-sociale","tag-quadrants","tag-reproduction","tag-robin-bernadette","tag-russie","tag-sacem","tag-sante","tag-savoir-vivre","tag-sciences","tag-shigeru-mizuki","tag-stage","tag-stage-en-lycee-professionnel","tag-technologies","tag-telephone-portable","tag-telephone-portable-et-sante","tag-vie-de-bureau","tag-visite-decrivain","tag-winter-sophie","tag-you-tube"],"_links":{"self":[{"href":"http:\/\/www.culturedel.info\/cactusacide\/index.php?rest_route=\/wp\/v2\/posts\/1117","targetHints":{"allow":["GET"]}}],"collection":[{"href":"http:\/\/www.culturedel.info\/cactusacide\/index.php?rest_route=\/wp\/v2\/posts"}],"about":[{"href":"http:\/\/www.culturedel.info\/cactusacide\/index.php?rest_route=\/wp\/v2\/types\/post"}],"author":[{"embeddable":true,"href":"http:\/\/www.culturedel.info\/cactusacide\/index.php?rest_route=\/wp\/v2\/users\/13"}],"replies":[{"embeddable":true,"href":"http:\/\/www.culturedel.info\/cactusacide\/index.php?rest_route=%2Fwp%2Fv2%2Fcomments&post=1117"}],"version-history":[{"count":6,"href":"http:\/\/www.culturedel.info\/cactusacide\/index.php?rest_route=\/wp\/v2\/posts\/1117\/revisions"}],"predecessor-version":[{"id":1123,"href":"http:\/\/www.culturedel.info\/cactusacide\/index.php?rest_route=\/wp\/v2\/posts\/1117\/revisions\/1123"}],"wp:attachment":[{"href":"http:\/\/www.culturedel.info\/cactusacide\/index.php?rest_route=%2Fwp%2Fv2%2Fmedia&parent=1117"}],"wp:term":[{"taxonomy":"category","embeddable":true,"href":"http:\/\/www.culturedel.info\/cactusacide\/index.php?rest_route=%2Fwp%2Fv2%2Fcategories&post=1117"},{"taxonomy":"post_tag","embeddable":true,"href":"http:\/\/www.culturedel.info\/cactusacide\/index.php?rest_route=%2Fwp%2Fv2%2Ftags&post=1117"}],"curies":[{"name":"wp","href":"https:\/\/api.w.org\/{rel}","templated":true}]}}