{"id":1237,"date":"2009-04-24T21:18:52","date_gmt":"2009-04-24T20:18:52","guid":{"rendered":"http:\/\/www.culturedel.info\/cactusacide\/?p=1237"},"modified":"2009-04-24T21:18:52","modified_gmt":"2009-04-24T20:18:52","slug":"christine-veille-pour-vous-le-2349","status":"publish","type":"post","link":"http:\/\/www.culturedel.info\/cactusacide\/?p=1237","title":{"rendered":"Christine veille pour vous &#8211; le 23\/4\/9"},"content":{"rendered":"<ul class=\"bookmarks NOTHUMB\">\n<form action=\"\/post\/bulkedit\" method=\"post\">\n<li class=\"post first isSelf\">\n<div class=\"bookmark NOTHUMB\">\n<div class=\"data\">\n<h4><a class=\"taggedlink\" rel=\"nofollow\" href=\"http:\/\/www.neteco.com\/272236-ubuntu-9-04-jaunty-jackalope-gerry-carr-canonical.html?xtor=EPR-1\">Ubuntu 9.04 disponible (Net\u00e9co du 23\/4\/9)<\/a><\/h4>\n<div class=\"description\">Avec possibilit\u00e9 de t\u00e9l\u00e9charger Ubuntu<\/div>\n<\/div>\n<\/div>\n<\/li>\n<\/form>\n<li class=\"post first isSelf\"><\/li>\n<form action=\"\/post\/bulkedit\" method=\"post\">\n<li class=\"post isSelf\">\n<div class=\"bookmark NOTHUMB\">\n<div class=\"data\">\n<h4><a class=\"taggedlink\" rel=\"nofollow\" href=\"http:\/\/www.cndp.fr\/DossiersIE\/default.asp?page=65\/som65.asp\">Un des dossiers de l\u2019ing\u00e9nierie \u00e9ducative(N\u00b065, Mars 2009) consacr\u00e9 aux mondes virtuels<\/a><\/h4>\n<\/div>\n<\/div>\n<\/li>\n<\/form>\n<li class=\"post isSelf\"><\/li>\n<form action=\"\/post\/bulkedit\" method=\"post\">\n<li class=\"post isSelf\">\n<div class=\"bookmark NOTHUMB\">\n<div class=\"data\">\n<h4><a class=\"taggedlink\" rel=\"nofollow\" href=\"http:\/\/www.lefigaro.fr\/flash-actu\/2009\/04\/22\/01011-20090422FILWWW00603-enseignants-chercheurs-le-decret-valide.php\">Le d\u00e9cret instituant le statut des enseignants-chercheurs valid\u00e9 (Le Figaro du 23\/4\/9)<\/a><\/h4>\n<div class=\"description\">Ce d\u00e9cret instaure la possibilit\u00e9 de moduler le temps de travail d\u2019un enseignant entre cours, recherche et autres t\u00e2ches<\/div>\n<\/div>\n<\/div>\n<\/li>\n<\/form>\n<li class=\"post isSelf\"><\/li>\n<form action=\"\/post\/bulkedit\" method=\"post\">\n<li class=\"post isSelf\">\n<div class=\"bookmark NOTHUMB\">\n<div class=\"data\">\n<h4><a class=\"taggedlink\" rel=\"nofollow\" href=\"http:\/\/www.cndp.fr\/vei\/dossiers\/basedoc2\/presentation.htm\">Chansons au baccalaur\u00e9at 2009-2010 (Lettre du CNDP du 23\/4\/9) + Exploiter une base documentaire en Fran\u00e7ais<\/a><\/h4>\n<\/div>\n<div class=\"meta\">\n<div class=\"editdel\">\n<div class=\"deleteconfirmation hidden\"><a class=\"action deletecancel\" href=\"http:\/\/delicious.com\/post\/delete?url=http%3A%2F%2Fwww.cndp.fr%2Fvei%2Fdossiers%2Fbasedoc2%2Fpresentation.htm&amp;hash=c31da5bed21bb38a8532e21fd946f9d1&amp;key=t8NKJ1ijJV1gLn3OgXv_qZHTXC0-\"><br \/>\n<\/a><\/div>\n<\/div>\n<\/div>\n<\/div>\n<\/li>\n<li class=\"post isSelf\">\n<div class=\"bookmark NOTHUMB\">\n<div class=\"data\">\n<h4><a class=\"taggedlink\" rel=\"nofollow\" href=\"http:\/\/www.bienlire.education.fr\/04-media\/c-infonoteinfo0836.asp\">Les \u00e9valuations en lecture dans le cadre de la journ\u00e9e d\u2019appel de pr\u00e9paration \u00e0 la d\u00e9fense : Pour une pr\u00e9vention de l\u2019illettrisme (Lettre du CNDP du 23\/4\/9)<\/a><\/h4>\n<\/div>\n<\/div>\n<\/li>\n<\/form>\n<li class=\"post isSelf\"><\/li>\n<form action=\"\/post\/bulkedit\" method=\"post\">\n<li class=\"post isSelf\">\n<div class=\"bookmark NOTHUMB\">\n<div class=\"data\">\n<h4><a class=\"taggedlink\" rel=\"nofollow\" href=\"http:\/\/www.cndp.fr\/actualites\/default.asp?page=eleve\/livres\/L20090325.htm\">Le choix de La Joie par les Livres pour Mars 2009 : albums, contes, romans et documentaires (Lettre du CNDP du 23\/4\/9)<\/a><\/h4>\n<\/div>\n<\/div>\n<\/li>\n<li class=\"post isSelf\"><\/li>\n<li class=\"post isSelf\">\n<div class=\"bookmark NOTHUMB\">\n<div class=\"data\">\n<h4><a class=\"taggedlink\" rel=\"nofollow\" href=\"http:\/\/www.telerama.fr\/divers\/23649-.php\">La s\u00e9rie d\u2019anime pour filles : Nana (T\u00e9l\u00e9rama du 24\/12\/7)<\/a><\/h4>\n<div class=\"description\">A noter dans T\u00e9l\u00e9rama du 22\/4\/9 : un article sur les mangas pour filles (pas de lien disponible)<\/div>\n<\/div>\n<\/div>\n<\/li>\n<\/form>\n<li class=\"post isSelf\"><\/li>\n<form action=\"\/post\/bulkedit\" method=\"post\">\n<li class=\"post isSelf\">\n<div class=\"bookmark NOTHUMB\">\n<div class=\"data\">\n<h4><a class=\"taggedlink\" rel=\"nofollow\" href=\"http:\/\/www.animeka.com\/articles\/mangapourfilles.html\">AnimeKa Network : Articles : Les mangas pour filles shojo<\/a><\/h4>\n<\/div>\n<\/div>\n<\/li>\n<\/form>\n<li class=\"post isSelf\"><\/li>\n<form action=\"\/post\/bulkedit\" method=\"post\">\n<li class=\"post isSelf\">\n<div class=\"bookmark NOTHUMB\">\n<div class=\"data\">\n<h4><a class=\"taggedlink\" rel=\"nofollow\" href=\"http:\/\/www.telerama.fr\/livre\/spirou-flamme-olympique,41374.php#xtor=RSS-22\">Spirou groom toujours (T\u00e9l\u00e9rama du 8\/4\/9)<\/a><\/h4>\n<\/div>\n<\/div>\n<\/li>\n<\/form>\n<li class=\"post isSelf\"><\/li>\n<form action=\"\/post\/bulkedit\" method=\"post\">\n<li class=\"post last isSelf\">\n<div class=\"bookmark NOTHUMB\">\n<div class=\"data\">\n<h4><a class=\"taggedlink\" rel=\"nofollow\" href=\"http:\/\/www.telerama.fr\/livre\/spirou-groom-toujours-2-3-secrets-de-fabrication,41393.php#xtor=RSS-22\">Spirou : les secrets de fabrication (T\u00e9l\u00e9rama du 8\/4\/9)<\/a><\/h4>\n<\/div>\n<\/div>\n<\/li>\n<\/form>\n<li class=\"post last isSelf\"><\/li>\n<\/ul>\n<ul class=\"bookmarks NOTHUMB\">\n<form action=\"\/post\/bulkedit\" method=\"post\">\n<li class=\"post first isSelf\">\n<div class=\"bookmark NOTHUMB\">\n<div class=\"data\">\n<h4><a class=\"taggedlink\" rel=\"nofollow\" href=\"http:\/\/www.telerama.fr\/livre\/spirou-groom-toujours-3-3-le-defi-d-une-reprise,41444.php#xtor=RSS-22\">Spirou : le d\u00e9fi d\u2019une reprise (T\u00e9l\u00e9rama du 8\/4\/9)<\/a><\/h4>\n<\/div>\n<\/div>\n<\/li>\n<\/form>\n<li class=\"post first isSelf\"><\/li>\n<form action=\"\/post\/bulkedit\" method=\"post\">\n<li class=\"post isSelf\">\n<div class=\"bookmark NOTHUMB\">\n<div class=\"data\">\n<h4><a class=\"taggedlink\" rel=\"nofollow\" href=\"http:\/\/www.lesechos.fr\/info\/comm\/300344940.htm?xtor=EPR-1088\">La s\u00e9lection du 62e Festival de Cannes (Les Echos-Communication du 23\/4\/9)<\/a><\/h4>\n<\/div>\n<\/div>\n<\/li>\n<\/form>\n<li class=\"post isSelf\"><\/li>\n<form action=\"\/post\/bulkedit\" method=\"post\">\n<li class=\"post isSelf\">\n<div class=\"bookmark NOTHUMB\">\n<div class=\"data\">\n<h4><a class=\"taggedlink\" rel=\"nofollow\" href=\"http:\/\/www.lesechos.fr\/info\/comm\/300344937.htm?xtor=EPR-1088\">Festival de Cannes : les grands cin\u00e9astes d\u2019Europe et d\u2019Asie en force (Les Echos-Communication du 23\/4\/9)<\/a><\/h4>\n<\/div>\n<\/div>\n<\/li>\n<\/form>\n<li class=\"post isSelf\"><\/li>\n<form action=\"\/post\/bulkedit\" method=\"post\">\n<li class=\"post isSelf\">\n<div class=\"bookmark NOTHUMB\">\n<div class=\"data\">\n<h4><a class=\"taggedlink\" rel=\"nofollow\" href=\"http:\/\/www.lemonde.fr\/international\/article\/2009\/04\/23\/les-intouchables-indiens-sont-les-oublies-de-la-conference-sur-le-racisme-de-l-onu_1184685_3210.html#xtor=EPR-32280229-%5BNL_Titresdujour%5D-20090423-%5Bzonea%5D\">Les Intouchables indiens sont les oubli\u00e9s de la conf\u00e9rence sur le racisme de l\u2019ONU (Le Monde du 23\/4\/9)<\/a><\/h4>\n<\/div>\n<\/div>\n<\/li>\n<\/form>\n<li class=\"post isSelf\"><\/li>\n<form action=\"\/post\/bulkedit\" method=\"post\">\n<li class=\"post isSelf\">\n<div class=\"bookmark NOTHUMB\">\n<div class=\"data\">\n<h4><a class=\"taggedlink\" rel=\"nofollow\" href=\"http:\/\/www.linternaute.com\/argent\/bourse\/dossier\/comprendre-la-bourse\/comprendre-le-monde-de-la-bourse.shtml?f_id_newsletter=879\">Comprendre le monde de la Bourse (L\u2019Internaute-Argent du 23\/4\/9)<\/a><\/h4>\n<\/div>\n<\/div>\n<\/li>\n<\/form>\n<li class=\"post isSelf\"><\/li>\n<form action=\"\/post\/bulkedit\" method=\"post\">\n<li class=\"post isSelf\">\n<div class=\"bookmark NOTHUMB\">\n<div class=\"data\">\n<h4><a class=\"taggedlink\" rel=\"nofollow\" href=\"http:\/\/www.lesechos.fr\/info\/france\/reuters_00141503.htm?xtor=EPR-1083\">Le climat des affaires se d\u00e9grade dans le b\u00e2timent (Les Echos-France du 23\/4\/9)<\/a><\/h4>\n<\/div>\n<\/div>\n<\/li>\n<\/form>\n<li class=\"post isSelf\"><\/li>\n<form action=\"\/post\/bulkedit\" method=\"post\">\n<li class=\"post isSelf\">\n<div class=\"bookmark NOTHUMB\">\n<div class=\"data\">\n<h4><a class=\"taggedlink\" rel=\"nofollow\" href=\"http:\/\/www.lesechos.fr\/info\/france\/reuters_00141500.htm?xtor=EPR-1083\">Le climat des affaires dans les services au plus bas (Les Echos-France du 23\/4\/9)<\/a><\/h4>\n<\/div>\n<\/div>\n<\/li>\n<\/form>\n<li class=\"post isSelf\"><\/li>\n<form action=\"\/post\/bulkedit\" method=\"post\">\n<li class=\"post isSelf\">\n<div class=\"bookmark NOTHUMB\">\n<div class=\"data\">\n<h4><a class=\"taggedlink\" rel=\"nofollow\" href=\"http:\/\/www.lesechos.fr\/info\/france\/reuters_00141375.htm?xtor=EPR-1083\">L\u2019activit\u00e9 du secteur priv\u00e9 s\u2019est encore contract\u00e9e en avril 2009 mais \u00e0 un rythme moindre (Les Echos-France du 23\/4\/9)<\/a><\/h4>\n<\/div>\n<\/div>\n<\/li>\n<\/form>\n<li class=\"post isSelf\"><\/li>\n<form action=\"\/post\/bulkedit\" method=\"post\">\n<li class=\"post isSelf\">\n<div class=\"bookmark NOTHUMB\">\n<div class=\"data\">\n<h4><a class=\"taggedlink\" rel=\"nofollow\" href=\"http:\/\/www.journaldunet.com\/economie\/actualite\/depeche\/reuters\/24\/632680\/baisse_record_des_commandes_a_l_industrie_dans_la_zone_euro.shtml\">Baisse record des commandes \u00e0 l&rsquo;industrie dans la zone euro (JDN Economie du 23\/4\/9)<\/a><\/h4>\n<\/div>\n<div class=\"meta\"><\/div>\n<h5 class=\"tag-chain-label\"><\/h5>\n<\/div>\n<\/li>\n<li class=\"post last isSelf\">\n<div class=\"bookmark NOTHUMB\">\n<div class=\"data\">\n<h4><a class=\"taggedlink\" rel=\"nofollow\" href=\"http:\/\/www.la-croix.com\/article\/index.jsp?docId=2371600&amp;rubId=1096\">Les conflits sociaux et s\u00e9questrations en 7 points (La Croix du 23\/4\/9)<\/a><\/h4>\n<\/div>\n<\/div>\n<\/li>\n<li class=\"post last isSelf\">\n<div class=\"bookmark NOTHUMB\">\n<div class=\"data\"><\/div>\n<div class=\"tagdisplay\">\n<div class=\"data\"><\/div>\n<\/div>\n<\/div>\n<\/li>\n<li class=\"post last isSelf\">\n<div class=\"bookmark NOTHUMB\">\n<div class=\"tagdisplay\">\n<div class=\"data\">\n<h4><a class=\"taggedlink\" rel=\"nofollow\" href=\"http:\/\/www.lefigaro.fr\/vert\/2009\/04\/22\/01023-20090422ARTFIG00524-comment-rendre-votre-maison-verte-.php\">Comment rendre votre maison verte (Le Figaro du 23\/4\/9)<\/a><\/h4>\n<\/div>\n<\/div>\n<\/div>\n<\/li>\n<\/form>\n<li class=\"post last isSelf\">***************************************************************************************<\/li>\n<li class=\"post last isSelf\">Cordialement, Christine Griset, cyberveilleuse<\/li>\n<\/ul>\n","protected":false},"excerpt":{"rendered":"<p>Ubuntu 9.04 disponible (Net\u00e9co du 23\/4\/9) Avec possibilit\u00e9 de t\u00e9l\u00e9charger Ubuntu Un des dossiers de l\u2019ing\u00e9nierie \u00e9ducative(N\u00b065, Mars 2009) consacr\u00e9 aux mondes virtuels Le d\u00e9cret instituant le statut des enseignants-chercheurs valid\u00e9 (Le Figaro du 23\/4\/9) Ce d\u00e9cret instaure la possibilit\u00e9 de moduler le temps de travail d\u2019un enseignant entre cours, recherche et autres t\u00e2ches Chansons &hellip; <\/p>\n<p class=\"link-more\"><a href=\"http:\/\/www.culturedel.info\/cactusacide\/?p=1237\" class=\"more-link\">Continuer la lecture<span class=\"screen-reader-text\"> de &laquo;&nbsp;Christine veille pour vous &#8211; le 23\/4\/9&nbsp;&raquo;<\/span><\/a><\/p>\n","protected":false},"author":13,"featured_media":0,"comment_status":"open","ping_status":"open","sticky":false,"template":"","format":"standard","meta":{"footnotes":""},"categories":[60],"tags":[14598,3767,3299,436,14591,14592,346,14590,8788,764,1265,423,14606,14604,1664,84,14602,14601,14463,4258,4735,364,6428,14589,308,151,3480,976,14597,14596,1027,79,14605,2036,882,14595,2773,1208,6743,590,2888,449,14603,6041,14593,609,1046,14599,3876,2653,14594,1248,224,71,639,6883,723,3728,14600,5779,2682,9489,2708,352,3412,14588,14018,159,4987],"class_list":["post-1237","post","type-post","status-publish","format-standard","hentry","category-veille","tag-activite-pedagogique-sur-la-bd","tag-alphabetisation","tag-anime","tag-baccalaureat","tag-baccalaureat-2009","tag-baccalaureat-2010","tag-bande-dessinee","tag-base-documentaire","tag-batiment","tag-bd","tag-bourse","tag-btp","tag-cannes","tag-caste","tag-chanson","tag-cinema","tag-conference-sur-le-racisme","tag-conference-sur-le-racisme-de-lonu","tag-conflit-social","tag-crise-boursiere","tag-crise-financiere","tag-discrimination","tag-domotique","tag-dossiers-de-lingenierie-educative","tag-education","tag-eedd","tag-enseignant-chercheur","tag-euro","tag-fabrication-de-bande-dessinee","tag-fabrication-de-bd","tag-festival","tag-festival-de-cannes","tag-festival-de-cannes-2009","tag-finances","tag-geographie","tag-groom","tag-hall-de-la-chanson","tag-histoire","tag-illettrisme","tag-inde","tag-industrie","tag-information","tag-intouchables","tag-joie-par-les-livres","tag-journee-dappel-de-preparation-a-la-defense","tag-lettres","tag-litterature","tag-maison","tag-maison-verte","tag-manga","tag-manga-pour-fille","tag-monde-virtuel","tag-onu","tag-open-source","tag-racisme","tag-recherche-documentaire-informatisee","tag-recherche-scientifique","tag-secteur-prive","tag-sequestration","tag-services","tag-shojo","tag-social","tag-spirou","tag-technologies","tag-ubuntu","tag-ubuntu-904","tag-univers-virtuel","tag-universite","tag-zone-euro"],"_links":{"self":[{"href":"http:\/\/www.culturedel.info\/cactusacide\/index.php?rest_route=\/wp\/v2\/posts\/1237","targetHints":{"allow":["GET"]}}],"collection":[{"href":"http:\/\/www.culturedel.info\/cactusacide\/index.php?rest_route=\/wp\/v2\/posts"}],"about":[{"href":"http:\/\/www.culturedel.info\/cactusacide\/index.php?rest_route=\/wp\/v2\/types\/post"}],"author":[{"embeddable":true,"href":"http:\/\/www.culturedel.info\/cactusacide\/index.php?rest_route=\/wp\/v2\/users\/13"}],"replies":[{"embeddable":true,"href":"http:\/\/www.culturedel.info\/cactusacide\/index.php?rest_route=%2Fwp%2Fv2%2Fcomments&post=1237"}],"version-history":[{"count":9,"href":"http:\/\/www.culturedel.info\/cactusacide\/index.php?rest_route=\/wp\/v2\/posts\/1237\/revisions"}],"predecessor-version":[{"id":1246,"href":"http:\/\/www.culturedel.info\/cactusacide\/index.php?rest_route=\/wp\/v2\/posts\/1237\/revisions\/1246"}],"wp:attachment":[{"href":"http:\/\/www.culturedel.info\/cactusacide\/index.php?rest_route=%2Fwp%2Fv2%2Fmedia&parent=1237"}],"wp:term":[{"taxonomy":"category","embeddable":true,"href":"http:\/\/www.culturedel.info\/cactusacide\/index.php?rest_route=%2Fwp%2Fv2%2Fcategories&post=1237"},{"taxonomy":"post_tag","embeddable":true,"href":"http:\/\/www.culturedel.info\/cactusacide\/index.php?rest_route=%2Fwp%2Fv2%2Ftags&post=1237"}],"curies":[{"name":"wp","href":"https:\/\/api.w.org\/{rel}","templated":true}]}}