{"id":1267,"date":"2009-04-26T17:27:14","date_gmt":"2009-04-26T16:27:14","guid":{"rendered":"http:\/\/www.culturedel.info\/cactusacide\/?p=1267"},"modified":"2009-04-27T10:53:39","modified_gmt":"2009-04-27T09:53:39","slug":"christine-veille-pour-vous-le-2649","status":"publish","type":"post","link":"http:\/\/www.culturedel.info\/cactusacide\/?p=1267","title":{"rendered":"Christine veille pour vous &#8211; le 26\/4\/9"},"content":{"rendered":"<ul class=\"bookmarks NOTHUMB\">\n<form action=\"\/post\/bulkedit\" method=\"post\">\n<li class=\"post isSelf\">\n<div class=\"bookmark NOTHUMB\">\n<div class=\"tagdisplay\">\n<ul class=\"bookmarks NOTHUMB\">\n<li class=\"post first isSelf\">\n<div class=\"bookmark NOTHUMB\">\n<div class=\"data\">\n<h4><a class=\"taggedlink\" rel=\"nofollow\" href=\"http:\/\/www.telerama.fr\/scenes\/paris-sous-l-objectif-d-eggleston,42046.php\">Exposition William Eggleston \u00e0 la Fondation Cartier \u00e0 Paris, jusqu\u2019au 21\/6\/9  (T\u00e9l\u00e9rama du 26\/4\/9)<\/a><\/h4>\n<div class=\"description\">Une image d\u2019un Paris peu connu, des angles bizarres, des Parisiens fantasmatiques<\/div>\n<\/div>\n<div class=\"meta\"><\/div>\n<h5 class=\"tag-chain-label\"><\/h5>\n<\/div>\n<\/li>\n<li class=\"post isSelf\">\n<div class=\"bookmark NOTHUMB\">\n<div class=\"data\">\n<h4><a class=\"taggedlink\" rel=\"nofollow\" href=\"http:\/\/www.linternaute.com\/cinema\/film\/7987\/ensemble-c-est-tout.html\">Ce soir le 26\/4\/9 , sur TF1, \u00e0 20h50 : \u00ab Ensemble c\u2019est tout \u00bb(2007) de Claude Berri d\u2019apr\u00e8s Anna Gavalda, avec Audrey Tautou et Guillaume Canet<\/a><\/h4>\n<div class=\"description\">Un livre qui fonctionne bien en CDI de coll\u00e8ge-lyc\u00e9e. Y  sont aussi abord\u00e9es les causes des personnes \u00e2g\u00e9es et de la colocation (L\u2019Internaute-T\u00e9l\u00e9vision du 26\/4\/9)<\/div>\n<\/div>\n<div class=\"meta\"><\/div>\n<h5 class=\"tag-chain-label\"><\/h5>\n<\/div>\n<\/li>\n<li class=\"post isSelf\">\n<div class=\"bookmark NOTHUMB\">\n<div class=\"data\">\n<h4><a class=\"taggedlink\" rel=\"nofollow\" href=\"http:\/\/www.cinefil.com\/dossiers-cinema\/21-04-2009-interview-daniel-auteuil-nous-parl\">\u00ab Je l\u2019aimais \u00bb de Zabou Breitman d\u2019apr\u00e8s Anna Gavalda au cin\u00e9ma le 6 Mai 2009 avec Daniel Auteuil<\/a><\/h4>\n<\/div>\n<\/div>\n<\/li>\n<li class=\"post isSelf\">\n<div class=\"bookmark NOTHUMB\">\n<div class=\"data\">\n<h4><a class=\"taggedlink\" rel=\"nofollow\" href=\"http:\/\/www.actualitte.com\/actualite\/9956-Etonnants-voyageurs-festival-vingt-ans.htm\">Les Festival Etonnants voyageurs, 20 ans d\u00e9j\u00e0 Bient\u00f4t du 30 Mai au 1er Juin 2009 (Actualitt\u00e9 du 25-26\/4\/9, post de Victor de Sepausy)<\/a><\/h4>\n<div class=\"description\">Il mettra \u00e0 l\u2019honneur les s\u00e9ries t\u00e9l\u00e9vis\u00e9es am\u00e9ricaines, avec en plus un hommage \u00e0 Bertrand Tavernier. Caf\u00e9s litt\u00e9raires, d\u00e9bats et lectures \u00e9mailleront le festival. La nouvelle adresse : Association Etonnants Voyageurs, 24 avenue des Fran\u00e7ais Libres &#8211; 35000 Rennes.<\/div>\n<\/div>\n<div class=\"meta\"><\/div>\n<h5 class=\"tag-chain-label\"><\/h5>\n<\/div>\n<\/li>\n<li class=\"post isSelf\">\n<div class=\"bookmark NOTHUMB\">\n<div class=\"data\">\n<h4><a class=\"taggedlink\" rel=\"nofollow\" href=\"http:\/\/www.etonnants-voyageurs.com\/\">Etonnants-Voyageurs<\/a><\/h4>\n<h5 class=\"savers-label\"><\/h5>\n<\/div>\n<\/div>\n<\/li>\n<li class=\"post isSelf\">\n<div class=\"bookmark NOTHUMB\">\n<div class=\"data\">\n<h4><a class=\"taggedlink\" rel=\"nofollow\" href=\"http:\/\/www.actualitte.com\/actualite\/9960-lectures-numeriques-support-papier-delaume.htm\">Support num\u00e9rique ou papier, l\u2019important c\u2019est le texte, d\u2019apr\u00e8s l\u2019\u00e9crivain Chlo\u00e9 Delaume (Actualitt\u00e9 du 25-26\/4\/9, un post de Mario)<\/a><\/h4>\n<\/div>\n<div class=\"meta\"><\/div>\n<\/div>\n<\/li>\n<li class=\"post isSelf\"><\/li>\n<li class=\"post isSelf\">\n<div class=\"bookmark NOTHUMB\">\n<div class=\"data\">\n<h4><a class=\"taggedlink\" rel=\"nofollow\" href=\"http:\/\/www.actualitte.com\/actualite\/9959-trolls-legendes-imaginales-fantasy-auteurs.htm\">Voyage au pays de la Fantasy avec Trolls et L\u00e9gendes et Imaginales (Actualitt\u00e9 du 25-26\/4\/9, un post de Mario)<\/a><\/h4>\n<\/div>\n<div class=\"meta\"><\/div>\n<h5 class=\"tag-chain-label\"><\/h5>\n<\/div>\n<\/li>\n<li class=\"post isSelf\">\n<div class=\"bookmark NOTHUMB\">\n<div class=\"data\">\n<h4><a class=\"taggedlink\" rel=\"nofollow\" href=\"http:\/\/www.leshistoiressansfin.com\/Dernieres-news\/trolls-a-legendes-mons-2009.html\">Le Festival Trolls et L\u00e9gendes (Actualitt\u00e9 du 25-26\/4\/9, un post de Mario)<\/a><\/h4>\n<\/div>\n<div class=\"meta\"><\/div>\n<h5 class=\"tag-chain-label\"><\/h5>\n<\/div>\n<\/li>\n<li class=\"post isSelf\">\n<div class=\"bookmark NOTHUMB\">\n<div class=\"data\">\n<h4><a class=\"taggedlink\" rel=\"nofollow\" href=\"http:\/\/www.actualitte.com\/actualite\/9972-vis-miya-josei-manfra-pika.htm\">Vis-\u00e0-Vis tome 1 : le Josei Manga \u00e0 la fran\u00e7aise chez Pika (collection Shojo) 6,95 \u20ac (Actualitt\u00e9 du 25-26\/4\/9, un post de Mario)<\/a><\/h4>\n<div class=\"description\">Le 2e tome est d\u00e9j\u00e0 disponible. Petit pr\u00e9cis de vocabulaire manga = un josei, manga pour jeunes femmes. Shojo = manga pour fille. Manfra = manga r\u00e9alis\u00e9 par un auteur fran\u00e7ais.<\/div>\n<\/div>\n<\/div>\n<\/li>\n<li class=\"post last isSelf\">\n<div class=\"bookmark NOTHUMB\">\n<div class=\"data\"><\/div>\n<\/div>\n<\/li>\n<li class=\"post last isSelf\">\n<div class=\"bookmark NOTHUMB\">\n<div class=\"data\">\n<h4><a class=\"taggedlink\" rel=\"nofollow\" href=\"http:\/\/www.linguanet-europa.org\/plus\/welcome.htm\">Lingu@net Europa : un portail de ressources multilingue pour l\u2019acad\u00e9mie de Nantes<\/a><\/h4>\n<\/div>\n<div class=\"tagdisplay\">\n<ul class=\"bookmarks NOTHUMB\">\n<li class=\"post first isSelf\">\n<div class=\"bookmark NOTHUMB\">\n<div class=\"data\"><\/div>\n<\/div>\n<\/li>\n<li class=\"post first isSelf\">\n<div class=\"bookmark NOTHUMB\">\n<div class=\"data\">\n<h4><a class=\"taggedlink\" rel=\"nofollow\" href=\"http:\/\/www.lemonde.fr\/culture\/article\/2009\/04\/25\/toni-morrison-dans-toute-sa-gloire_1185409_3246.html\">Portrait de Toni Morrison, une femme impressionnante (Le Monde du 25\/4\/9)<\/a><\/h4>\n<\/div>\n<\/div>\n<\/li>\n<li class=\"post isSelf\">\n<div class=\"bookmark NOTHUMB\">\n<div class=\"data\"><\/div>\n<\/div>\n<\/li>\n<li class=\"post isSelf\">\n<div class=\"bookmark NOTHUMB\">\n<div class=\"data\">\n<h4><a class=\"taggedlink\" rel=\"nofollow\" href=\"http:\/\/www.elpais.com\/articulo\/gente\/Almodovar\/irrumpe\/television\/estadounidense\/elpepucul\/20090424elpepuage_5\/Tes\">Femmes au bord de la crise de nerfs d\u2019Almodovar devient, aux Etats-Unis, une s\u00e9rie de la Fox (El Pais du 24\/4\/9)<\/a><\/h4>\n<\/div>\n<\/div>\n<\/li>\n<li class=\"post isSelf\">\n<div class=\"bookmark NOTHUMB\">\n<div class=\"data\"><\/div>\n<\/div>\n<\/li>\n<li class=\"post isSelf\">\n<div class=\"bookmark NOTHUMB\">\n<div class=\"data\">\n<h4><a class=\"taggedlink\" rel=\"nofollow\" href=\"http:\/\/www.actualitte.com\/actualite\/9964-internet-archive-google-oeuvres-orphelines.htm\">Internet Archive a \u00e9t\u00e9 d\u00e9bout\u00e9 de sa demande pour modifier le droit des \u0153uvres orphelines, r\u00e9serv\u00e9 \u00e0 Google (Actualitt\u00e9 du 25-26\/4\/9, post de Nicolas G.)<\/a><\/h4>\n<\/div>\n<div class=\"meta\"><\/div>\n<\/div>\n<\/li>\n<li class=\"post isSelf\">\n<div class=\"bookmark NOTHUMB\">\n<div class=\"data\">\n<h4><a class=\"taggedlink\" rel=\"nofollow\" href=\"http:\/\/www.agorastore.fr\/\">Les Mairies ont aussi leur e-bay pour vendre le mat\u00e9riel neuf ou d\u2019occasion qu\u2019elles n\u2019utilisent plus.<\/a><\/h4>\n<div class=\"description\">Un argument qui marche en p\u00e9riode de crise. La ville de Meudon a ainsi vendu un bus, qui n\u2019\u00e9tait pas aux normes.<\/div>\n<\/div>\n<div class=\"meta\">\n<div class=\"editdel\">\n<ul class=\"bookmark-actions\"><\/ul>\n<\/div>\n<\/div>\n<\/div>\n<\/li>\n<li class=\"post isSelf\"><\/li>\n<li class=\"post isSelf\">\n<div class=\"bookmark NOTHUMB\">\n<div class=\"data\">\n<h4><a class=\"taggedlink\" rel=\"nofollow\" href=\"http:\/\/news.fr.msn.com\/multimedia\/article.aspx?cp-documentid=16377670\">Un logement intelligent pour veiller sur les personnes \u00e2g\u00e9es (MSN du 26\/4\/9)<\/a><\/h4>\n<\/div>\n<\/div>\n<\/li>\n<li class=\"post isSelf\">\n<div class=\"bookmark NOTHUMB\">\n<div class=\"data\"><\/div>\n<\/div>\n<\/li>\n<li class=\"post isSelf\">\n<div class=\"bookmark NOTHUMB\">\n<div class=\"data\">\n<h4><a class=\"taggedlink\" rel=\"nofollow\" href=\"http:\/\/www.verrerie-soisy.fr\/\">Une verrerie d\u2019art unique en Ile-de-France \u00e0 Soisy-sur-Ecole (Essonne)<\/a><\/h4>\n<div class=\"bookmark NOTHUMB\">Un site de vente directe d\u2019objets en verre, et un atelier de verrerie. Comment fabriquer un bougeoir ou un vide-poches par la technique du \u00ab fusing \u00bb : poser des bouts de verre color\u00e9s sur une plaque transparente. Les verres fusionnent apr\u00e8s \u00eatre pass\u00e9s au four et les dessins se gravent dans l\u2019objet. (cit\u00e9e dans Le Parisien du 25\/4\/9, sans lien).<\/p>\n<div class=\"data\"><\/div>\n<\/div>\n<\/div>\n<\/div>\n<\/li>\n<li class=\"post isSelf\"><\/li>\n<li class=\"post isSelf\">\n<div class=\"bookmark NOTHUMB\">\n<div class=\"data\">\n<div class=\"bookmark NOTHUMB\">\n<div class=\"data\">\n<h4><a class=\"taggedlink\" rel=\"nofollow\" href=\"http:\/\/pisani.blog.lemonde.fr\/2009\/04\/26\/comment-sinformer-sur-l%E2%80%99epidemie-de-grippe-porcine\/\">Grippe porcine : les sources d\u2019information (Le Monde du 26\/4\/9, blog Transnets de Francis Pisani)<\/a><\/h4>\n<\/div>\n<\/div>\n<\/div>\n<\/div>\n<\/li>\n<li class=\"post isSelf\"><\/li>\n<li class=\"post isSelf\">****************************************************************************************<\/li>\n<li class=\"post isSelf\">Cordialement, Christine Griset, cyberveilleuse<\/li>\n<\/ul>\n<\/div>\n<\/div>\n<\/li>\n<\/ul>\n<\/div>\n<\/div>\n<\/li>\n<\/form>\n<\/ul>\n","protected":false},"excerpt":{"rendered":"<p>Exposition William Eggleston \u00e0 la Fondation Cartier \u00e0 Paris, jusqu\u2019au 21\/6\/9 (T\u00e9l\u00e9rama du 26\/4\/9) Une image d\u2019un Paris peu connu, des angles bizarres, des Parisiens fantasmatiques Ce soir le 26\/4\/9 , sur TF1, \u00e0 20h50 : \u00ab Ensemble c\u2019est tout \u00bb(2007) de Claude Berri d\u2019apr\u00e8s Anna Gavalda, avec Audrey Tautou et Guillaume Canet Un livre &hellip; <\/p>\n<p class=\"link-more\"><a href=\"http:\/\/www.culturedel.info\/cactusacide\/?p=1267\" class=\"more-link\">Continuer la lecture<span class=\"screen-reader-text\"> de &laquo;&nbsp;Christine veille pour vous &#8211; le 26\/4\/9&nbsp;&raquo;<\/span><\/a><\/p>\n","protected":false},"author":13,"featured_media":0,"comment_status":"open","ping_status":"open","sticky":false,"template":"","format":"standard","meta":{"footnotes":""},"categories":[60],"tags":[9554,14690,4152,14692,12039,11110,173,1013,7193,14714,14694,764,10922,14509,14688,14713,14693,4411,14710,1560,14711,6745,4258,4735,11090,6428,29,73,1271,14706,14709,2965,1361,158,14715,14707,2448,1027,14717,14708,14698,5985,668,14684,822,14716,449,13135,14712,14704,1217,389,1769,4582,609,14700,1046,3297,448,2592,14611,2900,14599,14705,14702,1514,14696,14695,14699,12988,5984,11997,14697,416,1694,176,14703,14701,1079,12299,2682,14687,9540,5870,12004,4228,14718,14691,4920,14685,14686,14689,14719,248],"class_list":["post-1267","post","type-post","status-publish","format-standard","hentry","category-veille","tag-academie-de-nantes","tag-accessibilite","tag-adaptation-cinematographique","tag-agorastore","tag-ajouter-un-mot-clef","tag-almodovar-pedro","tag-anglais-langue","tag-animal","tag-artisanat","tag-auteuil-daniel","tag-autobus","tag-bd","tag-berri-claude","tag-blog-transnets-de-francis-pisani","tag-bougeoir","tag-breitman-zabou","tag-bus","tag-cafe-litteraire","tag-canet-guillaume","tag-collectivite-territoriale","tag-colocation","tag-concours-de-nouvelles","tag-crise-boursiere","tag-crise-financiere","tag-delaume-chloe","tag-domotique","tag-droit","tag-droit-de-linformation","tag-e-bay","tag-eggleston-william","tag-ensemble-cest-tout","tag-espagnol","tag-essonne","tag-etats-unis","tag-etonnants-voyageurs","tag-fantasmatique","tag-femmes-au-bord-de-la-crise-de-nerfs","tag-festival","tag-festival-trolls-et-legendes","tag-fondation-cartier","tag-fox","tag-gavalda-anna","tag-google","tag-grippe-porcine","tag-handicap","tag-imaginale","tag-information","tag-internet-archive","tag-je-laimais","tag-josei","tag-langue-etrangere","tag-langue-vivante","tag-lecture-de-limage","tag-legende","tag-lettres","tag-lingunet-europa","tag-litterature","tag-litterature-americaine","tag-litterature-de-jeunesse","tag-livre-numerique","tag-livre-papier","tag-mairie","tag-maison","tag-manfra","tag-manga-pour-jeunes-femmes","tag-mario","tag-materiel-doccasion","tag-meudon","tag-morrison-toni","tag-nicolas-g","tag-nouvelle","tag-occasion","tag-oeuvre-orpheline","tag-paris","tag-personne-agee","tag-photographie","tag-pika","tag-portail-multilingue","tag-rennes","tag-sepausy-victor-de","tag-shojo","tag-soisy-sur-ecole","tag-tautou-audrey","tag-tavernier-bertrand","tag-transnets","tag-troll","tag-trolls-et-legendes","tag-vente-doccasion","tag-verre","tag-verrerie","tag-verrerie-dart","tag-vide-poches","tag-vis-a-vis","tag-voyage"],"_links":{"self":[{"href":"http:\/\/www.culturedel.info\/cactusacide\/index.php?rest_route=\/wp\/v2\/posts\/1267","targetHints":{"allow":["GET"]}}],"collection":[{"href":"http:\/\/www.culturedel.info\/cactusacide\/index.php?rest_route=\/wp\/v2\/posts"}],"about":[{"href":"http:\/\/www.culturedel.info\/cactusacide\/index.php?rest_route=\/wp\/v2\/types\/post"}],"author":[{"embeddable":true,"href":"http:\/\/www.culturedel.info\/cactusacide\/index.php?rest_route=\/wp\/v2\/users\/13"}],"replies":[{"embeddable":true,"href":"http:\/\/www.culturedel.info\/cactusacide\/index.php?rest_route=%2Fwp%2Fv2%2Fcomments&post=1267"}],"version-history":[{"count":4,"href":"http:\/\/www.culturedel.info\/cactusacide\/index.php?rest_route=\/wp\/v2\/posts\/1267\/revisions"}],"predecessor-version":[{"id":1270,"href":"http:\/\/www.culturedel.info\/cactusacide\/index.php?rest_route=\/wp\/v2\/posts\/1267\/revisions\/1270"}],"wp:attachment":[{"href":"http:\/\/www.culturedel.info\/cactusacide\/index.php?rest_route=%2Fwp%2Fv2%2Fmedia&parent=1267"}],"wp:term":[{"taxonomy":"category","embeddable":true,"href":"http:\/\/www.culturedel.info\/cactusacide\/index.php?rest_route=%2Fwp%2Fv2%2Fcategories&post=1267"},{"taxonomy":"post_tag","embeddable":true,"href":"http:\/\/www.culturedel.info\/cactusacide\/index.php?rest_route=%2Fwp%2Fv2%2Ftags&post=1267"}],"curies":[{"name":"wp","href":"https:\/\/api.w.org\/{rel}","templated":true}]}}