{"id":1352,"date":"2009-05-08T18:07:15","date_gmt":"2009-05-08T17:07:15","guid":{"rendered":"http:\/\/www.culturedel.info\/cactusacide\/?p=1352"},"modified":"2009-05-08T18:07:15","modified_gmt":"2009-05-08T17:07:15","slug":"christine-veille-pour-vous-le-559","status":"publish","type":"post","link":"http:\/\/www.culturedel.info\/cactusacide\/?p=1352","title":{"rendered":"Christine veille pour vous &#8211; le 5\/5\/9"},"content":{"rendered":"<ul class=\"bookmarks NOTHUMB\">\n<form action=\"\/post\/bulkedit\" method=\"post\">\n<li class=\"post first isSelf\">\n<div class=\"bookmark\">\n<div class=\"data\">\n<h4><a class=\"taggedlink\" rel=\"nofollow\" href=\"http:\/\/www.microsoft.com\/france\/windows\/windows7\/compatibilite\/default.aspx\">Compatibilit\u00e9 des logiciels avec Windows 7 : Microsoft lance un site d\u2019information  : le site<\/a><\/h4>\n<\/div>\n<div class=\"meta\">\n<div class=\"editdel\">\n<div class=\"deleteconfirmation hidden\"><a class=\"action deletecancel\" href=\"http:\/\/delicious.com\/post\/delete?url=http%3A%2F%2Fwww.microsoft.com%2Ffrance%2Fwindows%2Fwindows7%2Fcompatibilite%2Fdefault.aspx&amp;hash=152d924b60304ce54a68403d993a8a46&amp;key=t8NKJ1ijJV1gLn3OgXv_qZHTXC0-\"><br \/>\n<\/a><\/div>\n<\/div>\n<\/div>\n<h5 class=\"tag-chain-label\">TAGS<\/h5>\n<div class=\"tagdisplay\">\n<ul class=\"tag-chain\">\n<li class=\"tag-chain-item off first\"><a class=\"tag-chain-item-link noplay\" rel=\"tag\" href=\"http:\/\/delicious.com\/griset\/windows7\"><span class=\"tag-chain-item-span\">windows7<\/span><\/a><\/li>\n<li class=\"tag-chain-item off\"><a class=\"tag-chain-item-link noplay\" rel=\"tag\" href=\"http:\/\/delicious.com\/griset\/windows\"><span class=\"tag-chain-item-span\">windows<\/span><\/a><\/li>\n<li class=\"tag-chain-item off\"><a class=\"tag-chain-item-link noplay\" rel=\"tag\" href=\"http:\/\/delicious.com\/griset\/technologies\"><span class=\"tag-chain-item-span\">technologies<\/span><\/a><\/li>\n<li class=\"tag-chain-item off last\"><a class=\"tag-chain-item-link noplay\" rel=\"tag\" href=\"http:\/\/delicious.com\/griset\/compatibilit%C3%A9_avec_windows_7\"><span class=\"tag-chain-item-span\">compatibilit\u00e9_avec_windows_7<\/span><\/a><\/li>\n<\/ul>\n<\/div>\n<\/div>\n<\/li>\n<li class=\"post isSelf\">\n<div class=\"bookmark\">\n<div class=\"data\">\n<h4><a class=\"taggedlink\" rel=\"nofollow\" href=\"http:\/\/www.zdnet.fr\/actualites\/informatique\/0,39040745,39500565,00.htm?xtor=EPR-100\">Compatibilit\u00e9 des logiciels avec Windows 7 : Microsoft lance un site d\u2019information (ZDNet News du 5\/5\/9)<\/a><\/h4>\n<div class=\"description\">http:\/\/www.microsoft.com\/france\/windows\/windows7\/compatibilite\/default.aspx<\/div>\n<\/div>\n<div class=\"meta\"><\/div>\n<h5 class=\"tag-chain-label\">TAGS<\/h5>\n<div class=\"tagdisplay\">\n<ul class=\"tag-chain\">\n<li class=\"tag-chain-item off first\"><a class=\"tag-chain-item-link noplay\" rel=\"tag\" href=\"http:\/\/delicious.com\/griset\/windows7\"><span class=\"tag-chain-item-span\">windows7<\/span><\/a><\/li>\n<li class=\"tag-chain-item off\"><a class=\"tag-chain-item-link noplay\" rel=\"tag\" href=\"http:\/\/delicious.com\/griset\/microsoft\"><span class=\"tag-chain-item-span\">microsoft<\/span><\/a><\/li>\n<li class=\"tag-chain-item off\"><a class=\"tag-chain-item-link noplay\" rel=\"tag\" href=\"http:\/\/delicious.com\/griset\/technologies\"><span class=\"tag-chain-item-span\">technologies<\/span><\/a><\/li>\n<li class=\"tag-chain-item off last\"><a class=\"tag-chain-item-link noplay\" rel=\"tag\" href=\"http:\/\/delicious.com\/griset\/compatibilit%C3%A9_avec_windows7\"><span class=\"tag-chain-item-span\">compatibilit\u00e9_avec_windows7<\/span><\/a><\/li>\n<\/ul>\n<\/div>\n<\/div>\n<\/li>\n<li class=\"post isSelf\">\n<div class=\"bookmark NOTHUMB\">\n<div class=\"data\">\n<h4><a class=\"taggedlink\" rel=\"nofollow\" href=\"http:\/\/news.fr.msn.com\/multimedia\/article.aspx?cp-documentid=16553400\">La Commission europ\u00e9enne met en ligne un guide pour surfer \u00ab malin \u00bb (MSN du 4\/5\/9)<\/a><\/h4>\n<\/div>\n<div class=\"meta\"><\/div>\n<h5 class=\"tag-chain-label\">TAGS<\/h5>\n<div class=\"tagdisplay\">\n<ul class=\"tag-chain\">\n<li class=\"tag-chain-item off first\"><a class=\"tag-chain-item-link noplay\" rel=\"tag\" href=\"http:\/\/delicious.com\/griset\/tutoriel_internet\"><span class=\"tag-chain-item-span\">tutoriel_internet<\/span><\/a><\/li>\n<li class=\"tag-chain-item off\"><a class=\"tag-chain-item-link noplay\" rel=\"tag\" href=\"http:\/\/delicious.com\/griset\/surfer_malin\"><span class=\"tag-chain-item-span\">surfer_malin<\/span><\/a><\/li>\n<li class=\"tag-chain-item off\"><a class=\"tag-chain-item-link noplay\" rel=\"tag\" href=\"http:\/\/delicious.com\/griset\/technologies\"><span class=\"tag-chain-item-span\">technologies<\/span><\/a><\/li>\n<li class=\"tag-chain-item off\"><a class=\"tag-chain-item-link noplay\" rel=\"tag\" href=\"http:\/\/delicious.com\/griset\/commissiondebruxelles\"><span class=\"tag-chain-item-span\">commissiondebruxelles<\/span><\/a><\/li>\n<li class=\"tag-chain-item off last\"><a class=\"tag-chain-item-link noplay\" rel=\"tag\" href=\"http:\/\/delicious.com\/griset\/unioneurop%C3%A9enne\"><span class=\"tag-chain-item-span\">unioneurop\u00e9enne<\/span><\/a><\/li>\n<\/ul>\n<\/div>\n<\/div>\n<\/li>\n<li class=\"post isSelf\">\n<div class=\"bookmark NOTHUMB\">\n<div class=\"data\">\n<h4><a class=\"taggedlink\" rel=\"nofollow\" href=\"http:\/\/pisani.blog.lemonde.fr\/2009\/05\/04\/un-nouveau-kindle-grand-ecran-cette-semaine\/\">Un nouveau Kindle grand \u00e9cran cette semaine ? &#8211; Transnets &#8211; (Le Monde du 4\/5\/9)<\/a><\/h4>\n<\/div>\n<h5 class=\"tag-chain-label\">TAGS<\/h5>\n<div class=\"tagdisplay\">\n<ul class=\"tag-chain\">\n<li class=\"tag-chain-item off first\"><a class=\"tag-chain-item-link noplay\" rel=\"tag\" href=\"http:\/\/delicious.com\/griset\/blogtransnetsdefrancispisani\"><span class=\"tag-chain-item-span\">blogtransnetsdefrancispisani<\/span><\/a><\/li>\n<li class=\"tag-chain-item off\"><a class=\"tag-chain-item-link noplay\" rel=\"tag\" href=\"http:\/\/delicious.com\/griset\/information\"><span class=\"tag-chain-item-span\">information<\/span><\/a><\/li>\n<li class=\"tag-chain-item off\"><a class=\"tag-chain-item-link noplay\" rel=\"tag\" href=\"http:\/\/delicious.com\/griset\/kindle\"><span class=\"tag-chain-item-span\">kindle<\/span><\/a><\/li>\n<li class=\"tag-chain-item off\"><a class=\"tag-chain-item-link noplay\" rel=\"tag\" href=\"http:\/\/delicious.com\/griset\/livre_%C3%A9lectronique\"><span class=\"tag-chain-item-span\">livre_\u00e9lectronique<\/span><\/a><\/li>\n<li class=\"tag-chain-item off\"><a class=\"tag-chain-item-link noplay\" rel=\"tag\" href=\"http:\/\/delicious.com\/griset\/pisanifrancis\"><span class=\"tag-chain-item-span\">pisanifrancis<\/span><\/a><\/li>\n<li class=\"tag-chain-item off\"><a class=\"tag-chain-item-link noplay\" rel=\"tag\" href=\"http:\/\/delicious.com\/griset\/kindle_grand_%C3%A9cran\"><span class=\"tag-chain-item-span\">kindle_grand_\u00e9cran<\/span><\/a><\/li>\n<li class=\"tag-chain-item off last\"><a class=\"tag-chain-item-link noplay\" rel=\"tag\" href=\"http:\/\/delicious.com\/griset\/amazon\"><span class=\"tag-chain-item-span\">amazon<\/span><\/a><\/li>\n<\/ul>\n<\/div>\n<\/div>\n<\/li>\n<li class=\"post isSelf\">\n<div class=\"bookmark NOTHUMB\">\n<div class=\"data\">\n<h4><a class=\"taggedlink\" rel=\"nofollow\" href=\"http:\/\/www.framablog.org\/index.php\/post\/2009\/02\/16\/wikipedia-education-exemple-projet-pedagogique-1\">Un dossier anglais traduit et disponible depuis quelque temps d\u00e9j\u00e0 depuis Framablog. Il pr\u00e9sente l&rsquo;exp\u00e9rimentation lanc\u00e9e par un prof de fac d&rsquo;am\u00e9lioration d&rsquo;articles de Wikip\u00e9dia par des \u00e9tudiants dans le cadre d&rsquo;un cours. (Liste e-doc du 4\/5\/9, post &#8230;<\/a><\/h4>\n<\/div>\n<div class=\"meta\"><\/div>\n<h5 class=\"tag-chain-label\">TAGS<\/h5>\n<div class=\"tagdisplay\">\n<ul class=\"tag-chain\">\n<li class=\"tag-chain-item off first\"><a class=\"tag-chain-item-link noplay\" rel=\"tag\" href=\"http:\/\/delicious.com\/griset\/information\"><span class=\"tag-chain-item-span\">information<\/span><\/a><\/li>\n<li class=\"tag-chain-item off\"><a class=\"tag-chain-item-link noplay\" rel=\"tag\" href=\"http:\/\/delicious.com\/griset\/wikipedia\"><span class=\"tag-chain-item-span\">wikipedia<\/span><\/a><\/li>\n<li class=\"tag-chain-item off\"><a class=\"tag-chain-item-link noplay\" rel=\"tag\" href=\"http:\/\/delicious.com\/griset\/p%C3%A9dagogie_de_wikipedia\"><span class=\"tag-chain-item-span\">p\u00e9dagogie_de_wikipedia<\/span><\/a><\/li>\n<li class=\"tag-chain-item off\"><a class=\"tag-chain-item-link noplay\" rel=\"tag\" href=\"http:\/\/delicious.com\/griset\/fiabilit%C3%A9_de_l%27_information\"><span class=\"tag-chain-item-span\">fiabilit\u00e9_de_l&rsquo;_information<\/span><\/a><\/li>\n<li class=\"tag-chain-item off\"><a class=\"tag-chain-item-link noplay\" rel=\"tag\" href=\"http:\/\/delicious.com\/griset\/collaboratif\"><span class=\"tag-chain-item-span\">collaboratif<\/span><\/a><\/li>\n<li class=\"tag-chain-item off\"><a class=\"tag-chain-item-link noplay\" rel=\"tag\" href=\"http:\/\/delicious.com\/griset\/encyclop%C3%A9die_collaborative\"><span class=\"tag-chain-item-span\">encyclop\u00e9die_collaborative<\/span><\/a><\/li>\n<li class=\"tag-chain-item off\"><a class=\"tag-chain-item-link noplay\" rel=\"tag\" href=\"http:\/\/delicious.com\/griset\/neuville_rapha%C3%AAl\"><span class=\"tag-chain-item-span\">neuville_rapha\u00eal<\/span><\/a><\/li>\n<li class=\"tag-chain-item off last\"><a class=\"tag-chain-item-link noplay\" rel=\"tag\" href=\"http:\/\/delicious.com\/griset\/framablog\"><span class=\"tag-chain-item-span\">framablog<\/span><\/a><\/li>\n<\/ul>\n<\/div>\n<\/div>\n<\/li>\n<li class=\"post isSelf\">\n<div class=\"bookmark NOTHUMB\">\n<div class=\"data\">\n<h4><a class=\"taggedlink\" rel=\"nofollow\" href=\"http:\/\/www.la-croix.com\/article\/index.jsp?docId=2372671&amp;rubId=5548\">Mus\u00e9e des Impressionnismes \u00e0 Giverny : les toiles de Monet (La Croix du 5\/5\/9)<\/a><\/h4>\n<\/div>\n<div class=\"meta\"><\/div>\n<h5 class=\"tag-chain-label\">TAGS<\/h5>\n<div class=\"tagdisplay\">\n<ul class=\"tag-chain\">\n<li class=\"tag-chain-item off first\"><a class=\"tag-chain-item-link noplay\" rel=\"tag\" href=\"http:\/\/delicious.com\/griset\/mus%C3%A9e\"><span class=\"tag-chain-item-span\">mus\u00e9e<\/span><\/a><\/li>\n<li class=\"tag-chain-item off\"><a class=\"tag-chain-item-link noplay\" rel=\"tag\" href=\"http:\/\/delicious.com\/griset\/mus%C3%A9e_des_impressionnismes\"><span class=\"tag-chain-item-span\">mus\u00e9e_des_impressionnismes<\/span><\/a><\/li>\n<li class=\"tag-chain-item off\"><a class=\"tag-chain-item-link noplay\" rel=\"tag\" href=\"http:\/\/delicious.com\/griset\/giverny\"><span class=\"tag-chain-item-span\">giverny<\/span><\/a><\/li>\n<li class=\"tag-chain-item off\"><a class=\"tag-chain-item-link noplay\" rel=\"tag\" href=\"http:\/\/delicious.com\/griset\/monet\"><span class=\"tag-chain-item-span\">monet<\/span><\/a><\/li>\n<li class=\"tag-chain-item off last\"><a class=\"tag-chain-item-link noplay\" rel=\"tag\" href=\"http:\/\/delicious.com\/griset\/peinture\"><span class=\"tag-chain-item-span\">peinture<\/span><\/a><\/li>\n<\/ul>\n<\/div>\n<\/div>\n<\/li>\n<li class=\"post isSelf\">\n<div class=\"bookmark NOTHUMB\">\n<div class=\"data\">\n<h4><a class=\"taggedlink\" rel=\"nofollow\" href=\"http:\/\/www.lemonde.fr\/culture\/article\/2009\/04\/30\/l-etat-cree-un-centre-d-art-dans-les-9-000-m2-vides-du-palais-de-tokyo_1187439_3246.html#xtor=RSS-3246\">Grand Paris : l\u2019Etat cr\u00e9e un centre d\u2019art dans les 9000 M\u00e8tres carr\u00e9s du Palais de Tokyo (Le Monde du 30\/4\/9)<\/a><\/h4>\n<\/div>\n<div class=\"meta\"><\/div>\n<h5 class=\"tag-chain-label\">TAGS<\/h5>\n<div class=\"tagdisplay\">\n<ul class=\"tag-chain\">\n<li class=\"tag-chain-item off first\"><a class=\"tag-chain-item-link noplay\" rel=\"tag\" href=\"http:\/\/delicious.com\/griset\/mus%C3%A9e\"><span class=\"tag-chain-item-span\">mus\u00e9e<\/span><\/a><\/li>\n<li class=\"tag-chain-item off\"><a class=\"tag-chain-item-link noplay\" rel=\"tag\" href=\"http:\/\/delicious.com\/griset\/palais_de_tokyo\"><span class=\"tag-chain-item-span\">palais_de_tokyo<\/span><\/a><\/li>\n<li class=\"tag-chain-item off\"><a class=\"tag-chain-item-link noplay\" rel=\"tag\" href=\"http:\/\/delicious.com\/griset\/centre_d%27_art\"><span class=\"tag-chain-item-span\">centre_d&rsquo;_art<\/span><\/a><\/li>\n<li class=\"tag-chain-item off\"><a class=\"tag-chain-item-link noplay\" rel=\"tag\" href=\"http:\/\/delicious.com\/griset\/paris\"><span class=\"tag-chain-item-span\">paris<\/span><\/a><\/li>\n<li class=\"tag-chain-item off\"><a class=\"tag-chain-item-link noplay\" rel=\"tag\" href=\"http:\/\/delicious.com\/griset\/grandparis\"><span class=\"tag-chain-item-span\">grandparis<\/span><\/a><\/li>\n<li class=\"tag-chain-item off\"><a class=\"tag-chain-item-link noplay\" rel=\"tag\" href=\"http:\/\/delicious.com\/griset\/histoire\"><span class=\"tag-chain-item-span\">histoire<\/span><\/a><\/li>\n<li class=\"tag-chain-item off last\"><a class=\"tag-chain-item-link noplay\" rel=\"tag\" href=\"http:\/\/delicious.com\/griset\/art\"><span class=\"tag-chain-item-span\">art<\/span><\/a><\/li>\n<\/ul>\n<\/div>\n<\/div>\n<\/li>\n<li class=\"post isSelf\">\n<div class=\"bookmark NOTHUMB\">\n<div class=\"data\">\n<h4><a class=\"taggedlink\" rel=\"nofollow\" href=\"http:\/\/www.loizorare.com\/article-30936890.html\">Le 1er Mai 2009, mort \u00e0 Rio d\u2019Augusto Boal, du Th\u00e9\u00e2tre de l\u2019Opprim\u00e9 (Newsletter Territorial-Culture du 5\/5\/9)<\/a><\/h4>\n<\/div>\n<div class=\"meta\"><\/div>\n<h5 class=\"tag-chain-label\">TAGS<\/h5>\n<div class=\"tagdisplay\">\n<ul class=\"tag-chain\">\n<li class=\"tag-chain-item off first\"><a class=\"tag-chain-item-link noplay\" rel=\"tag\" href=\"http:\/\/delicious.com\/griset\/boal_augusto\"><span class=\"tag-chain-item-span\">boal_augusto<\/span><\/a><\/li>\n<li class=\"tag-chain-item off\"><a class=\"tag-chain-item-link noplay\" rel=\"tag\" href=\"http:\/\/delicious.com\/griset\/br%C3%A9sil\"><span class=\"tag-chain-item-span\">br\u00e9sil<\/span><\/a><\/li>\n<li class=\"tag-chain-item off\"><a class=\"tag-chain-item-link noplay\" rel=\"tag\" href=\"http:\/\/delicious.com\/griset\/th%C3%A9%C3%A2tre\"><span class=\"tag-chain-item-span\">th\u00e9\u00e2tre<\/span><\/a><\/li>\n<li class=\"tag-chain-item off\"><a class=\"tag-chain-item-link noplay\" rel=\"tag\" href=\"http:\/\/delicious.com\/griset\/th%C3%A9%C3%A2tre_de_l%27_opprim%C3%A9\"><span class=\"tag-chain-item-span\">th\u00e9\u00e2tre_de_l&rsquo;_opprim\u00e9<\/span><\/a><\/li>\n<li class=\"tag-chain-item off last\"><a class=\"tag-chain-item-link noplay\" rel=\"tag\" href=\"http:\/\/delicious.com\/griset\/rio_de_janeiro\"><span class=\"tag-chain-item-span\">rio_de_janeiro<\/span><\/a><\/li>\n<\/ul>\n<\/div>\n<\/div>\n<\/li>\n<li class=\"post isSelf\">\n<div class=\"bookmark NOTHUMB\">\n<div class=\"data\">\n<h4><a class=\"taggedlink\" rel=\"nofollow\" href=\"http:\/\/www.linternaute.com\/sortir\/cinema\/film\/selection\/les-grands-films-de-mai-2009\/les-etreintes-brisees.shtml?f_id_newsletter=964\">Le 20\/5\/9, sortie des \u00ab Etreintes bris\u00e9es \u00bb d\u2019Almodovar (L\u2019Internaute-Cin\u00e9ma du 5\/5\/9)<\/a><\/h4>\n<\/div>\n<div class=\"meta\"><\/div>\n<h5 class=\"tag-chain-label\">TAGS<\/h5>\n<div class=\"tagdisplay\">\n<ul class=\"tag-chain\">\n<li class=\"tag-chain-item off first\"><a class=\"tag-chain-item-link noplay\" rel=\"tag\" href=\"http:\/\/delicious.com\/griset\/los_abrazos_rotos\"><span class=\"tag-chain-item-span\">los_abrazos_rotos<\/span><\/a><\/li>\n<li class=\"tag-chain-item off\"><a class=\"tag-chain-item-link noplay\" rel=\"tag\" href=\"http:\/\/delicious.com\/griset\/les_%C3%A9treintes_bris%C3%A9es\"><span class=\"tag-chain-item-span\">les_\u00e9treintes_bris\u00e9es<\/span><\/a><\/li>\n<li class=\"tag-chain-item off\"><a class=\"tag-chain-item-link noplay\" rel=\"tag\" href=\"http:\/\/delicious.com\/griset\/almodovar_pedro\"><span class=\"tag-chain-item-span\">almodovar_pedro<\/span><\/a><\/li>\n<li class=\"tag-chain-item off\"><a class=\"tag-chain-item-link noplay\" rel=\"tag\" href=\"http:\/\/delicious.com\/griset\/espagne\"><span class=\"tag-chain-item-span\">espagne<\/span><\/a><\/li>\n<li class=\"tag-chain-item off\"><a class=\"tag-chain-item-link noplay\" rel=\"tag\" href=\"http:\/\/delicious.com\/griset\/cin%C3%A9ma\"><span class=\"tag-chain-item-span\">cin\u00e9ma<\/span><\/a><\/li>\n<li class=\"tag-chain-item off\"><a class=\"tag-chain-item-link noplay\" rel=\"tag\" href=\"http:\/\/delicious.com\/griset\/cin%C3%A9ma_espagnol\"><span class=\"tag-chain-item-span\">cin\u00e9ma_espagnol<\/span><\/a><\/li>\n<li class=\"tag-chain-item off\"><a class=\"tag-chain-item-link noplay\" rel=\"tag\" href=\"http:\/\/delicious.com\/griset\/espagnol\"><span class=\"tag-chain-item-span\">espagnol<\/span><\/a><\/li>\n<li class=\"tag-chain-item off last\"><a class=\"tag-chain-item-link noplay\" rel=\"tag\" href=\"http:\/\/delicious.com\/griset\/festivaldecannes\"><span class=\"tag-chain-item-span\">festivaldecannes<\/span><\/a><\/li>\n<\/ul>\n<\/div>\n<\/div>\n<\/li>\n<li class=\"post last isSelf\">\n<div class=\"bookmark NOTHUMB\">\n<div class=\"data\">\n<h4><a class=\"taggedlink\" rel=\"nofollow\" href=\"http:\/\/news.fr.msn.com\/media\/article.aspx?cp-documentid=16563823\">La part d\u2019audience des grandes cha\u00eenes hertziennes a baiss\u00e9 sur un an. En revanche, la TNT gratuite progresse (MSN du 4\/5\/9)<\/a><\/h4>\n<\/div>\n<div class=\"meta\"><\/div>\n<h5 class=\"tag-chain-label\">TAGS<\/h5>\n<div class=\"tagdisplay\">\n<ul class=\"tag-chain\">\n<li class=\"tag-chain-item off first\"><a class=\"tag-chain-item-link noplay\" rel=\"tag\" href=\"http:\/\/delicious.com\/griset\/m%C3%A9dias\"><span class=\"tag-chain-item-span\">m\u00e9dias<\/span><\/a><\/li>\n<li class=\"tag-chain-item off\"><a class=\"tag-chain-item-link noplay\" rel=\"tag\" href=\"http:\/\/delicious.com\/griset\/cha%C3%AEne_de_t%C3%A9l%C3%A9vision\"><span class=\"tag-chain-item-span\">cha\u00eene_de_t\u00e9l\u00e9vision<\/span><\/a><\/li>\n<li class=\"tag-chain-item off\"><a class=\"tag-chain-item-link noplay\" rel=\"tag\" href=\"http:\/\/delicious.com\/griset\/t%C3%A9l%C3%A9vision\"><span class=\"tag-chain-item-span\">t\u00e9l\u00e9vision<\/span><\/a><\/li>\n<li class=\"tag-chain-item off\"><a class=\"tag-chain-item-link noplay\" rel=\"tag\" href=\"http:\/\/delicious.com\/griset\/cha%C3%AEne_hertzienne\"><span class=\"tag-chain-item-span\">cha\u00eene_hertzienne<\/span><\/a><\/li>\n<li class=\"tag-chain-item off\"><a class=\"tag-chain-item-link noplay\" rel=\"tag\" href=\"http:\/\/delicious.com\/griset\/tnt\"><span class=\"tag-chain-item-span\">tnt<\/span><\/a><\/li>\n<li class=\"tag-chain-item off last\"><a class=\"tag-chain-item-link noplay\" rel=\"tag\" href=\"http:\/\/delicious.com\/griset\/tnt_gratuite\"><span class=\"tag-chain-item-span\">tnt_gratuite<\/span><\/a><\/li>\n<\/ul>\n<ul class=\"bookmarks NOTHUMB\">\n<li class=\"post first isSelf\">\n<div class=\"bookmark NOTHUMB\">\n<div class=\"data\">\n<h4><a class=\"taggedlink\" rel=\"nofollow\" href=\"http:\/\/20minutes.bondyblog.fr\/news\/200905040001\/le-virilisme-plus-fort-que-la-virilite\">Mon cher fils, le dernier Le\u00efla Sebbar(\u00e9ditions Elyzad) raconte l\u2019incessante main tendue du p\u00e8re \u00e0 l\u2019unique fils de la fratrie (20 Minutes, Bondyblog du 4\/5\/9)<\/a><\/h4>\n<\/div>\n<div class=\"meta\"><\/div>\n<h5 class=\"tag-chain-label\">TAGS<\/h5>\n<div class=\"tagdisplay\">\n<ul class=\"tag-chain\">\n<li class=\"tag-chain-item off first\"><a class=\"tag-chain-item-link noplay\" rel=\"tag\" href=\"http:\/\/delicious.com\/griset\/mon_cher_fils\"><span class=\"tag-chain-item-span\">mon_cher_fils<\/span><\/a><\/li>\n<li class=\"tag-chain-item off\"><a class=\"tag-chain-item-link noplay\" rel=\"tag\" href=\"http:\/\/delicious.com\/griset\/sebbar_le%C3%AFla\"><span class=\"tag-chain-item-span\">sebbar_le\u00efla<\/span><\/a><\/li>\n<li class=\"tag-chain-item off\"><a class=\"tag-chain-item-link noplay\" rel=\"tag\" href=\"http:\/\/delicious.com\/griset\/p%C3%A8re\"><span class=\"tag-chain-item-span\">p\u00e8re<\/span><\/a><\/li>\n<li class=\"tag-chain-item off\"><a class=\"tag-chain-item-link noplay\" rel=\"tag\" href=\"http:\/\/delicious.com\/griset\/fils\"><span class=\"tag-chain-item-span\">fils<\/span><\/a><\/li>\n<li class=\"tag-chain-item off\"><a class=\"tag-chain-item-link noplay\" rel=\"tag\" href=\"http:\/\/delicious.com\/griset\/relation_p%C3%A8re_fils\"><span class=\"tag-chain-item-span\">relation_p\u00e8re_fils<\/span><\/a><\/li>\n<li class=\"tag-chain-item off\"><a class=\"tag-chain-item-link noplay\" rel=\"tag\" href=\"http:\/\/delicious.com\/griset\/femme\"><span class=\"tag-chain-item-span\">femme<\/span><\/a><\/li>\n<li class=\"tag-chain-item off\"><a class=\"tag-chain-item-link noplay\" rel=\"tag\" href=\"http:\/\/delicious.com\/griset\/condition_f%C3%A9minine\"><span class=\"tag-chain-item-span\">condition_f\u00e9minine<\/span><\/a><\/li>\n<li class=\"tag-chain-item off\"><a class=\"tag-chain-item-link noplay\" rel=\"tag\" href=\"http:\/\/delicious.com\/griset\/maghreb\"><span class=\"tag-chain-item-span\">maghreb<\/span><\/a><\/li>\n<li class=\"tag-chain-item off\"><a class=\"tag-chain-item-link noplay\" rel=\"tag\" href=\"http:\/\/delicious.com\/griset\/bondyblog\"><span class=\"tag-chain-item-span\">bondyblog<\/span><\/a><\/li>\n<li class=\"tag-chain-item off last\"><a class=\"tag-chain-item-link noplay\" rel=\"tag\" href=\"http:\/\/delicious.com\/griset\/litt%C3%A9rature\"><span class=\"tag-chain-item-span\">litt\u00e9rature<\/span><\/a><\/li>\n<\/ul>\n<\/div>\n<\/div>\n<\/li>\n<li class=\"post isSelf\">\n<div class=\"bookmark NOTHUMB\">\n<div class=\"data\">\n<h4><a class=\"taggedlink\" rel=\"nofollow\" href=\"http:\/\/www.linternaute.com\/television\/programme-tv\/programme\/2613175\/la-mort-n-oublie-personne\/\">La Mort n\u2019oublie personne, d\u2019apr\u00e8s Didier Daeninckx. Un t\u00e9l\u00e9film de France 2 le 5\/5\/9 \u00e0 20h35 (L\u2019Internaute-T\u00e9l\u00e9vision du 5\/5\/9)<\/a><\/h4>\n<div class=\"description\">1946 : un r\u00e9sistant rentr\u00e9 de d\u00e9portation, se voit accus\u00e9 de meurtre par un juge qui officiait d\u00e9j\u00e0 sous P\u00e9tain. Son acte de r\u00e9sistance est consid\u00e9r\u00e9 comme crime. Les crimes commis pendant la guerre, l\u2019Occupation : des th\u00e8mes r\u00e9currents chez Daeninckx (voir \u00ab Meurtre pour m\u00e9moire \u00bb)<\/div>\n<\/div>\n<div class=\"meta\"><\/div>\n<h5 class=\"tag-chain-label\">TAGS<\/h5>\n<div class=\"tagdisplay\">\n<ul class=\"tag-chain\">\n<li class=\"tag-chain-item off first\"><a class=\"tag-chain-item-link noplay\" rel=\"tag\" href=\"http:\/\/delicious.com\/griset\/litt%C3%A9rature\"><span class=\"tag-chain-item-span\">litt\u00e9rature<\/span><\/a><\/li>\n<li class=\"tag-chain-item off\"><a class=\"tag-chain-item-link noplay\" rel=\"tag\" href=\"http:\/\/delicious.com\/griset\/adaptationt%C3%A9l%C3%A9vis%C3%A9e\"><span class=\"tag-chain-item-span\">adaptationt\u00e9l\u00e9vis\u00e9e<\/span><\/a><\/li>\n<li class=\"tag-chain-item off\"><a class=\"tag-chain-item-link noplay\" rel=\"tag\" href=\"http:\/\/delicious.com\/griset\/t%C3%A9l%C3%A9vision\"><span class=\"tag-chain-item-span\">t\u00e9l\u00e9vision<\/span><\/a><\/li>\n<li class=\"tag-chain-item off\"><a class=\"tag-chain-item-link noplay\" rel=\"tag\" href=\"http:\/\/delicious.com\/griset\/daeninckx_didier\"><span class=\"tag-chain-item-span\">daeninckx_didier<\/span><\/a><\/li>\n<li class=\"tag-chain-item off\"><a class=\"tag-chain-item-link noplay\" rel=\"tag\" href=\"http:\/\/delicious.com\/griset\/d%C3%A9portation\"><span class=\"tag-chain-item-span\">d\u00e9portation<\/span><\/a><\/li>\n<li class=\"tag-chain-item off\"><a class=\"tag-chain-item-link noplay\" rel=\"tag\" href=\"http:\/\/delicious.com\/griset\/r%C3%A9sistance\"><span class=\"tag-chain-item-span\">r\u00e9sistance<\/span><\/a><\/li>\n<li class=\"tag-chain-item off\"><a class=\"tag-chain-item-link noplay\" rel=\"tag\" href=\"http:\/\/delicious.com\/griset\/collaboration\"><span class=\"tag-chain-item-span\">collaboration<\/span><\/a><\/li>\n<li class=\"tag-chain-item off\"><a class=\"tag-chain-item-link noplay\" rel=\"tag\" href=\"http:\/\/delicious.com\/griset\/occupation\"><span class=\"tag-chain-item-span\">occupation<\/span><\/a><\/li>\n<li class=\"tag-chain-item off\"><a class=\"tag-chain-item-link noplay\" rel=\"tag\" href=\"http:\/\/delicious.com\/griset\/p%C3%A9tain\"><span class=\"tag-chain-item-span\">p\u00e9tain<\/span><\/a><\/li>\n<li class=\"tag-chain-item off\"><a class=\"tag-chain-item-link noplay\" rel=\"tag\" href=\"http:\/\/delicious.com\/griset\/guerremondiale19391945\"><span class=\"tag-chain-item-span\">guerremondiale19391945<\/span><\/a><\/li>\n<li class=\"tag-chain-item off\"><a class=\"tag-chain-item-link noplay\" rel=\"tag\" href=\"http:\/\/delicious.com\/griset\/guerre\"><span class=\"tag-chain-item-span\">guerre<\/span><\/a><\/li>\n<li class=\"tag-chain-item off\"><a class=\"tag-chain-item-link noplay\" rel=\"tag\" href=\"http:\/\/delicious.com\/griset\/crime_de_guerre\"><span class=\"tag-chain-item-span\">crime_de_guerre<\/span><\/a><\/li>\n<li class=\"tag-chain-item off last\"><a class=\"tag-chain-item-link noplay\" rel=\"tag\" href=\"http:\/\/delicious.com\/griset\/france2\"><span class=\"tag-chain-item-span\">france2<\/span><\/a><\/li>\n<\/ul>\n<\/div>\n<\/div>\n<\/li>\n<li class=\"post isSelf\">\n<div class=\"bookmark NOTHUMB\">\n<div class=\"data\">\n<h4><a class=\"taggedlink\" rel=\"nofollow\" href=\"http:\/\/www.telerama.fr\/livre\/twilight-vampirise-les-foules,42175.php\">La litt\u00e9rature pour adolescents Observation du ph\u00e9nom\u00e8ne Twilight (T\u00e9l\u00e9rama du 30\/4\/9)<\/a><\/h4>\n<div class=\"description\">Observation du ph\u00e9nom\u00e8ne Twilight. C\u2019est Gallimard Jeunesse qui lance la litt\u00e9rature ado en publiant \u00ab A la crois\u00e9e des mondes \u00bb de Pullman d\u2019abord en grand format d\u2019ailleurs. La litt\u00e9rature ado arrive dans un monde o\u00f9 l\u2019adolescence se prolonge tard, avec les contrats pr\u00e9caires. Les types de litt\u00e9rature : la fantasy (exemple : Pierre Bordage, en fantasy m\u00e9di\u00e9vale), litt\u00e9rature f\u00e9minine (chicken literature),<\/div>\n<\/div>\n<div class=\"meta\"><\/div>\n<h5 class=\"tag-chain-label\">TAGS<\/h5>\n<div class=\"tagdisplay\">\n<ul class=\"tag-chain\">\n<li class=\"tag-chain-item off first\"><a class=\"tag-chain-item-link noplay\" rel=\"tag\" href=\"http:\/\/delicious.com\/griset\/litt%C3%A9raturejeunesse\"><span class=\"tag-chain-item-span\">litt\u00e9raturejeunesse<\/span><\/a><\/li>\n<li class=\"tag-chain-item off\"><a class=\"tag-chain-item-link noplay\" rel=\"tag\" href=\"http:\/\/delicious.com\/griset\/litt%C3%A9rature_pour_adolescents\"><span class=\"tag-chain-item-span\">litt\u00e9rature_pour_adolescents<\/span><\/a><\/li>\n<li class=\"tag-chain-item off\"><a class=\"tag-chain-item-link noplay\" rel=\"tag\" href=\"http:\/\/delicious.com\/griset\/adolescent\"><span class=\"tag-chain-item-span\">adolescent<\/span><\/a><\/li>\n<li class=\"tag-chain-item off\"><a class=\"tag-chain-item-link noplay\" rel=\"tag\" href=\"http:\/\/delicious.com\/griset\/twilight\"><span class=\"tag-chain-item-span\">twilight<\/span><\/a><\/li>\n<li class=\"tag-chain-item off\"><a class=\"tag-chain-item-link noplay\" rel=\"tag\" href=\"http:\/\/delicious.com\/griset\/gallimard_jeunesse\"><span class=\"tag-chain-item-span\">gallimard_jeunesse<\/span><\/a><\/li>\n<li class=\"tag-chain-item off\"><a class=\"tag-chain-item-link noplay\" rel=\"tag\" href=\"http:\/\/delicious.com\/griset\/%C3%A0_la_crois%C3%A9e_des_mondes\"><span class=\"tag-chain-item-span\">\u00e0_la_crois\u00e9e_des_mondes<\/span><\/a><\/li>\n<li class=\"tag-chain-item off\"><a class=\"tag-chain-item-link noplay\" rel=\"tag\" href=\"http:\/\/delicious.com\/griset\/travail_pr%C3%A9caire\"><span class=\"tag-chain-item-span\">travail_pr\u00e9caire<\/span><\/a><\/li>\n<li class=\"tag-chain-item off\"><a class=\"tag-chain-item-link noplay\" rel=\"tag\" href=\"http:\/\/delicious.com\/griset\/heroicfantasy\"><span class=\"tag-chain-item-span\">heroicfantasy<\/span><\/a><\/li>\n<li class=\"tag-chain-item off\"><a class=\"tag-chain-item-link noplay\" rel=\"tag\" href=\"http:\/\/delicious.com\/griset\/bordage_pierre\"><span class=\"tag-chain-item-span\">bordage_pierre<\/span><\/a><\/li>\n<li class=\"tag-chain-item off\"><a class=\"tag-chain-item-link noplay\" rel=\"tag\" href=\"http:\/\/delicious.com\/griset\/fantasy_m%C3%A9di%C3%A9vale\"><span class=\"tag-chain-item-span\">fantasy_m\u00e9di\u00e9vale<\/span><\/a><\/li>\n<li class=\"tag-chain-item off\"><a class=\"tag-chain-item-link noplay\" rel=\"tag\" href=\"http:\/\/delicious.com\/griset\/litt%C3%A9rature_f%C3%A9minine\"><span class=\"tag-chain-item-span\">litt\u00e9rature_f\u00e9minine<\/span><\/a><\/li>\n<li class=\"tag-chain-item off last\"><a class=\"tag-chain-item-link noplay\" rel=\"tag\" href=\"http:\/\/delicious.com\/griset\/chicken_literature\"><span class=\"tag-chain-item-span\">chicken_literature<\/span><\/a><\/li>\n<\/ul>\n<\/div>\n<\/div>\n<\/li>\n<li class=\"post isSelf\">\n<div class=\"bookmark NOTHUMB\">\n<div class=\"data\">\n<h4><a class=\"taggedlink\" rel=\"nofollow\" href=\"http:\/\/il-bouge-le-livre.blog.lemonde.fr\/2009\/05\/05\/a-propos-des-romans-ados-22\/\">2e partie de l\u2019interview de Soazig Le Bail, \u00e9ditrice chez Thierry Magnier, sur sa politique \u00e9ditoriale. Thierry Magnier publie entre 15 et 20 romans ados, au tirage moyen de 3000 exemplaires. . Il n\u2019y a pas de lecteurs ext\u00e9rieurs \u00e0 la maison ou de comi&#8230;<\/a><\/h4>\n<div class=\"description\">Soazig Le Bail aime bien publier de la litt\u00e9rature \u00e9trang\u00e8re. Elle privil\u00e9gie, dans le choix des manuscrits, une bonne histoire, alors que les Editions du Rouergue regardent aussi la qualit\u00e9 de l\u2019\u00e9criture. Elle n\u2019aime pas publier de s\u00e9ries, ni d\u2019heroic fantasy, et publie peu de SF. Thierry Magnier a 2 collections ados :<\/div>\n<\/div>\n<\/div>\n<\/li>\n<li class=\"post isSelf\">\n<div class=\"bookmark NOTHUMB\">\n<div class=\"data\">\n<div class=\"description\">&#8211; Nouvelles, dirig\u00e9e par Micka\u00ebl Ollivier<\/div>\n<\/div>\n<\/div>\n<\/li>\n<li class=\"post isSelf\">\n<div class=\"bookmark NOTHUMB\">\n<div class=\"data\">\n<div class=\"description\">&#8211; Photoroman, collection dirig\u00e9e par Jeanne Benameur et Francis Joly qui associe textes et photographies contemporaines<\/div>\n<\/div>\n<div class=\"meta\"><\/div>\n<h5 class=\"tag-chain-label\">TAGS<\/h5>\n<div class=\"tagdisplay\">\n<ul class=\"tag-chain\">\n<li class=\"tag-chain-item off first\"><a class=\"tag-chain-item-link noplay\" rel=\"tag\" href=\"http:\/\/delicious.com\/griset\/le_bail_soazig\"><span class=\"tag-chain-item-span\">le_bail_soazig<\/span><\/a><\/li>\n<li class=\"tag-chain-item off\"><a class=\"tag-chain-item-link noplay\" rel=\"tag\" href=\"http:\/\/delicious.com\/griset\/litt%C3%A9raturejeunesse\"><span class=\"tag-chain-item-span\">litt\u00e9raturejeunesse<\/span><\/a><\/li>\n<li class=\"tag-chain-item off\"><a class=\"tag-chain-item-link noplay\" rel=\"tag\" href=\"http:\/\/delicious.com\/griset\/litt%C3%A9rature_%C3%A9trang%C3%A8re\"><span class=\"tag-chain-item-span\">litt\u00e9rature_\u00e9trang\u00e8re<\/span><\/a><\/li>\n<li class=\"tag-chain-item off\"><a class=\"tag-chain-item-link noplay\" rel=\"tag\" href=\"http:\/\/delicious.com\/griset\/thierry_magnier\"><span class=\"tag-chain-item-span\">thierry_magnier<\/span><\/a><\/li>\n<li class=\"tag-chain-item off\"><a class=\"tag-chain-item-link noplay\" rel=\"tag\" href=\"http:\/\/delicious.com\/griset\/%C3%A9diteur\"><span class=\"tag-chain-item-span\">\u00e9diteur<\/span><\/a><\/li>\n<li class=\"tag-chain-item off\"><a class=\"tag-chain-item-link noplay\" rel=\"tag\" href=\"http:\/\/delicious.com\/griset\/politique_%C3%A9ditoriale\"><span class=\"tag-chain-item-span\">politique_\u00e9ditoriale<\/span><\/a><\/li>\n<li class=\"tag-chain-item off\"><a class=\"tag-chain-item-link noplay\" rel=\"tag\" href=\"http:\/\/delicious.com\/griset\/manuscrit\"><span class=\"tag-chain-item-span\">manuscrit<\/span><\/a><\/li>\n<li class=\"tag-chain-item off\"><a class=\"tag-chain-item-link noplay\" rel=\"tag\" href=\"http:\/\/delicious.com\/griset\/nouvelles\"><span class=\"tag-chain-item-span\">nouvelles<\/span><\/a><\/li>\n<li class=\"tag-chain-item off\"><a class=\"tag-chain-item-link noplay\" rel=\"tag\" href=\"http:\/\/delicious.com\/griset\/ollivier_mickael\"><span class=\"tag-chain-item-span\">ollivier_mickael<\/span><\/a><\/li>\n<li class=\"tag-chain-item off\"><a class=\"tag-chain-item-link noplay\" rel=\"tag\" href=\"http:\/\/delicious.com\/griset\/photoroman\"><span class=\"tag-chain-item-span\">photoroman<\/span><\/a><\/li>\n<li class=\"tag-chain-item off\"><a class=\"tag-chain-item-link noplay\" rel=\"tag\" href=\"http:\/\/delicious.com\/griset\/benameur_jeanne\"><span class=\"tag-chain-item-span\">benameur_jeanne<\/span><\/a><\/li>\n<li class=\"tag-chain-item off last\"><a class=\"tag-chain-item-link noplay\" rel=\"tag\" href=\"http:\/\/delicious.com\/griset\/joly_francis\"><span class=\"tag-chain-item-span\">joly_francis<\/span><\/a><\/li>\n<\/ul>\n<\/div>\n<\/div>\n<\/li>\n<li class=\"post isSelf\">\n<div class=\"bookmark NOTHUMB\">\n<div class=\"data\">\n<h4><a class=\"taggedlink\" rel=\"nofollow\" href=\"http:\/\/ww2.ac-poitiers.fr\/daac\/spip.php?article602\">Angoul\u00eame : s\u00e9minaire national les 6 et 7\/5\/9 sur les adaptations litt\u00e9raires et historiques en BD (Le Caf\u00e9 p\u00e9dagogique-L\u2019Expresso du 5\/5\/9)<\/a><\/h4>\n<\/div>\n<h5 class=\"tag-chain-label\">TAGS<\/h5>\n<div class=\"tagdisplay\">\n<ul class=\"tag-chain\">\n<li class=\"tag-chain-item off first\"><a class=\"tag-chain-item-link noplay\" rel=\"tag\" href=\"http:\/\/delicious.com\/griset\/BD\"><span class=\"tag-chain-item-span\">BD<\/span><\/a><\/li>\n<li class=\"tag-chain-item off\"><a class=\"tag-chain-item-link noplay\" rel=\"tag\" href=\"http:\/\/delicious.com\/griset\/angoul%C3%AAme\"><span class=\"tag-chain-item-span\">angoul\u00eame<\/span><\/a><\/li>\n<li class=\"tag-chain-item off last\"><a class=\"tag-chain-item-link noplay\" rel=\"tag\" href=\"http:\/\/delicious.com\/griset\/adaptation_en_bd\"><span class=\"tag-chain-item-span\">adaptation_en_bd<\/span><\/a><\/li>\n<\/ul>\n<\/div>\n<\/div>\n<\/li>\n<li class=\"post isSelf\">\n<div class=\"bookmark NOTHUMB\">\n<div class=\"data\">\n<h4><a class=\"taggedlink\" rel=\"nofollow\" href=\"http:\/\/www.european-creative-industries.eu\/Presse\/tabid\/56\/newsId\/644\/Default.aspx\">L\u2019Allemagne se donne les moyens d\u2019une politique culturelle \u00e0 l\u2019\u00e9tranger renforc\u00e9e sur la Plateforme d&rsquo;information europ\u00e9enne sur les industries culturelles et cr\u00e9atives. (Newsletter Territorial-Culture du 5\/5\/9)<\/a><\/h4>\n<\/div>\n<div class=\"meta\"><\/div>\n<h5 class=\"tag-chain-label\">TAGS<\/h5>\n<div class=\"tagdisplay\">\n<ul class=\"tag-chain\">\n<li class=\"tag-chain-item off first\"><a class=\"tag-chain-item-link noplay\" rel=\"tag\" href=\"http:\/\/delicious.com\/griset\/allemagne\"><span class=\"tag-chain-item-span\">allemagne<\/span><\/a><\/li>\n<li class=\"tag-chain-item off\"><a class=\"tag-chain-item-link noplay\" rel=\"tag\" href=\"http:\/\/delicious.com\/griset\/allemagne_politique_culturelle\"><span class=\"tag-chain-item-span\">allemagne_politique_culturelle<\/span><\/a><\/li>\n<li class=\"tag-chain-item off\"><a class=\"tag-chain-item-link noplay\" rel=\"tag\" href=\"http:\/\/delicious.com\/griset\/plateforme_d%27_information_europ%C3%A9enne\"><span class=\"tag-chain-item-span\">plateforme_d&rsquo;_information_europ\u00e9enne<\/span><\/a><\/li>\n<li class=\"tag-chain-item off\"><a class=\"tag-chain-item-link noplay\" rel=\"tag\" href=\"http:\/\/delicious.com\/griset\/allemand\"><span class=\"tag-chain-item-span\">allemand<\/span><\/a><\/li>\n<li class=\"tag-chain-item off\"><a class=\"tag-chain-item-link noplay\" rel=\"tag\" href=\"http:\/\/delicious.com\/griset\/langue%C3%A9trang%C3%A8re\"><span class=\"tag-chain-item-span\">langue\u00e9trang\u00e8re<\/span><\/a><\/li>\n<li class=\"tag-chain-item off last\"><a class=\"tag-chain-item-link noplay\" rel=\"tag\" href=\"http:\/\/delicious.com\/griset\/languevivante\"><span class=\"tag-chain-item-span\">languevivante<\/span><\/a><\/li>\n<\/ul>\n<\/div>\n<\/div>\n<\/li>\n<li class=\"post isSelf\">\n<div class=\"bookmark NOTHUMB\">\n<div class=\"data\">\n<h4><a class=\"taggedlink\" rel=\"nofollow\" href=\"http:\/\/teatrosiglodeoro.bne.es\/es\/Presentacion\/index.html\">La Biblioth\u00e8que Nationale espagnole ouvre un site sur les manuscrits du si\u00e8cle d\u2019or (Tirso de Molina, Lope de Vega, Calderon de la Barca, etc.) avec un glossaire encore en construction. Le site :<\/a><\/h4>\n<\/div>\n<h5 class=\"tag-chain-label\">TAGS<\/h5>\n<div class=\"tagdisplay\">\n<ul class=\"tag-chain\">\n<li class=\"tag-chain-item off first\"><a class=\"tag-chain-item-link noplay\" rel=\"tag\" href=\"http:\/\/delicious.com\/griset\/biblioth%C3%A8que_nationale_espagnol\"><span class=\"tag-chain-item-span\">biblioth\u00e8que_nationale_espagnol<\/span><\/a><\/li>\n<li class=\"tag-chain-item off\"><a class=\"tag-chain-item-link noplay\" rel=\"tag\" href=\"http:\/\/delicious.com\/griset\/si%C3%A8cle_d%27_or\"><span class=\"tag-chain-item-span\">si\u00e8cle_d&rsquo;_or<\/span><\/a><\/li>\n<li class=\"tag-chain-item off\"><a class=\"tag-chain-item-link noplay\" rel=\"tag\" href=\"http:\/\/delicious.com\/griset\/tirso_de_molina\"><span class=\"tag-chain-item-span\">tirso_de_molina<\/span><\/a><\/li>\n<li class=\"tag-chain-item off\"><a class=\"tag-chain-item-link noplay\" rel=\"tag\" href=\"http:\/\/delicious.com\/griset\/calderon_de_la_barca\"><span class=\"tag-chain-item-span\">calderon_de_la_barca<\/span><\/a><\/li>\n<li class=\"tag-chain-item off\"><a class=\"tag-chain-item-link noplay\" rel=\"tag\" href=\"http:\/\/delicious.com\/griset\/manuscrit\"><span class=\"tag-chain-item-span\">manuscrit<\/span><\/a><\/li>\n<li class=\"tag-chain-item off\"><a class=\"tag-chain-item-link noplay\" rel=\"tag\" href=\"http:\/\/delicious.com\/griset\/langue%C3%A9trang%C3%A8re\"><span class=\"tag-chain-item-span\">langue\u00e9trang\u00e8re<\/span><\/a><\/li>\n<li class=\"tag-chain-item off\"><a class=\"tag-chain-item-link noplay\" rel=\"tag\" href=\"http:\/\/delicious.com\/griset\/languevivante\"><span class=\"tag-chain-item-span\">languevivante<\/span><\/a><\/li>\n<li class=\"tag-chain-item off last\"><a class=\"tag-chain-item-link noplay\" rel=\"tag\" href=\"http:\/\/delicious.com\/griset\/espagne\"><span class=\"tag-chain-item-span\">espagne<\/span><\/a><\/li>\n<\/ul>\n<\/div>\n<\/div>\n<\/li>\n<li class=\"post isSelf\">\n<div class=\"bookmark NOTHUMB\">\n<div class=\"data\">\n<h4><a class=\"taggedlink\" rel=\"nofollow\" href=\"http:\/\/www.elpais.com\/articulo\/cultura\/Siglo\/Oro\/puno\/letra\/elpepucul\/20090504elpepucul_1\/Tes\">La Biblioth\u00e8que Nationale espagnole ouvre un site sur les manuscrits du si\u00e8cle d\u2019or (Tirso de Molina, Lope de Vega, Calderon de la Barca, etc.) avec un glossaire encore en construction (El Pais<br \/>\n<\/a><\/h4>\n<\/div>\n<h5 class=\"tag-chain-label\">TAGS<\/h5>\n<div class=\"tagdisplay\">\n<ul class=\"tag-chain\">\n<li class=\"tag-chain-item off first\"><a class=\"tag-chain-item-link noplay\" rel=\"tag\" href=\"http:\/\/delicious.com\/griset\/espagnol\"><span class=\"tag-chain-item-span\">espagnol<\/span><\/a><\/li>\n<li class=\"tag-chain-item off\"><a class=\"tag-chain-item-link noplay\" rel=\"tag\" href=\"http:\/\/delicious.com\/griset\/langue%C3%A9trang%C3%A8re\"><span class=\"tag-chain-item-span\">langue\u00e9trang\u00e8re<\/span><\/a><\/li>\n<li class=\"tag-chain-item off\"><a class=\"tag-chain-item-link noplay\" rel=\"tag\" href=\"http:\/\/delicious.com\/griset\/languevivante\"><span class=\"tag-chain-item-span\">languevivante<\/span><\/a><\/li>\n<li class=\"tag-chain-item off\"><a class=\"tag-chain-item-link noplay\" rel=\"tag\" href=\"http:\/\/delicious.com\/griset\/manuscrit\"><span class=\"tag-chain-item-span\">manuscrit<\/span><\/a><\/li>\n<li class=\"tag-chain-item off\"><a class=\"tag-chain-item-link noplay\" rel=\"tag\" href=\"http:\/\/delicious.com\/griset\/si%C3%A8cle_d%27_or\"><span class=\"tag-chain-item-span\">si\u00e8cle_d&rsquo;_or<\/span><\/a><\/li>\n<li class=\"tag-chain-item off\"><a class=\"tag-chain-item-link noplay\" rel=\"tag\" href=\"http:\/\/delicious.com\/griset\/tirso_de_molina\"><span class=\"tag-chain-item-span\">tirso_de_molina<\/span><\/a><\/li>\n<li class=\"tag-chain-item off\"><a class=\"tag-chain-item-link noplay\" rel=\"tag\" href=\"http:\/\/delicious.com\/griset\/lope_de_vega\"><span class=\"tag-chain-item-span\">lope_de_vega<\/span><\/a><\/li>\n<li class=\"tag-chain-item off\"><a class=\"tag-chain-item-link noplay\" rel=\"tag\" href=\"http:\/\/delicious.com\/griset\/calderon_de_la_barca\"><span class=\"tag-chain-item-span\">calderon_de_la_barca<\/span><\/a><\/li>\n<li class=\"tag-chain-item off\"><a class=\"tag-chain-item-link noplay\" rel=\"tag\" href=\"http:\/\/delicious.com\/griset\/biblioth%C3%A8que_nationale_espagnole\"><span class=\"tag-chain-item-span\">biblioth\u00e8que_nationale_espagnole<\/span><\/a><\/li>\n<li class=\"tag-chain-item off last\"><a class=\"tag-chain-item-link noplay\" rel=\"tag\" href=\"http:\/\/delicious.com\/griset\/espagne\"><span class=\"tag-chain-item-span\">espagne<\/span><\/a><\/li>\n<\/ul>\n<\/div>\n<\/div>\n<\/li>\n<li class=\"post isSelf\">\n<div class=\"bookmark NOTHUMB\">\n<div class=\"data\">\n<h4><a class=\"taggedlink\" rel=\"nofollow\" href=\"http:\/\/www.elpais.com\/articulo\/cultura\/Julio\/Cortazar\/inesperado\/elpepucul\/20090503elpepicul_1\/Tes\">Des in\u00e9dits de Julio Cortazar (El Pais du 4\/5\/9)<\/a><\/h4>\n<\/div>\n<h5 class=\"tag-chain-label\">TAGS<\/h5>\n<div class=\"tagdisplay\">\n<ul class=\"tag-chain\">\n<li class=\"tag-chain-item off first\"><a class=\"tag-chain-item-link noplay\" rel=\"tag\" href=\"http:\/\/delicious.com\/griset\/cortazar_julio\"><span class=\"tag-chain-item-span\">cortazar_julio<\/span><\/a><\/li>\n<li class=\"tag-chain-item off\"><a class=\"tag-chain-item-link noplay\" rel=\"tag\" href=\"http:\/\/delicious.com\/griset\/in%C3%A9dit\"><span class=\"tag-chain-item-span\">in\u00e9dit<\/span><\/a><\/li>\n<li class=\"tag-chain-item off\"><a class=\"tag-chain-item-link noplay\" rel=\"tag\" href=\"http:\/\/delicious.com\/griset\/litt%C3%A9rature_sud_am%C3%A9ricaine\"><span class=\"tag-chain-item-span\">litt\u00e9rature_sud_am\u00e9ricaine<\/span><\/a><\/li>\n<li class=\"tag-chain-item off\"><a class=\"tag-chain-item-link noplay\" rel=\"tag\" href=\"http:\/\/delicious.com\/griset\/argentine\"><span class=\"tag-chain-item-span\">argentine<\/span><\/a><\/li>\n<li class=\"tag-chain-item off\"><a class=\"tag-chain-item-link noplay\" rel=\"tag\" href=\"http:\/\/delicious.com\/griset\/espagnol\"><span class=\"tag-chain-item-span\">espagnol<\/span><\/a><\/li>\n<li class=\"tag-chain-item off\"><a class=\"tag-chain-item-link noplay\" rel=\"tag\" href=\"http:\/\/delicious.com\/griset\/languevivante\"><span class=\"tag-chain-item-span\">languevivante<\/span><\/a><\/li>\n<li class=\"tag-chain-item off last\"><a class=\"tag-chain-item-link noplay\" rel=\"tag\" href=\"http:\/\/delicious.com\/griset\/langue%C3%A9trang%C3%A8re\"><span class=\"tag-chain-item-span\">langue\u00e9trang\u00e8re<\/span><\/a><\/li>\n<\/ul>\n<\/div>\n<\/div>\n<\/li>\n<li class=\"post last isSelf\">\n<div class=\"bookmark NOTHUMB\">\n<div class=\"data\">\n<h4><a class=\"taggedlink\" rel=\"nofollow\" href=\"http:\/\/www.comite-memoire-esclavage.fr\/\">[Comit\u00e9 pour la M\u00e9moire de l&rsquo;Esclavage] : 10 Mai 2009 : la journ\u00e9e nationale de comm\u00e9moration des m\u00e9moires de la traite n\u00e9gri\u00e8re, de l\u2019esclavage et de leurs abolitions \u00e0 Bordeaux<\/a><\/h4>\n<\/div>\n<h5 class=\"tag-chain-label\">TAGS<\/h5>\n<div class=\"tagdisplay\">\n<ul class=\"tag-chain\">\n<li class=\"tag-chain-item off first\"><a class=\"tag-chain-item-link noplay\" rel=\"tag\" href=\"http:\/\/delicious.com\/griset\/10_mai_2009\"><span class=\"tag-chain-item-span\">10_mai_2009<\/span><\/a><\/li>\n<li class=\"tag-chain-item off\"><a class=\"tag-chain-item-link noplay\" rel=\"tag\" href=\"http:\/\/delicious.com\/griset\/esclavage\"><span class=\"tag-chain-item-span\">esclavage<\/span><\/a><\/li>\n<li class=\"tag-chain-item off\"><a class=\"tag-chain-item-link noplay\" rel=\"tag\" href=\"http:\/\/delicious.com\/griset\/traite_des_esclaves\"><span class=\"tag-chain-item-span\">traite_des_esclaves<\/span><\/a><\/li>\n<li class=\"tag-chain-item off\"><a class=\"tag-chain-item-link noplay\" rel=\"tag\" href=\"http:\/\/delicious.com\/griset\/traite_n%C3%A9gri%C3%A8re\"><span class=\"tag-chain-item-span\">traite_n\u00e9gri\u00e8re<\/span><\/a><\/li>\n<li class=\"tag-chain-item off\"><a class=\"tag-chain-item-link noplay\" rel=\"tag\" href=\"http:\/\/delicious.com\/griset\/noirs\"><span class=\"tag-chain-item-span\">noirs<\/span><\/a><\/li>\n<li class=\"tag-chain-item off\"><a class=\"tag-chain-item-link noplay\" rel=\"tag\" href=\"http:\/\/delicious.com\/griset\/abolitiondel%27esclavage\"><span class=\"tag-chain-item-span\">abolitiondel&rsquo;esclavage<\/span><\/a><\/li>\n<li class=\"tag-chain-item off\"><a class=\"tag-chain-item-link noplay\" rel=\"tag\" href=\"http:\/\/delicious.com\/griset\/bordeaux\"><span class=\"tag-chain-item-span\">bordeaux<\/span><\/a><\/li>\n<li class=\"tag-chain-item off\"><a class=\"tag-chain-item-link noplay\" rel=\"tag\" href=\"http:\/\/delicious.com\/griset\/histoire\"><span class=\"tag-chain-item-span\">histoire<\/span><\/a><\/li>\n<li class=\"tag-chain-item off last\"><a class=\"tag-chain-item-link noplay\" rel=\"tag\" href=\"http:\/\/delicious.com\/griset\/comit%C3%A9_pour_la_m%C3%A9moire_de_l%27_esclavage\"><span class=\"tag-chain-item-span\">comit\u00e9_pour_la_m\u00e9moire_de_l&rsquo;_esclavage<\/span><\/a><\/li>\n<\/ul>\n<\/div>\n<\/div>\n<\/li>\n<\/ul>\n<\/div>\n<div><a class=\"pn prev\" href=\"http:\/\/delicious.com\/griset\/?page=1\"><\/a><\/p>\n<ul class=\"bookmarks NOTHUMB\">\n<li class=\"post first isSelf\">\n<div class=\"bookmark NOTHUMB\">\n<div class=\"data\">\n<h4><a class=\"taggedlink\" rel=\"nofollow\" href=\"http:\/\/www.la-croix.com\/article\/index.jsp?docId=2372657&amp;rubId=5547\">Le pass\u00e9 esclavagiste de l\u2019Europe (La Croix du 5\/5\/9).<\/a><\/h4>\n<\/div>\n<div class=\"meta\"><\/div>\n<h5 class=\"tag-chain-label\">TAGS<\/h5>\n<div class=\"tagdisplay\">\n<ul class=\"tag-chain\">\n<li class=\"tag-chain-item off first\"><a class=\"tag-chain-item-link noplay\" rel=\"tag\" href=\"http:\/\/delicious.com\/griset\/histoire\"><span class=\"tag-chain-item-span\">histoire<\/span><\/a><\/li>\n<li class=\"tag-chain-item off last\"><a class=\"tag-chain-item-link noplay\" rel=\"tag\" href=\"http:\/\/delicious.com\/griset\/esclavage\"><span class=\"tag-chain-item-span\">esclavage<\/span><\/a><\/li>\n<\/ul>\n<\/div>\n<\/div>\n<\/li>\n<li class=\"post isSelf\">\n<div class=\"bookmark NOTHUMB\">\n<div class=\"data\">\n<h4><a class=\"taggedlink\" rel=\"nofollow\" href=\"http:\/\/www.la-croix.com\/article\/index.jsp?docId=2372661&amp;rubId=786\">Les mots pour dire l&rsquo;esclavage  (La Croix du 5\/5\/9)<\/a><\/h4>\n<\/div>\n<div class=\"meta\"><\/div>\n<h5 class=\"tag-chain-label\">TAGS<\/h5>\n<div class=\"tagdisplay\">\n<ul class=\"tag-chain\">\n<li class=\"tag-chain-item off first\"><a class=\"tag-chain-item-link noplay\" rel=\"tag\" href=\"http:\/\/delicious.com\/griset\/histoire\"><span class=\"tag-chain-item-span\">histoire<\/span><\/a><\/li>\n<li class=\"tag-chain-item off\"><a class=\"tag-chain-item-link noplay\" rel=\"tag\" href=\"http:\/\/delicious.com\/griset\/esclavage\"><span class=\"tag-chain-item-span\">esclavage<\/span><\/a><\/li>\n<li class=\"tag-chain-item off\"><a class=\"tag-chain-item-link noplay\" rel=\"tag\" href=\"http:\/\/delicious.com\/griset\/commerce_triangulaire\"><span class=\"tag-chain-item-span\">commerce_triangulaire<\/span><\/a><\/li>\n<li class=\"tag-chain-item off last\"><a class=\"tag-chain-item-link noplay\" rel=\"tag\" href=\"http:\/\/delicious.com\/griset\/traite_des_esclaves\"><span class=\"tag-chain-item-span\">traite_des_esclaves<\/span><\/a><\/li>\n<\/ul>\n<\/div>\n<\/div>\n<\/li>\n<li class=\"post isSelf\">\n<div class=\"bookmark NOTHUMB\">\n<div class=\"data\">\n<h4><a class=\"taggedlink\" rel=\"nofollow\" href=\"http:\/\/www.la-croix.com\/article\/index.jsp?docId=2372658&amp;rubId=786\">Une r\u00e9forme se met en place \u00e0 l\u2019\u00e9cole pour parler de l\u2019esclavage (La Croix du 5\/5\/9)<\/a><\/h4>\n<\/div>\n<div class=\"meta\">\n<div class=\"editdel\">\n<div class=\"deleteconfirmation hidden\"><a class=\"action deletecancel\" href=\"http:\/\/delicious.com\/post\/delete?url=http%3A%2F%2Fwww.la-croix.com%2Farticle%2Findex.jsp%3FdocId%3D2372658%26rubId%3D786&amp;hash=ce0b19bda5d9eb668d1e8b327c2c6228&amp;key=t8NKJ1ijJV1gLn3OgXv_qZHTXC0-\"><br \/>\n<\/a><\/div>\n<\/div>\n<\/div>\n<h5 class=\"tag-chain-label\">TAGS<\/h5>\n<div class=\"tagdisplay\">\n<ul class=\"tag-chain\">\n<li class=\"tag-chain-item off first\"><a class=\"tag-chain-item-link noplay\" rel=\"tag\" href=\"http:\/\/delicious.com\/griset\/histoire\"><span class=\"tag-chain-item-span\">histoire<\/span><\/a><\/li>\n<li class=\"tag-chain-item off last\"><a class=\"tag-chain-item-link noplay\" rel=\"tag\" href=\"http:\/\/delicious.com\/griset\/esclavage\"><span class=\"tag-chain-item-span\">esclavage<\/span><\/a><\/li>\n<\/ul>\n<\/div>\n<\/div>\n<\/li>\n<li class=\"post isSelf\">\n<div class=\"bookmark NOTHUMB\">\n<div class=\"data\">\n<h4><a class=\"taggedlink\" rel=\"nofollow\" href=\"http:\/\/www.la-croix.com\/article\/index.jsp?docId=2372660&amp;rubId=786\">Bordeaux expose son histoire de port n\u00e9grier (La Croix du 5\/5\/9)<\/a><\/h4>\n<\/div>\n<div class=\"meta\"><\/div>\n<h5 class=\"tag-chain-label\">TAGS<\/h5>\n<div class=\"tagdisplay\">\n<ul class=\"tag-chain\">\n<li class=\"tag-chain-item off first\"><a class=\"tag-chain-item-link noplay\" rel=\"tag\" href=\"http:\/\/delicious.com\/griset\/bordeaux\"><span class=\"tag-chain-item-span\">bordeaux<\/span><\/a><\/li>\n<li class=\"tag-chain-item off\"><a class=\"tag-chain-item-link noplay\" rel=\"tag\" href=\"http:\/\/delicious.com\/griset\/port_n%C3%A9grier\"><span class=\"tag-chain-item-span\">port_n\u00e9grier<\/span><\/a><\/li>\n<li class=\"tag-chain-item off\"><a class=\"tag-chain-item-link noplay\" rel=\"tag\" href=\"http:\/\/delicious.com\/griset\/commerce_triangulaire\"><span class=\"tag-chain-item-span\">commerce_triangulaire<\/span><\/a><\/li>\n<li class=\"tag-chain-item off\"><a class=\"tag-chain-item-link noplay\" rel=\"tag\" href=\"http:\/\/delicious.com\/griset\/esclavage\"><span class=\"tag-chain-item-span\">esclavage<\/span><\/a><\/li>\n<li class=\"tag-chain-item off\"><a class=\"tag-chain-item-link noplay\" rel=\"tag\" href=\"http:\/\/delicious.com\/griset\/histoire\"><span class=\"tag-chain-item-span\">histoire<\/span><\/a><\/li>\n<li class=\"tag-chain-item off last\"><a class=\"tag-chain-item-link noplay\" rel=\"tag\" href=\"http:\/\/delicious.com\/griset\/Noirs\"><span class=\"tag-chain-item-span\">Noirs<\/span><\/a><\/li>\n<\/ul>\n<\/div>\n<\/div>\n<\/li>\n<li class=\"post isSelf\">\n<div class=\"bookmark NOTHUMB\">\n<div class=\"data\">\n<h4><a class=\"taggedlink\" rel=\"nofollow\" href=\"http:\/\/www.lemonde.fr\/web\/depeches\/0,14-0,39-39211109@7-37,0.html\">Des centaines de cadavres de la Premi\u00e8re Guerre mondiale exhum\u00e9s (Le Monde du 5\/5\/9)<\/a><\/h4>\n<\/div>\n<div class=\"meta\"><\/div>\n<h5 class=\"tag-chain-label\">TAGS<\/h5>\n<div class=\"tagdisplay\">\n<ul class=\"tag-chain\">\n<li class=\"tag-chain-item off first\"><a class=\"tag-chain-item-link noplay\" rel=\"tag\" href=\"http:\/\/delicious.com\/griset\/guerremondiale19141918\"><span class=\"tag-chain-item-span\">guerremondiale19141918<\/span><\/a><\/li>\n<li class=\"tag-chain-item off\"><a class=\"tag-chain-item-link noplay\" rel=\"tag\" href=\"http:\/\/delicious.com\/griset\/histoire\"><span class=\"tag-chain-item-span\">histoire<\/span><\/a><\/li>\n<li class=\"tag-chain-item off last\"><a class=\"tag-chain-item-link noplay\" rel=\"tag\" href=\"http:\/\/delicious.com\/griset\/guerre\"><span class=\"tag-chain-item-span\">guerre<\/span><\/a><\/li>\n<\/ul>\n<\/div>\n<\/div>\n<\/li>\n<li class=\"post isSelf\">\n<div class=\"bookmark NOTHUMB\">\n<div class=\"data\">\n<h4><a class=\"taggedlink\" rel=\"nofollow\" href=\"http:\/\/www.la-croix.com\/article\/index.jsp?docId=2372665&amp;rubId=25041\">Le Conseil de l&rsquo;Europe souffle ses 60 bougies sur la toile &#8211; Internet &#8230;(La Croix du 5\/5\/9)<\/a><\/h4>\n<\/div>\n<div class=\"meta\"><\/div>\n<h5 class=\"tag-chain-label\">TAGS<\/h5>\n<div class=\"tagdisplay\">\n<ul class=\"tag-chain\">\n<li class=\"tag-chain-item off first\"><a class=\"tag-chain-item-link noplay\" rel=\"tag\" href=\"http:\/\/delicious.com\/griset\/unioneurop%C3%A9enne\"><span class=\"tag-chain-item-span\">unioneurop\u00e9enne<\/span><\/a><\/li>\n<li class=\"tag-chain-item off\"><a class=\"tag-chain-item-link noplay\" rel=\"tag\" href=\"http:\/\/delicious.com\/griset\/conseil_de_l%27_europe\"><span class=\"tag-chain-item-span\">conseil_de_l&rsquo;_europe<\/span><\/a><\/li>\n<li class=\"tag-chain-item off\"><a class=\"tag-chain-item-link noplay\" rel=\"tag\" href=\"http:\/\/delicious.com\/griset\/internet\"><span class=\"tag-chain-item-span\">internet<\/span><\/a><\/li>\n<li class=\"tag-chain-item off last\"><a class=\"tag-chain-item-link noplay\" rel=\"tag\" href=\"http:\/\/delicious.com\/griset\/histoire\"><span class=\"tag-chain-item-span\">histoire<\/span><\/a><\/li>\n<\/ul>\n<\/div>\n<\/div>\n<\/li>\n<li class=\"post isSelf\">\n<div class=\"bookmark NOTHUMB\">\n<div class=\"data\">\n<h4><a class=\"taggedlink\" rel=\"nofollow\" href=\"http:\/\/www.lemonde.fr\/politique\/article\/2009\/05\/04\/les-dates-cles-des-deux-annees-de-presidence-de-nicolas-sarkozy_1188606_823448.html\">Les dates cl\u00e9s des deux ann\u00e9es de pr\u00e9sidence de Nicolas Sarkozy : les dates-cl\u00e9s (Le Monde du 5\/5\/9)<\/a><\/h4>\n<\/div>\n<div class=\"meta\"><\/div>\n<h5 class=\"tag-chain-label\">TAGS<\/h5>\n<div class=\"tagdisplay\">\n<ul class=\"tag-chain\">\n<li class=\"tag-chain-item off first\"><a class=\"tag-chain-item-link noplay\" rel=\"tag\" href=\"http:\/\/delicious.com\/griset\/sarkozy_nicolas\"><span class=\"tag-chain-item-span\">sarkozy_nicolas<\/span><\/a><\/li>\n<li class=\"tag-chain-item off\"><a class=\"tag-chain-item-link noplay\" rel=\"tag\" href=\"http:\/\/delicious.com\/griset\/histoire\"><span class=\"tag-chain-item-span\">histoire<\/span><\/a><\/li>\n<li class=\"tag-chain-item off\"><a class=\"tag-chain-item-link noplay\" rel=\"tag\" href=\"http:\/\/delicious.com\/griset\/sciences_politiques\"><span class=\"tag-chain-item-span\">sciences_politiques<\/span><\/a><\/li>\n<li class=\"tag-chain-item off\"><a class=\"tag-chain-item-link noplay\" rel=\"tag\" href=\"http:\/\/delicious.com\/griset\/2007_2009\"><span class=\"tag-chain-item-span\">2007_2009<\/span><\/a><\/li>\n<li class=\"tag-chain-item off last\"><a class=\"tag-chain-item-link noplay\" rel=\"tag\" href=\"http:\/\/delicious.com\/griset\/pr%C3%A9sident_de_la_r%C3%A9publique\"><span class=\"tag-chain-item-span\">pr\u00e9sident_de_la_r\u00e9publique<\/span><\/a><\/li>\n<\/ul>\n<\/div>\n<\/div>\n<\/li>\n<li class=\"post isSelf\">\n<div class=\"bookmark NOTHUMB\">\n<div class=\"data\">\n<h4><a class=\"taggedlink\" rel=\"nofollow\" href=\"http:\/\/www.elysee.fr\/download\/?mode=press&amp;filename=LE_GRAND_PARIS.pdf\">Le Grand Paris : dossier de presse (Le Caf\u00e9 p\u00e9dagogique-L\u2019Expresso du 5\/5\/9)<\/a><\/h4>\n<\/div>\n<div class=\"meta\"><\/div>\n<h5 class=\"tag-chain-label\">TAGS<\/h5>\n<div class=\"tagdisplay\">\n<ul class=\"tag-chain\">\n<li class=\"tag-chain-item off first\"><a class=\"tag-chain-item-link noplay\" rel=\"tag\" href=\"http:\/\/delicious.com\/griset\/histoire\"><span class=\"tag-chain-item-span\">histoire<\/span><\/a><\/li>\n<li class=\"tag-chain-item off\"><a class=\"tag-chain-item-link noplay\" rel=\"tag\" href=\"http:\/\/delicious.com\/griset\/g%C3%A9ographie\"><span class=\"tag-chain-item-span\">g\u00e9ographie<\/span><\/a><\/li>\n<li class=\"tag-chain-item off\"><a class=\"tag-chain-item-link noplay\" rel=\"tag\" href=\"http:\/\/delicious.com\/griset\/grandparis\"><span class=\"tag-chain-item-span\">grandparis<\/span><\/a><\/li>\n<li class=\"tag-chain-item off last\"><a class=\"tag-chain-item-link noplay\" rel=\"tag\" href=\"http:\/\/delicious.com\/griset\/paris\"><span class=\"tag-chain-item-span\">paris<\/span><\/a><\/li>\n<\/ul>\n<\/div>\n<\/div>\n<\/li>\n<li class=\"post isSelf\">\n<div class=\"bookmark NOTHUMB\">\n<div class=\"data\">\n<h4><a class=\"taggedlink\" rel=\"nofollow\" href=\"http:\/\/www.journaldunet.com\/ebusiness\/breve\/france\/38677\/livre-electronique---les-ecrivains-veulent-aussi-des-droits.shtml\">Livre \u00e9lectronique : les \u00e9crivains veulent aussi des droits (JDN e-business du 4-5\/5\/9)<\/a><\/h4>\n<\/div>\n<div class=\"meta\"><\/div>\n<h5 class=\"tag-chain-label\">TAGS<\/h5>\n<div class=\"tagdisplay\">\n<ul class=\"tag-chain\">\n<li class=\"tag-chain-item off first\"><a class=\"tag-chain-item-link noplay\" rel=\"tag\" href=\"http:\/\/delicious.com\/griset\/livre_%C3%A9lectronique\"><span class=\"tag-chain-item-span\">livre_\u00e9lectronique<\/span><\/a><\/li>\n<li class=\"tag-chain-item off\"><a class=\"tag-chain-item-link noplay\" rel=\"tag\" href=\"http:\/\/delicious.com\/griset\/droitd%27auteur\"><span class=\"tag-chain-item-span\">droitd&rsquo;auteur<\/span><\/a><\/li>\n<li class=\"tag-chain-item off last\"><a class=\"tag-chain-item-link noplay\" rel=\"tag\" href=\"http:\/\/delicious.com\/griset\/droit\"><span class=\"tag-chain-item-span\">droit<\/span><\/a><\/li>\n<\/ul>\n<\/div>\n<\/div>\n<\/li>\n<li class=\"post last isSelf\">\n<div class=\"bookmark NOTHUMB\">\n<div class=\"data\">\n<h4><a class=\"taggedlink\" rel=\"nofollow\" href=\"http:\/\/circulaires.gouv.fr\/\">Un site pour les circulaires ouvert depuis le 1\/5\/9 (rep\u00e9r\u00e9 dans http:\/\/capocapesdoc.over-blog.com\/)<\/a><\/h4>\n<div class=\"description\">Instructions et circulaires adress\u00e9es par les ministres aux \u00e9tablissements de l\u2019Etat. Recherche par activit\u00e9s minist\u00e9rielles.<\/div>\n<\/div>\n<div class=\"meta\"><\/div>\n<h5 class=\"tag-chain-label\">TAGS<\/h5>\n<div class=\"tagdisplay\">\n<ul class=\"tag-chain\">\n<li class=\"tag-chain-item off first\"><a class=\"tag-chain-item-link noplay\" rel=\"tag\" href=\"http:\/\/delicious.com\/griset\/droit\"><span class=\"tag-chain-item-span\">droit<\/span><\/a><\/li>\n<li class=\"tag-chain-item off\"><a class=\"tag-chain-item-link noplay\" rel=\"tag\" href=\"http:\/\/delicious.com\/griset\/texte_juridique\"><span class=\"tag-chain-item-span\">texte_juridique<\/span><\/a><\/li>\n<li class=\"tag-chain-item off\"><a class=\"tag-chain-item-link noplay\" rel=\"tag\" href=\"http:\/\/delicious.com\/griset\/circulaire\"><span class=\"tag-chain-item-span\">circulaire<\/span><\/a><\/li>\n<li class=\"tag-chain-item off\"><a class=\"tag-chain-item-link noplay\" rel=\"tag\" href=\"http:\/\/delicious.com\/griset\/instruction\"><span class=\"tag-chain-item-span\">instruction<\/span><\/a><\/li>\n<li class=\"tag-chain-item off last\"><a class=\"tag-chain-item-link noplay\" rel=\"tag\" href=\"http:\/\/delicious.com\/griset\/minist%C3%A8re\"><span class=\"tag-chain-item-span\">minist\u00e8re<\/span><\/a><\/li>\n<\/ul>\n<\/div>\n<\/div>\n<\/li>\n<\/ul>\n<\/div>\n<p><a class=\"pn prev\" href=\"http:\/\/delicious.com\/griset\/?page=2\"><\/a><a class=\"pn next\" href=\"http:\/\/delicious.com\/griset\/?page=4\"><br \/>\n<\/a><\/p>\n<ul class=\"bookmarks NOTHUMB\">\n<li class=\"post first isSelf\">\n<div class=\"bookmark NOTHUMB\">\n<div class=\"data\">\n<h4><a class=\"taggedlink\" rel=\"nofollow\" href=\"http:\/\/www.lefigaro.fr\/elections-europeennes-2009\/2009\/05\/05\/01024-20090505ARTFIG00304-qui-influence-le-parlement-europeen-.php\">Qui influence le Parlement europ\u00e9en ? (Le Figaro du 5\/5\/9) Le pr\u00e9sident de la Fondation Robert-Schuman, Jean-Dominique Giuliani, d\u00e9taille les facteurs qui d\u00e9terminent le vote des d\u00e9put\u00e9s europ\u00e9ens.<\/a><\/h4>\n<\/div>\n<div class=\"meta\"><\/div>\n<h5 class=\"tag-chain-label\">TAGS<\/h5>\n<div class=\"tagdisplay\">\n<ul class=\"tag-chain\">\n<li class=\"tag-chain-item off first\"><a class=\"tag-chain-item-link noplay\" rel=\"tag\" href=\"http:\/\/delicious.com\/griset\/droit\"><span class=\"tag-chain-item-span\">droit<\/span><\/a><\/li>\n<li class=\"tag-chain-item off\"><a class=\"tag-chain-item-link noplay\" rel=\"tag\" href=\"http:\/\/delicious.com\/griset\/parlement_europ%C3%A9en\"><span class=\"tag-chain-item-span\">parlement_europ\u00e9en<\/span><\/a><\/li>\n<li class=\"tag-chain-item off\"><a class=\"tag-chain-item-link noplay\" rel=\"tag\" href=\"http:\/\/delicious.com\/griset\/fondation_robert_schuman\"><span class=\"tag-chain-item-span\">fondation_robert_schuman<\/span><\/a><\/li>\n<li class=\"tag-chain-item off\"><a class=\"tag-chain-item-link noplay\" rel=\"tag\" href=\"http:\/\/delicious.com\/griset\/giuliani_jean_dominique\"><span class=\"tag-chain-item-span\">giuliani_jean_dominique<\/span><\/a><\/li>\n<li class=\"tag-chain-item off last\"><a class=\"tag-chain-item-link noplay\" rel=\"tag\" href=\"http:\/\/delicious.com\/griset\/%C3%A9lections_europ%C3%A9ennes\"><span class=\"tag-chain-item-span\">\u00e9lections_europ\u00e9ennes<\/span><\/a><\/li>\n<\/ul>\n<\/div>\n<\/div>\n<\/li>\n<li class=\"post isSelf\">\n<div class=\"bookmark NOTHUMB\">\n<div class=\"data\">\n<h4><a class=\"taggedlink\" rel=\"nofollow\" href=\"http:\/\/www.linternaute.com\/television\/programme-tv\/programme\/2610976\/faiseurs-d-euro\/\">Sur France 5 \u00e0 20h35 : un documentaire \u00ab Faiseurs d\u2019euros \u00bb (L\u2019Internaute-T\u00e9l\u00e9vision du 4\/5\/9) L\u2019histoire de la construction mon\u00e9taire europ\u00e9enne<\/a><\/h4>\n<\/div>\n<div class=\"meta\"><\/div>\n<h5 class=\"tag-chain-label\">TAGS<\/h5>\n<div class=\"tagdisplay\">\n<ul class=\"tag-chain\">\n<li class=\"tag-chain-item off first\"><a class=\"tag-chain-item-link noplay\" rel=\"tag\" href=\"http:\/\/delicious.com\/griset\/france5\"><span class=\"tag-chain-item-span\">france5<\/span><\/a><\/li>\n<li class=\"tag-chain-item off\"><a class=\"tag-chain-item-link noplay\" rel=\"tag\" href=\"http:\/\/delicious.com\/griset\/euro\"><span class=\"tag-chain-item-span\">euro<\/span><\/a><\/li>\n<li class=\"tag-chain-item off\"><a class=\"tag-chain-item-link noplay\" rel=\"tag\" href=\"http:\/\/delicious.com\/griset\/construction_mon%C3%A9taire\"><span class=\"tag-chain-item-span\">construction_mon\u00e9taire<\/span><\/a><\/li>\n<li class=\"tag-chain-item off\"><a class=\"tag-chain-item-link noplay\" rel=\"tag\" href=\"http:\/\/delicious.com\/griset\/unioneurop%C3%A9enne\"><span class=\"tag-chain-item-span\">unioneurop\u00e9enne<\/span><\/a><\/li>\n<li class=\"tag-chain-item off\"><a class=\"tag-chain-item-link noplay\" rel=\"tag\" href=\"http:\/\/delicious.com\/griset\/faiseurs_d%27_euros\"><span class=\"tag-chain-item-span\">faiseurs_d&rsquo;_euros<\/span><\/a><\/li>\n<li class=\"tag-chain-item off last\"><a class=\"tag-chain-item-link noplay\" rel=\"tag\" href=\"http:\/\/delicious.com\/griset\/%C3%A9conomie\"><span class=\"tag-chain-item-span\">\u00e9conomie<\/span><\/a><\/li>\n<\/ul>\n<\/div>\n<\/div>\n<\/li>\n<li class=\"post isSelf\">\n<div class=\"bookmark NOTHUMB\">\n<div class=\"data\">\n<h4><a class=\"taggedlink\" rel=\"nofollow\" href=\"http:\/\/www.ielovepme.com\/strategie\/286-les-pme-doivent-cartographier-les-competences-internes.html?5a306bcc3c0875c69aab39cc3852c291=1f627a76274891b8f80ec18d823ebb4a\">Les PME doivent cartographier les comp\u00e9tences internes L\u2019intelligence \u00e9conomique utiliser le mapping : pour \u00e9claircir les informations n\u00e9cessaires aux dirigeants, trouver les liens entre les intervenants, et les diff\u00e9rents r\u00e9seaux (Site IElovepme, pos&#8230;<\/a><\/h4>\n<\/div>\n<div class=\"meta\"><\/div>\n<h5 class=\"tag-chain-label\">TAGS<\/h5>\n<div class=\"tagdisplay\">\n<ul class=\"tag-chain\">\n<li class=\"tag-chain-item off first\"><a class=\"tag-chain-item-link noplay\" rel=\"tag\" href=\"http:\/\/delicious.com\/griset\/%C3%A9conomie\"><span class=\"tag-chain-item-span\">\u00e9conomie<\/span><\/a><\/li>\n<li class=\"tag-chain-item off\"><a class=\"tag-chain-item-link noplay\" rel=\"tag\" href=\"http:\/\/delicious.com\/griset\/intelligence_%C3%A9conomique\"><span class=\"tag-chain-item-span\">intelligence_\u00e9conomique<\/span><\/a><\/li>\n<li class=\"tag-chain-item off\"><a class=\"tag-chain-item-link noplay\" rel=\"tag\" href=\"http:\/\/delicious.com\/griset\/PME\"><span class=\"tag-chain-item-span\">PME<\/span><\/a><\/li>\n<li class=\"tag-chain-item off\"><a class=\"tag-chain-item-link noplay\" rel=\"tag\" href=\"http:\/\/delicious.com\/griset\/comp%C3%A9tence_interne\"><span class=\"tag-chain-item-span\">comp\u00e9tence_interne<\/span><\/a><\/li>\n<li class=\"tag-chain-item off\"><a class=\"tag-chain-item-link noplay\" rel=\"tag\" href=\"http:\/\/delicious.com\/griset\/mapping\"><span class=\"tag-chain-item-span\">mapping<\/span><\/a><\/li>\n<li class=\"tag-chain-item off\"><a class=\"tag-chain-item-link noplay\" rel=\"tag\" href=\"http:\/\/delicious.com\/griset\/IElovepme\"><span class=\"tag-chain-item-span\">IElovepme<\/span><\/a><\/li>\n<li class=\"tag-chain-item off\"><a class=\"tag-chain-item-link noplay\" rel=\"tag\" href=\"http:\/\/delicious.com\/griset\/bevernage_lidia\"><span class=\"tag-chain-item-span\">bevernage_lidia<\/span><\/a><\/li>\n<li class=\"tag-chain-item off last\"><a class=\"tag-chain-item-link noplay\" rel=\"tag\" href=\"http:\/\/delicious.com\/griset\/information\"><span class=\"tag-chain-item-span\">information<\/span><\/a><\/li>\n<\/ul>\n<\/div>\n<\/div>\n<\/li>\n<li class=\"post isSelf\">\n<div class=\"bookmark NOTHUMB\">\n<div class=\"data\">\n<h4><a class=\"taggedlink\" rel=\"nofollow\" href=\"http:\/\/www.journaldunet.com\/solutions\/dossiers\/km\/sommaire.shtml\">Une compilation d&rsquo;articles sur le Knowledge management dans le Journal du Net (JDN Solutions du 5-6\/5\/9)<\/a><\/h4>\n<\/div>\n<h5 class=\"tag-chain-label\">TAGS<\/h5>\n<div class=\"tagdisplay\">\n<ul class=\"tag-chain\">\n<li class=\"tag-chain-item off first\"><a class=\"tag-chain-item-link noplay\" rel=\"tag\" href=\"http:\/\/delicious.com\/griset\/%C3%A9conomie\"><span class=\"tag-chain-item-span\">\u00e9conomie<\/span><\/a><\/li>\n<li class=\"tag-chain-item off\"><a class=\"tag-chain-item-link noplay\" rel=\"tag\" href=\"http:\/\/delicious.com\/griset\/information\"><span class=\"tag-chain-item-span\">information<\/span><\/a><\/li>\n<li class=\"tag-chain-item off last\"><a class=\"tag-chain-item-link noplay\" rel=\"tag\" href=\"http:\/\/delicious.com\/griset\/knowledge_management\"><span class=\"tag-chain-item-span\">knowledge_management<\/span><\/a><\/li>\n<\/ul>\n<\/div>\n<\/div>\n<\/li>\n<li class=\"post isSelf\">\n<div class=\"bookmark NOTHUMB\">\n<div class=\"data\">\n<h4><a class=\"taggedlink\" rel=\"nofollow\" href=\"http:\/\/www.lesechos.fr\/info\/france\/4860810.htm?xtor=EPR-1083\">Bercy 2010 : Bercy maintient les r\u00e8gles de mod\u00e9ration des d\u00e9penses (Les Echos-France du 5\/5\/9)<\/a><\/h4>\n<\/div>\n<div class=\"meta\">\n<div class=\"editdel\">\n<div class=\"deleteconfirmation hidden\"><a class=\"action deletecancel\" href=\"http:\/\/delicious.com\/post\/delete?url=http%3A%2F%2Fwww.lesechos.fr%2Finfo%2Ffrance%2F4860810.htm%3Fxtor%3DEPR-1083&amp;hash=5e7cf9978fe9114a571ee8ff0522f913&amp;key=t8NKJ1ijJV1gLn3OgXv_qZHTXC0-\"><br \/>\n<\/a><\/div>\n<\/div>\n<\/div>\n<h5 class=\"tag-chain-label\">TAGS<\/h5>\n<div class=\"tagdisplay\">\n<ul class=\"tag-chain\">\n<li class=\"tag-chain-item off first\"><a class=\"tag-chain-item-link noplay\" rel=\"tag\" href=\"http:\/\/delicious.com\/griset\/woerth_eric\"><span class=\"tag-chain-item-span\">woerth_eric<\/span><\/a><\/li>\n<li class=\"tag-chain-item off\"><a class=\"tag-chain-item-link noplay\" rel=\"tag\" href=\"http:\/\/delicious.com\/griset\/minist%C3%A8re_du_budget\"><span class=\"tag-chain-item-span\">minist\u00e8re_du_budget<\/span><\/a><\/li>\n<li class=\"tag-chain-item off\"><a class=\"tag-chain-item-link noplay\" rel=\"tag\" href=\"http:\/\/delicious.com\/griset\/rgpp\"><span class=\"tag-chain-item-span\">rgpp<\/span><\/a><\/li>\n<li class=\"tag-chain-item off\"><a class=\"tag-chain-item-link noplay\" rel=\"tag\" href=\"http:\/\/delicious.com\/griset\/r%C3%A9duction_des_co%C3%BBts\"><span class=\"tag-chain-item-span\">r\u00e9duction_des_co\u00fbts<\/span><\/a><\/li>\n<li class=\"tag-chain-item off\"><a class=\"tag-chain-item-link noplay\" rel=\"tag\" href=\"http:\/\/delicious.com\/griset\/crisefinanci%C3%A8re\"><span class=\"tag-chain-item-span\">crisefinanci\u00e8re<\/span><\/a><\/li>\n<li class=\"tag-chain-item off last\"><a class=\"tag-chain-item-link noplay\" rel=\"tag\" href=\"http:\/\/delicious.com\/griset\/criseboursi%C3%A8re\"><span class=\"tag-chain-item-span\">criseboursi\u00e8re<\/span><\/a><\/li>\n<\/ul>\n<\/div>\n<\/div>\n<\/li>\n<li class=\"post isSelf\">\n<div class=\"bookmark NOTHUMB\">\n<div class=\"data\">\n<h4><a class=\"taggedlink\" rel=\"nofollow\" href=\"http:\/\/www.lesechos.fr\/info\/france\/4860959.htm?xtor=EPR-1083\">Eric Woerth va lancer une \u00e9valuation des niches sociales et fiscales (Les Echos-France du 5\/5\/9)<\/a><\/h4>\n<\/div>\n<div class=\"meta\"><\/div>\n<h5 class=\"tag-chain-label\">TAGS<\/h5>\n<div class=\"tagdisplay\">\n<ul class=\"tag-chain\">\n<li class=\"tag-chain-item off first\"><a class=\"tag-chain-item-link noplay\" rel=\"tag\" href=\"http:\/\/delicious.com\/griset\/woerth_eric\"><span class=\"tag-chain-item-span\">woerth_eric<\/span><\/a><\/li>\n<li class=\"tag-chain-item off\"><a class=\"tag-chain-item-link noplay\" rel=\"tag\" href=\"http:\/\/delicious.com\/griset\/droitfiscal\"><span class=\"tag-chain-item-span\">droitfiscal<\/span><\/a><\/li>\n<li class=\"tag-chain-item off\"><a class=\"tag-chain-item-link noplay\" rel=\"tag\" href=\"http:\/\/delicious.com\/griset\/niche_fiscale\"><span class=\"tag-chain-item-span\">niche_fiscale<\/span><\/a><\/li>\n<li class=\"tag-chain-item off\"><a class=\"tag-chain-item-link noplay\" rel=\"tag\" href=\"http:\/\/delicious.com\/griset\/niche_sociale\"><span class=\"tag-chain-item-span\">niche_sociale<\/span><\/a><\/li>\n<li class=\"tag-chain-item off\"><a class=\"tag-chain-item-link noplay\" rel=\"tag\" href=\"http:\/\/delicious.com\/griset\/r%C3%A9duction_des_co%C3%BBts\"><span class=\"tag-chain-item-span\">r\u00e9duction_des_co\u00fbts<\/span><\/a><\/li>\n<li class=\"tag-chain-item off\"><a class=\"tag-chain-item-link noplay\" rel=\"tag\" href=\"http:\/\/delicious.com\/griset\/rgpp\"><span class=\"tag-chain-item-span\">rgpp<\/span><\/a><\/li>\n<li class=\"tag-chain-item off\"><a class=\"tag-chain-item-link noplay\" rel=\"tag\" href=\"http:\/\/delicious.com\/griset\/minist%C3%A8re_du_budget\"><span class=\"tag-chain-item-span\">minist\u00e8re_du_budget<\/span><\/a><\/li>\n<li class=\"tag-chain-item off\"><a class=\"tag-chain-item-link noplay\" rel=\"tag\" href=\"http:\/\/delicious.com\/griset\/crisefinanci%C3%A8re\"><span class=\"tag-chain-item-span\">crisefinanci\u00e8re<\/span><\/a><\/li>\n<li class=\"tag-chain-item off last\"><a class=\"tag-chain-item-link noplay\" rel=\"tag\" href=\"http:\/\/delicious.com\/griset\/criseboursi%C3%A8re\"><span class=\"tag-chain-item-span\">criseboursi\u00e8re<\/span><\/a><\/li>\n<\/ul>\n<\/div>\n<\/div>\n<\/li>\n<li class=\"post isSelf\">\n<div class=\"bookmark NOTHUMB\">\n<div class=\"data\">\n<h4><a class=\"taggedlink\" rel=\"nofollow\" href=\"http:\/\/www.agefi.fr\/articles\/imprimer.aspx?id=1072363&amp;fil_info=0\">Les h\u00f4pitaux fran\u00e7ais viennent sur le march\u00e9 de la dette (Agefi du 4\/5\/9)<\/a><\/h4>\n<\/div>\n<div class=\"meta\"><\/div>\n<h5 class=\"tag-chain-label\">TAGS<\/h5>\n<div class=\"tagdisplay\">\n<ul class=\"tag-chain\">\n<li class=\"tag-chain-item off first\"><a class=\"tag-chain-item-link noplay\" rel=\"tag\" href=\"http:\/\/delicious.com\/griset\/sant%C3%A9\"><span class=\"tag-chain-item-span\">sant\u00e9<\/span><\/a><\/li>\n<li class=\"tag-chain-item off\"><a class=\"tag-chain-item-link noplay\" rel=\"tag\" href=\"http:\/\/delicious.com\/griset\/h%C3%B4pital\"><span class=\"tag-chain-item-span\">h\u00f4pital<\/span><\/a><\/li>\n<li class=\"tag-chain-item off\"><a class=\"tag-chain-item-link noplay\" rel=\"tag\" href=\"http:\/\/delicious.com\/griset\/crisefinanci%C3%A8re\"><span class=\"tag-chain-item-span\">crisefinanci\u00e8re<\/span><\/a><\/li>\n<li class=\"tag-chain-item off\"><a class=\"tag-chain-item-link noplay\" rel=\"tag\" href=\"http:\/\/delicious.com\/griset\/dette\"><span class=\"tag-chain-item-span\">dette<\/span><\/a><\/li>\n<li class=\"tag-chain-item off\"><a class=\"tag-chain-item-link noplay\" rel=\"tag\" href=\"http:\/\/delicious.com\/griset\/endettement\"><span class=\"tag-chain-item-span\">endettement<\/span><\/a><\/li>\n<li class=\"tag-chain-item off\"><a class=\"tag-chain-item-link noplay\" rel=\"tag\" href=\"http:\/\/delicious.com\/griset\/social\"><span class=\"tag-chain-item-span\">social<\/span><\/a><\/li>\n<li class=\"tag-chain-item off\"><a class=\"tag-chain-item-link noplay\" rel=\"tag\" href=\"http:\/\/delicious.com\/griset\/cr%C3%A9dit\"><span class=\"tag-chain-item-span\">cr\u00e9dit<\/span><\/a><\/li>\n<li class=\"tag-chain-item off last\"><a class=\"tag-chain-item-link noplay\" rel=\"tag\" href=\"http:\/\/delicious.com\/griset\/criseboursi%C3%A8re\"><span class=\"tag-chain-item-span\">criseboursi\u00e8re<\/span><\/a><\/li>\n<\/ul>\n<\/div>\n<\/div>\n<\/li>\n<li class=\"post isSelf\">\n<div class=\"bookmark NOTHUMB\">\n<div class=\"data\">\n<h4><a class=\"taggedlink\" rel=\"nofollow\" href=\"http:\/\/www.journaldunet.com\/management\/breve\/france\/38698\/1-offre-d-emploi-cadre-sur-10-est-cachee-shtml\">1 offre d&#8217;emploi cadre sur 10 est cach\u00e9e &#8211; Journal du Net  Management du 5\/5\/9<\/a><\/h4>\n<\/div>\n<div class=\"meta\"><\/div>\n<h5 class=\"tag-chain-label\">TAGS<\/h5>\n<div class=\"tagdisplay\">\n<ul class=\"tag-chain\">\n<li class=\"tag-chain-item off first\"><a class=\"tag-chain-item-link noplay\" rel=\"tag\" href=\"http:\/\/delicious.com\/griset\/emploi_des_cadres\"><span class=\"tag-chain-item-span\">emploi_des_cadres<\/span><\/a><\/li>\n<li class=\"tag-chain-item off\"><a class=\"tag-chain-item-link noplay\" rel=\"tag\" href=\"http:\/\/delicious.com\/griset\/cadres\"><span class=\"tag-chain-item-span\">cadres<\/span><\/a><\/li>\n<li class=\"tag-chain-item off\"><a class=\"tag-chain-item-link noplay\" rel=\"tag\" href=\"http:\/\/delicious.com\/griset\/crisefinanci%C3%A8re\"><span class=\"tag-chain-item-span\">crisefinanci\u00e8re<\/span><\/a><\/li>\n<li class=\"tag-chain-item off\"><a class=\"tag-chain-item-link noplay\" rel=\"tag\" href=\"http:\/\/delicious.com\/griset\/criseboursi%C3%A8re\"><span class=\"tag-chain-item-span\">criseboursi\u00e8re<\/span><\/a><\/li>\n<li class=\"tag-chain-item off last\"><a class=\"tag-chain-item-link noplay\" rel=\"tag\" href=\"http:\/\/delicious.com\/griset\/offre_d%27_emploi_cadre\"><span class=\"tag-chain-item-span\">offre_d&rsquo;_emploi_cadre<\/span><\/a><\/li>\n<\/ul>\n<\/div>\n<\/div>\n<\/li>\n<li class=\"post isSelf\">\n<div class=\"bookmark NOTHUMB\">\n<div class=\"data\">\n<h4><a class=\"taggedlink\" rel=\"nofollow\" href=\"http:\/\/www.journaldunet.com\/economie\/actualite\/depeche\/afp\/24\/634734\/sarkozy_precise_la_feuille_de_route_des_commissaires_a_la_reindustrialisation.shtml\">Nicolas Sarkozy pr\u00e9cise la feuille de route des 9 commissaires \u00e0 la r\u00e9industrialisation (JDN Economie du 5\/5\/9)<\/a><\/h4>\n<\/div>\n<div class=\"meta\"><\/div>\n<h5 class=\"tag-chain-label\">TAGS<\/h5>\n<div class=\"tagdisplay\">\n<ul class=\"tag-chain\">\n<li class=\"tag-chain-item off first\"><a class=\"tag-chain-item-link noplay\" rel=\"tag\" href=\"http:\/\/delicious.com\/griset\/commissaire_%C3%A0_la_r%C3%A9industrialiation\"><span class=\"tag-chain-item-span\">commissaire_\u00e0_la_r\u00e9industrialiation<\/span><\/a><\/li>\n<li class=\"tag-chain-item off\"><a class=\"tag-chain-item-link noplay\" rel=\"tag\" href=\"http:\/\/delicious.com\/griset\/r%C3%A9industrialisation\"><span class=\"tag-chain-item-span\">r\u00e9industrialisation<\/span><\/a><\/li>\n<li class=\"tag-chain-item off\"><a class=\"tag-chain-item-link noplay\" rel=\"tag\" href=\"http:\/\/delicious.com\/griset\/industrie\"><span class=\"tag-chain-item-span\">industrie<\/span><\/a><\/li>\n<li class=\"tag-chain-item off\"><a class=\"tag-chain-item-link noplay\" rel=\"tag\" href=\"http:\/\/delicious.com\/griset\/industrialisation\"><span class=\"tag-chain-item-span\">industrialisation<\/span><\/a><\/li>\n<li class=\"tag-chain-item off\"><a class=\"tag-chain-item-link noplay\" rel=\"tag\" href=\"http:\/\/delicious.com\/griset\/social\"><span class=\"tag-chain-item-span\">social<\/span><\/a><\/li>\n<li class=\"tag-chain-item off\"><a class=\"tag-chain-item-link noplay\" rel=\"tag\" href=\"http:\/\/delicious.com\/griset\/plan_de_relance\"><span class=\"tag-chain-item-span\">plan_de_relance<\/span><\/a><\/li>\n<li class=\"tag-chain-item off\"><a class=\"tag-chain-item-link noplay\" rel=\"tag\" href=\"http:\/\/delicious.com\/griset\/crisefinanci%C3%A8re\"><span class=\"tag-chain-item-span\">crisefinanci\u00e8re<\/span><\/a><\/li>\n<li class=\"tag-chain-item off last\"><a class=\"tag-chain-item-link noplay\" rel=\"tag\" href=\"http:\/\/delicious.com\/griset\/criseboursi%C3%A8re\"><span class=\"tag-chain-item-span\">criseboursi\u00e8re<\/span><\/a><\/li>\n<\/ul>\n<\/div>\n<\/div>\n<\/li>\n<li class=\"post last isSelf\">\n<div class=\"bookmark NOTHUMB\">\n<div class=\"data\">\n<h4><a class=\"taggedlink\" rel=\"nofollow\" href=\"http:\/\/www.lesechos.fr\/info\/france\/4860996.htm?xtor=EPR-1083\">Lente mont\u00e9e en charge du contrat de transition professionnelle (Les Echos-France du 5\/5\/9)<\/a><\/h4>\n<div class=\"description\">Un dispositif propos\u00e9 aux licenci\u00e9s \u00e9conomiques des entreprises de moins de 1.000 salari\u00e9s : aide renforc\u00e9e au reclassement plus une indemnisation \u00e9gale \u00e0 80 % de leur salaire brut ant\u00e9rieur pendant un an<\/div>\n<\/div>\n<div class=\"meta\"><\/div>\n<h5 class=\"tag-chain-label\">TAGS<\/h5>\n<div class=\"tagdisplay\">\n<ul class=\"tag-chain\">\n<li class=\"tag-chain-item off first\"><a class=\"tag-chain-item-link noplay\" rel=\"tag\" href=\"http:\/\/delicious.com\/griset\/contrat_de_transition_professionnelle\"><span class=\"tag-chain-item-span\">contrat_de_transition_professionnelle<\/span><\/a><\/li>\n<li class=\"tag-chain-item off\"><a class=\"tag-chain-item-link noplay\" rel=\"tag\" href=\"http:\/\/delicious.com\/griset\/licenciement_%C3%A9conomique\"><span class=\"tag-chain-item-span\">licenciement_\u00e9conomique<\/span><\/a><\/li>\n<li class=\"tag-chain-item off\"><a class=\"tag-chain-item-link noplay\" rel=\"tag\" href=\"http:\/\/delicious.com\/griset\/social\"><span class=\"tag-chain-item-span\">social<\/span><\/a><\/li>\n<li class=\"tag-chain-item off\"><a class=\"tag-chain-item-link noplay\" rel=\"tag\" href=\"http:\/\/delicious.com\/griset\/licenciement\"><span class=\"tag-chain-item-span\">licenciement<\/span><\/a><\/li>\n<li class=\"tag-chain-item off\"><a class=\"tag-chain-item-link noplay\" rel=\"tag\" href=\"http:\/\/delicious.com\/griset\/entreprise_de_moins_de_1000_salari%C3%A9s\"><span class=\"tag-chain-item-span\">entreprise_de_moins_de_1000_salari\u00e9s<\/span><\/a><\/li>\n<li class=\"tag-chain-item off\"><a class=\"tag-chain-item-link noplay\" rel=\"tag\" href=\"http:\/\/delicious.com\/griset\/reclassement\"><span class=\"tag-chain-item-span\">reclassement<\/span><\/a><\/li>\n<li class=\"tag-chain-item off\"><a class=\"tag-chain-item-link noplay\" rel=\"tag\" href=\"http:\/\/delicious.com\/griset\/indemnisation\"><span class=\"tag-chain-item-span\">indemnisation<\/span><\/a><\/li>\n<li class=\"tag-chain-item off last\"><a class=\"tag-chain-item-link noplay\" rel=\"tag\" href=\"http:\/\/delicious.com\/griset\/prime_de_licenciement\"><span class=\"tag-chain-item-span\">prime_de_licenciement<\/span><\/a><\/li>\n<\/ul>\n<\/div>\n<\/div>\n<\/li>\n<\/ul>\n<\/div>\n<p><a class=\"pn prev\" href=\"http:\/\/delicious.com\/griset\/?page=3\"><\/a><\/p>\n<ul class=\"bookmarks NOTHUMB\">\n<li class=\"post first isSelf\">\n<div class=\"bookmark NOTHUMB\">\n<div class=\"data\">\n<h4><a class=\"taggedlink\" rel=\"nofollow\" href=\"http:\/\/www.lemonde.fr\/la-crise-financiere\/article\/2009\/05\/04\/avec-la-crise-le-consommateur-remet-en-question-la-valeur-des-marques_1188584_1101386.html\">Avec la crise, le consommateur remet en question la valeur des marques &#8230;Un sondage du Cr\u00e9doc (Le Monde du 4\/5\/9)<\/a><\/h4>\n<\/div>\n<div class=\"meta\"><\/div>\n<h5 class=\"tag-chain-label\">TAGS<\/h5>\n<div class=\"tagdisplay\">\n<ul class=\"tag-chain\">\n<li class=\"tag-chain-item off first\"><a class=\"tag-chain-item-link noplay\" rel=\"tag\" href=\"http:\/\/delicious.com\/griset\/cr%C3%A9doc\"><span class=\"tag-chain-item-span\">cr\u00e9doc<\/span><\/a><\/li>\n<li class=\"tag-chain-item off\"><a class=\"tag-chain-item-link noplay\" rel=\"tag\" href=\"http:\/\/delicious.com\/griset\/marque\"><span class=\"tag-chain-item-span\">marque<\/span><\/a><\/li>\n<li class=\"tag-chain-item off\"><a class=\"tag-chain-item-link noplay\" rel=\"tag\" href=\"http:\/\/delicious.com\/griset\/commerce\"><span class=\"tag-chain-item-span\">commerce<\/span><\/a><\/li>\n<li class=\"tag-chain-item off\"><a class=\"tag-chain-item-link noplay\" rel=\"tag\" href=\"http:\/\/delicious.com\/griset\/crisefinanci%C3%A8re\"><span class=\"tag-chain-item-span\">crisefinanci\u00e8re<\/span><\/a><\/li>\n<li class=\"tag-chain-item off\"><a class=\"tag-chain-item-link noplay\" rel=\"tag\" href=\"http:\/\/delicious.com\/griset\/criseboursi%C3%A8re\"><span class=\"tag-chain-item-span\">criseboursi\u00e8re<\/span><\/a><\/li>\n<li class=\"tag-chain-item off last\"><a class=\"tag-chain-item-link noplay\" rel=\"tag\" href=\"http:\/\/delicious.com\/griset\/consommation\"><span class=\"tag-chain-item-span\">consommation<\/span><\/a><\/li>\n<\/ul>\n<\/div>\n<\/div>\n<\/li>\n<li class=\"post isSelf\">\n<div class=\"bookmark NOTHUMB\">\n<div class=\"data\">\n<h4><a class=\"taggedlink\" rel=\"nofollow\" href=\"http:\/\/www.leparisien.fr\/economie\/les-fruits-moins-chers-cet-ete-04-05-2009-500609.php\">Les fruits moins chers cet \u00e9t\u00e9 &#8211; Economie &#8211; 04\/05\/2009 &#8211; leParisien.fr<\/a><\/h4>\n<\/div>\n<div class=\"meta\"><\/div>\n<h5 class=\"tag-chain-label\">TAGS<\/h5>\n<div class=\"tagdisplay\">\n<ul class=\"tag-chain\">\n<li class=\"tag-chain-item off first\"><a class=\"tag-chain-item-link noplay\" rel=\"tag\" href=\"http:\/\/delicious.com\/griset\/Fruit\"><span class=\"tag-chain-item-span\">Fruit<\/span><\/a><\/li>\n<li class=\"tag-chain-item off\"><a class=\"tag-chain-item-link noplay\" rel=\"tag\" href=\"http:\/\/delicious.com\/griset\/consommation\"><span class=\"tag-chain-item-span\">consommation<\/span><\/a><\/li>\n<li class=\"tag-chain-item off\"><a class=\"tag-chain-item-link noplay\" rel=\"tag\" href=\"http:\/\/delicious.com\/griset\/agroalimentaire\"><span class=\"tag-chain-item-span\">agroalimentaire<\/span><\/a><\/li>\n<li class=\"tag-chain-item off\"><a class=\"tag-chain-item-link noplay\" rel=\"tag\" href=\"http:\/\/delicious.com\/griset\/crisefinanci%C3%A8re\"><span class=\"tag-chain-item-span\">crisefinanci\u00e8re<\/span><\/a><\/li>\n<li class=\"tag-chain-item off\"><a class=\"tag-chain-item-link noplay\" rel=\"tag\" href=\"http:\/\/delicious.com\/griset\/criseboursi%C3%A8re\"><span class=\"tag-chain-item-span\">criseboursi\u00e8re<\/span><\/a><\/li>\n<li class=\"tag-chain-item off last\"><a class=\"tag-chain-item-link noplay\" rel=\"tag\" href=\"http:\/\/delicious.com\/griset\/commerce\"><span class=\"tag-chain-item-span\">commerce<\/span><\/a><\/li>\n<\/ul>\n<\/div>\n<\/div>\n<\/li>\n<li class=\"post isSelf\">\n<div class=\"bookmark NOTHUMB\">\n<div class=\"data\">\n<h4><a class=\"taggedlink\" rel=\"nofollow\" href=\"http:\/\/www.journaldunet.com\/economie\/actualite\/depeche\/reuters\/24\/634809\/une_dizaine_de_banques_americaines_auraient_besoin_de_capitaux.shtml\">Banques US cherchent capitaux (JDN Economie du 5\/5\/9)<\/a><\/h4>\n<\/div>\n<div class=\"meta\"><\/div>\n<h5 class=\"tag-chain-label\">TAGS<\/h5>\n<div class=\"tagdisplay\">\n<ul class=\"tag-chain\">\n<li class=\"tag-chain-item off first\"><a class=\"tag-chain-item-link noplay\" rel=\"tag\" href=\"http:\/\/delicious.com\/griset\/banque\"><span class=\"tag-chain-item-span\">banque<\/span><\/a><\/li>\n<li class=\"tag-chain-item off\"><a class=\"tag-chain-item-link noplay\" rel=\"tag\" href=\"http:\/\/delicious.com\/griset\/crisefinanci%C3%A8re\"><span class=\"tag-chain-item-span\">crisefinanci\u00e8re<\/span><\/a><\/li>\n<li class=\"tag-chain-item off\"><a class=\"tag-chain-item-link noplay\" rel=\"tag\" href=\"http:\/\/delicious.com\/griset\/criseboursi%C3%A8re\"><span class=\"tag-chain-item-span\">criseboursi\u00e8re<\/span><\/a><\/li>\n<li class=\"tag-chain-item off\"><a class=\"tag-chain-item-link noplay\" rel=\"tag\" href=\"http:\/\/delicious.com\/griset\/banque_am%C3%A9ricaine\"><span class=\"tag-chain-item-span\">banque_am\u00e9ricaine<\/span><\/a><\/li>\n<li class=\"tag-chain-item off\"><a class=\"tag-chain-item-link noplay\" rel=\"tag\" href=\"http:\/\/delicious.com\/griset\/etatsunis_banque\"><span class=\"tag-chain-item-span\">etatsunis_banque<\/span><\/a><\/li>\n<li class=\"tag-chain-item off\"><a class=\"tag-chain-item-link noplay\" rel=\"tag\" href=\"http:\/\/delicious.com\/griset\/aide_aux_banques\"><span class=\"tag-chain-item-span\">aide_aux_banques<\/span><\/a><\/li>\n<li class=\"tag-chain-item off\"><a class=\"tag-chain-item-link noplay\" rel=\"tag\" href=\"http:\/\/delicious.com\/griset\/etatsunis\"><span class=\"tag-chain-item-span\">etatsunis<\/span><\/a><\/li>\n<li class=\"tag-chain-item off last\"><a class=\"tag-chain-item-link noplay\" rel=\"tag\" href=\"http:\/\/delicious.com\/griset\/keyn%C3%A9sianisme\"><span class=\"tag-chain-item-span\">keyn\u00e9sianisme<\/span><\/a><\/li>\n<\/ul>\n<\/div>\n<\/div>\n<\/li>\n<li class=\"post isSelf\">\n<div class=\"bookmark NOTHUMB\">\n<div class=\"data\">\n<h4><a class=\"taggedlink\" rel=\"nofollow\" href=\"http:\/\/www.journaldunet.com\/economie\/actualite\/depeche\/afp\/24\/634752\/usa_les_nouvelles_de_l_immobilier_avivent_l_espoir_de_jours_meilleurs.shtml\">2 bonnes surprises de l\u2019immobilier am\u00e9ricain : les d\u00e9penses de construction et les promesses de ventes ont augment\u00e9 en mars (JDN Economie du 5\/5\/9)<\/a><\/h4>\n<\/div>\n<div class=\"meta\">\n<div class=\"editdel\">\n<div class=\"deleteconfirmation hidden\"><a class=\"action deletecancel\" href=\"http:\/\/delicious.com\/post\/delete?url=http%3A%2F%2Fwww.journaldunet.com%2Feconomie%2Factualite%2Fdepeche%2Fafp%2F24%2F634752%2Fusa_les_nouvelles_de_l_immobilier_avivent_l_espoir_de_jours_meilleurs.shtml&amp;hash=88ce32a02842917c168b3bdece263106&amp;key=t8NKJ1ijJV1gLn3OgXv_qZHTXC0-\"><br \/>\n<\/a><\/div>\n<\/div>\n<\/div>\n<h5 class=\"tag-chain-label\">TAGS<\/h5>\n<div class=\"tagdisplay\">\n<ul class=\"tag-chain\">\n<li class=\"tag-chain-item off first\"><a class=\"tag-chain-item-link noplay\" rel=\"tag\" href=\"http:\/\/delicious.com\/griset\/crisefinanci%C3%A8re\"><span class=\"tag-chain-item-span\">crisefinanci\u00e8re<\/span><\/a><\/li>\n<li class=\"tag-chain-item off\"><a class=\"tag-chain-item-link noplay\" rel=\"tag\" href=\"http:\/\/delicious.com\/griset\/criseboursi%C3%A8re\"><span class=\"tag-chain-item-span\">criseboursi\u00e8re<\/span><\/a><\/li>\n<li class=\"tag-chain-item off\"><a class=\"tag-chain-item-link noplay\" rel=\"tag\" href=\"http:\/\/delicious.com\/griset\/immobilier\"><span class=\"tag-chain-item-span\">immobilier<\/span><\/a><\/li>\n<li class=\"tag-chain-item off\"><a class=\"tag-chain-item-link noplay\" rel=\"tag\" href=\"http:\/\/delicious.com\/griset\/immobilier_am%C3%A9ricain\"><span class=\"tag-chain-item-span\">immobilier_am\u00e9ricain<\/span><\/a><\/li>\n<li class=\"tag-chain-item off\"><a class=\"tag-chain-item-link noplay\" rel=\"tag\" href=\"http:\/\/delicious.com\/griset\/march%C3%A9_de_l%27_immobilier\"><span class=\"tag-chain-item-span\">march\u00e9_de_l&rsquo;_immobilier<\/span><\/a><\/li>\n<li class=\"tag-chain-item off\"><a class=\"tag-chain-item-link noplay\" rel=\"tag\" href=\"http:\/\/delicious.com\/griset\/mars2009\"><span class=\"tag-chain-item-span\">mars2009<\/span><\/a><\/li>\n<li class=\"tag-chain-item off\"><a class=\"tag-chain-item-link noplay\" rel=\"tag\" href=\"http:\/\/delicious.com\/griset\/BTP\"><span class=\"tag-chain-item-span\">BTP<\/span><\/a><\/li>\n<li class=\"tag-chain-item off last\"><a class=\"tag-chain-item-link noplay\" rel=\"tag\" href=\"http:\/\/delicious.com\/griset\/B%C3%A2timent\"><span class=\"tag-chain-item-span\">B\u00e2timent<\/span><\/a><\/li>\n<\/ul>\n<\/div>\n<\/div>\n<\/li>\n<li class=\"post isSelf\">\n<div class=\"bookmark NOTHUMB\">\n<div class=\"data\">\n<h4><a class=\"taggedlink\" rel=\"nofollow\" href=\"http:\/\/television.telerama.fr\/tele\/emission.php?onglet=critique&amp;id=12841064\">Les origines du langage : Une \u00e9mission \u00e0 21h35 le 4\/5\/9 sur France 5 (T\u00e9l\u00e9rama du 2\/5\/9)<\/a><\/h4>\n<\/div>\n<div class=\"meta\"><\/div>\n<h5 class=\"tag-chain-label\">TAGS<\/h5>\n<div class=\"tagdisplay\">\n<ul class=\"tag-chain\">\n<li class=\"tag-chain-item off first\"><a class=\"tag-chain-item-link noplay\" rel=\"tag\" href=\"http:\/\/delicious.com\/griset\/origine_du_langage\"><span class=\"tag-chain-item-span\">origine_du_langage<\/span><\/a><\/li>\n<li class=\"tag-chain-item off\"><a class=\"tag-chain-item-link noplay\" rel=\"tag\" href=\"http:\/\/delicious.com\/griset\/phonation\"><span class=\"tag-chain-item-span\">phonation<\/span><\/a><\/li>\n<li class=\"tag-chain-item off\"><a class=\"tag-chain-item-link noplay\" rel=\"tag\" href=\"http:\/\/delicious.com\/griset\/langue\"><span class=\"tag-chain-item-span\">langue<\/span><\/a><\/li>\n<li class=\"tag-chain-item off\"><a class=\"tag-chain-item-link noplay\" rel=\"tag\" href=\"http:\/\/delicious.com\/griset\/linguistique\"><span class=\"tag-chain-item-span\">linguistique<\/span><\/a><\/li>\n<li class=\"tag-chain-item off\"><a class=\"tag-chain-item-link noplay\" rel=\"tag\" href=\"http:\/\/delicious.com\/griset\/langage\"><span class=\"tag-chain-item-span\">langage<\/span><\/a><\/li>\n<li class=\"tag-chain-item off\"><a class=\"tag-chain-item-link noplay\" rel=\"tag\" href=\"http:\/\/delicious.com\/griset\/france5\"><span class=\"tag-chain-item-span\">france5<\/span><\/a><\/li>\n<li class=\"tag-chain-item off last\"><a class=\"tag-chain-item-link noplay\" rel=\"tag\" href=\"http:\/\/delicious.com\/griset\/sciences\"><span class=\"tag-chain-item-span\">sciences<\/span><\/a><\/li>\n<\/ul>\n<\/div>\n<\/div>\n<\/li>\n<li class=\"post isSelf\">\n<div class=\"bookmark NOTHUMB\">\n<div class=\"data\">\n<h4><a class=\"taggedlink\" rel=\"nofollow\" href=\"http:\/\/www.ac-strasbourg.fr\/sections\/actualites\/remise_des_prix_du_c\/view\">Math\u00e9matiques sans fronti\u00e8res : une comp\u00e9tition internationale  (Le Caf\u00e9 p\u00e9dagogique-L\u2019Expresso du 5\/5\/9)<\/a><\/h4>\n<\/div>\n<h5 class=\"tag-chain-label\">TAGS<\/h5>\n<div class=\"tagdisplay\">\n<ul class=\"tag-chain\">\n<li class=\"tag-chain-item off first\"><a class=\"tag-chain-item-link noplay\" rel=\"tag\" href=\"http:\/\/delicious.com\/griset\/sciences\"><span class=\"tag-chain-item-span\">sciences<\/span><\/a><\/li>\n<li class=\"tag-chain-item off\"><a class=\"tag-chain-item-link noplay\" rel=\"tag\" href=\"http:\/\/delicious.com\/griset\/math%C3%A9matiques\"><span class=\"tag-chain-item-span\">math\u00e9matiques<\/span><\/a><\/li>\n<li class=\"tag-chain-item off\"><a class=\"tag-chain-item-link noplay\" rel=\"tag\" href=\"http:\/\/delicious.com\/griset\/math%C3%A9matiques_sans-fronti%C3%A8res\"><span class=\"tag-chain-item-span\">math\u00e9matiques_sans-fronti\u00e8res<\/span><\/a><\/li>\n<li class=\"tag-chain-item off\"><a class=\"tag-chain-item-link noplay\" rel=\"tag\" href=\"http:\/\/delicious.com\/griset\/concours\"><span class=\"tag-chain-item-span\">concours<\/span><\/a><\/li>\n<li class=\"tag-chain-item off last\"><a class=\"tag-chain-item-link noplay\" rel=\"tag\" href=\"http:\/\/delicious.com\/griset\/concours_de_math%C3%A9matiques\"><span class=\"tag-chain-item-span\">concours_de_math\u00e9matiques<\/span><\/a><\/li>\n<\/ul>\n<\/div>\n<\/div>\n<\/li>\n<li class=\"post isSelf\">\n<div class=\"bookmark NOTHUMB\">\n<div class=\"data\">\n<h4><a class=\"taggedlink\" rel=\"nofollow\" href=\"http:\/\/www.lesechos.fr\/info\/hightec\/afp_00145098.htm?xtor=EPR-1094\">Nano-Innov : lancement aujourd\u2019hui le 5\/5\/9 d\u2019un plan envers les nanotechnologies. Notamment sur le Plateau de Saclay. (Les Echos-High Tech du 5\/5\/9)<\/a><\/h4>\n<div class=\"description\">La France est au cinqui\u00e8me rang pour les publications en nanosciences et nanotechnologies. Mais, avec seulement moins de 2% des brevets mondiaux. Or, il faut \u00eatre comp\u00e9titif face \u00e0 l&rsquo;Asie orientale (Japon, Cor\u00e9e du Sud, Chine, Ta\u00efwan)<\/div>\n<\/div>\n<div class=\"meta\"><\/div>\n<h5 class=\"tag-chain-label\">TAGS<\/h5>\n<div class=\"tagdisplay\">\n<ul class=\"tag-chain\">\n<li class=\"tag-chain-item off first\"><a class=\"tag-chain-item-link noplay\" rel=\"tag\" href=\"http:\/\/delicious.com\/griset\/sciences\"><span class=\"tag-chain-item-span\">sciences<\/span><\/a><\/li>\n<li class=\"tag-chain-item off\"><a class=\"tag-chain-item-link noplay\" rel=\"tag\" href=\"http:\/\/delicious.com\/griset\/nanotechnologies\"><span class=\"tag-chain-item-span\">nanotechnologies<\/span><\/a><\/li>\n<li class=\"tag-chain-item off\"><a class=\"tag-chain-item-link noplay\" rel=\"tag\" href=\"http:\/\/delicious.com\/griset\/nano_innov\"><span class=\"tag-chain-item-span\">nano_innov<\/span><\/a><\/li>\n<li class=\"tag-chain-item off\"><a class=\"tag-chain-item-link noplay\" rel=\"tag\" href=\"http:\/\/delicious.com\/griset\/saclay\"><span class=\"tag-chain-item-span\">saclay<\/span><\/a><\/li>\n<li class=\"tag-chain-item off\"><a class=\"tag-chain-item-link noplay\" rel=\"tag\" href=\"http:\/\/delicious.com\/griset\/plateau_de_saclay\"><span class=\"tag-chain-item-span\">plateau_de_saclay<\/span><\/a><\/li>\n<li class=\"tag-chain-item off\"><a class=\"tag-chain-item-link noplay\" rel=\"tag\" href=\"http:\/\/delicious.com\/griset\/nanosciencs\"><span class=\"tag-chain-item-span\">nanosciences<\/span><\/a><\/li>\n<li class=\"tag-chain-item off\"><a class=\"tag-chain-item-link noplay\" rel=\"tag\" href=\"http:\/\/delicious.com\/griset\/asie_orientale\"><span class=\"tag-chain-item-span\">asie_orientale<\/span><\/a><\/li>\n<li class=\"tag-chain-item off last\"><a class=\"tag-chain-item-link noplay\" rel=\"tag\" href=\"http:\/\/delicious.com\/griset\/brevet\"><span class=\"tag-chain-item-span\">brevet<\/span><\/a><\/li>\n<\/ul>\n<\/div>\n<\/div>\n<\/li>\n<li class=\"post isSelf\">\n<div class=\"bookmark NOTHUMB\">\n<div class=\"data\">\n<h4><a class=\"taggedlink\" rel=\"nofollow\" href=\"http:\/\/www.lemonde.fr\/culture\/article\/2009\/05\/04\/l-art-et-la-science-a-la-poursuite-d-un-meme-reve-voler_1188615_3246.html#ens_id=1188690\">\u00ab Le Pouvoir de voler, ou de la montgolfi\u00e8re au dirigeable \u00bb : une exposition au Mus\u00e9e de Marly-le-Roi L\u2019art et la science \u00e0 la poursuite d\u2019un m\u00eame r\u00eave : voler (Le Monde du 5\/5\/9) Jusqu\u2019au 12\/7\/9. L\u2019exposition montre aussi l\u2019aspect militaire du ballo&#8230;<\/a><\/h4>\n<\/div>\n<div class=\"meta\"><\/div>\n<h5 class=\"tag-chain-label\">TAGS<\/h5>\n<div class=\"tagdisplay\">\n<ul class=\"tag-chain\">\n<li class=\"tag-chain-item off first\"><a class=\"tag-chain-item-link noplay\" rel=\"tag\" href=\"http:\/\/delicious.com\/griset\/voler\"><span class=\"tag-chain-item-span\">voler<\/span><\/a><\/li>\n<li class=\"tag-chain-item off\"><a class=\"tag-chain-item-link noplay\" rel=\"tag\" href=\"http:\/\/delicious.com\/griset\/dirigeable\"><span class=\"tag-chain-item-span\">dirigeable<\/span><\/a><\/li>\n<li class=\"tag-chain-item off\"><a class=\"tag-chain-item-link noplay\" rel=\"tag\" href=\"http:\/\/delicious.com\/griset\/montgolfi%C3%A8re\"><span class=\"tag-chain-item-span\">montgolfi\u00e8re<\/span><\/a><\/li>\n<li class=\"tag-chain-item off\"><a class=\"tag-chain-item-link noplay\" rel=\"tag\" href=\"http:\/\/delicious.com\/griset\/sciences\"><span class=\"tag-chain-item-span\">sciences<\/span><\/a><\/li>\n<li class=\"tag-chain-item off\"><a class=\"tag-chain-item-link noplay\" rel=\"tag\" href=\"http:\/\/delicious.com\/griset\/marly_le_roi\"><span class=\"tag-chain-item-span\">marly_le_roi<\/span><\/a><\/li>\n<li class=\"tag-chain-item off\"><a class=\"tag-chain-item-link noplay\" rel=\"tag\" href=\"http:\/\/delicious.com\/griset\/ballon_captif\"><span class=\"tag-chain-item-span\">ballon_captif<\/span><\/a><\/li>\n<li class=\"tag-chain-item off\"><a class=\"tag-chain-item-link noplay\" rel=\"tag\" href=\"http:\/\/delicious.com\/griset\/artillerie\"><span class=\"tag-chain-item-span\">artillerie<\/span><\/a><\/li>\n<li class=\"tag-chain-item off\"><a class=\"tag-chain-item-link noplay\" rel=\"tag\" href=\"http:\/\/delicious.com\/griset\/histoire\"><span class=\"tag-chain-item-span\">histoire<\/span><\/a><\/li>\n<li class=\"tag-chain-item off last\"><a class=\"tag-chain-item-link noplay\" rel=\"tag\" href=\"http:\/\/delicious.com\/griset\/art_militaire\"><span class=\"tag-chain-item-span\">art_militaire<\/span><\/a><\/li>\n<\/ul>\n<\/div>\n<\/div>\n<\/li>\n<li class=\"post isSelf\">\n<div class=\"bookmark NOTHUMB\">\n<div class=\"data\">\n<h4><a class=\"taggedlink\" rel=\"nofollow\" href=\"http:\/\/www.linternaute.com\/sante\/magazine\/grippe-mexicaine\/\">Grippe mexicaine : le dossier de l\u2019Internaute (L\u2019Internaute-Actualit\u00e9 du 5\/5\/9)<\/a><\/h4>\n<\/div>\n<h5 class=\"tag-chain-label\">TAGS<\/h5>\n<div class=\"tagdisplay\">\n<ul class=\"tag-chain\">\n<li class=\"tag-chain-item off first\"><a class=\"tag-chain-item-link noplay\" rel=\"tag\" href=\"http:\/\/delicious.com\/griset\/grippe_A\"><span class=\"tag-chain-item-span\">grippe_A<\/span><\/a><\/li>\n<li class=\"tag-chain-item off\"><a class=\"tag-chain-item-link noplay\" rel=\"tag\" href=\"http:\/\/delicious.com\/griset\/pand%C3%A9mie_grippale\"><span class=\"tag-chain-item-span\">pand\u00e9mie_grippale<\/span><\/a><\/li>\n<li class=\"tag-chain-item off\"><a class=\"tag-chain-item-link noplay\" rel=\"tag\" href=\"http:\/\/delicious.com\/griset\/grippe_porcine\"><span class=\"tag-chain-item-span\">grippe_porcine<\/span><\/a><\/li>\n<li class=\"tag-chain-item off last\"><a class=\"tag-chain-item-link noplay\" rel=\"tag\" href=\"http:\/\/delicious.com\/griset\/sant%C3%A9\"><span class=\"tag-chain-item-span\">sant\u00e9<\/span><\/a><\/li>\n<\/ul>\n<\/div>\n<\/div>\n<\/li>\n<li class=\"post last isSelf\">\n<div class=\"bookmark NOTHUMB\">\n<div class=\"data\">\n<h4><a class=\"taggedlink\" rel=\"nofollow\" href=\"http:\/\/www.lesechos.fr\/info\/sante\/afp_00145173.htm?xtor=EPR-1098\">L\u2019Institut Pasteur propose un test de d\u00e9tection du virus de la grippe en 12 heures (Les Echos-Sant\u00e9 du 5\/5\/9)<\/a><\/h4>\n<\/div>\n<h5 class=\"tag-chain-label\">TAGS<\/h5>\n<div class=\"tagdisplay\">\n<ul class=\"tag-chain\">\n<li class=\"tag-chain-item off first\"><a class=\"tag-chain-item-link noplay\" rel=\"tag\" href=\"http:\/\/delicious.com\/griset\/grippe\"><span class=\"tag-chain-item-span\">grippe<\/span><\/a><\/li>\n<li class=\"tag-chain-item off\"><a class=\"tag-chain-item-link noplay\" rel=\"tag\" href=\"http:\/\/delicious.com\/griset\/grippe_porcine\"><span class=\"tag-chain-item-span\">grippe_porcine<\/span><\/a><\/li>\n<li class=\"tag-chain-item off\"><a class=\"tag-chain-item-link noplay\" rel=\"tag\" href=\"http:\/\/delicious.com\/griset\/pand%C3%A9mie_grippale\"><span class=\"tag-chain-item-span\">pand\u00e9mie_grippale<\/span><\/a><\/li>\n<li class=\"tag-chain-item off\"><a class=\"tag-chain-item-link noplay\" rel=\"tag\" href=\"http:\/\/delicious.com\/griset\/institut_pasteur\"><span class=\"tag-chain-item-span\">institut_pasteur<\/span><\/a><\/li>\n<li class=\"tag-chain-item off\"><a class=\"tag-chain-item-link noplay\" rel=\"tag\" href=\"http:\/\/delicious.com\/griset\/virus_de_la_grippe\"><span class=\"tag-chain-item-span\">virus_de_la_grippe<\/span><\/a><\/li>\n<li class=\"tag-chain-item off\"><a class=\"tag-chain-item-link noplay\" rel=\"tag\" href=\"http:\/\/delicious.com\/griset\/virus\"><span class=\"tag-chain-item-span\">virus<\/span><\/a><\/li>\n<li class=\"tag-chain-item off last\"><a class=\"tag-chain-item-link noplay\" rel=\"tag\" href=\"http:\/\/delicious.com\/griset\/sant%C3%A9\"><span class=\"tag-chain-item-span\">sant\u00e9<\/span><\/a><\/li>\n<\/ul>\n<\/div>\n<\/div>\n<\/li>\n<\/ul>\n<\/li>\n<div><a class=\"pn prev\" href=\"http:\/\/delicious.com\/griset\/?page=4\"><\/a><\/p>\n<ul class=\"bookmarks NOTHUMB\">\n<form action=\"\/post\/bulkedit\" method=\"post\">\n<li class=\"post first isSelf\">\n<div class=\"bookmark NOTHUMB\">\n<div class=\"data\">\n<h4><a class=\"taggedlink\" rel=\"nofollow\" href=\"http:\/\/www.lesechos.fr\/info\/france\/afp_00145113.htm?xtor=EPR-1083\">Grippe A : le gouvernement maintient \u00ab la cellule de continuit\u00e9 \u00e9conomique \u00bb (Les Echos-France du 5\/5\/9)<\/a><\/h4>\n<\/div>\n<h5 class=\"tag-chain-label\">TAGS<\/h5>\n<div class=\"tagdisplay\">\n<ul class=\"tag-chain\">\n<li class=\"tag-chain-item off first\"><a class=\"tag-chain-item-link noplay\" rel=\"tag\" href=\"http:\/\/delicious.com\/griset\/sant%C3%A9\"><span class=\"tag-chain-item-span\">sant\u00e9<\/span><\/a><\/li>\n<li class=\"tag-chain-item off\"><a class=\"tag-chain-item-link noplay\" rel=\"tag\" href=\"http:\/\/delicious.com\/griset\/grippe_A\"><span class=\"tag-chain-item-span\">grippe_A<\/span><\/a><\/li>\n<li class=\"tag-chain-item off\"><a class=\"tag-chain-item-link noplay\" rel=\"tag\" href=\"http:\/\/delicious.com\/griset\/cellule_de_continuit%C3%A9_%C3%A9conomique\"><span class=\"tag-chain-item-span\">cellule_de_continuit\u00e9_\u00e9conomique<\/span><\/a><\/li>\n<li class=\"tag-chain-item off\"><a class=\"tag-chain-item-link noplay\" rel=\"tag\" href=\"http:\/\/delicious.com\/griset\/grippe_porcine\"><span class=\"tag-chain-item-span\">grippe_porcine<\/span><\/a><\/li>\n<li class=\"tag-chain-item off last\"><a class=\"tag-chain-item-link noplay\" rel=\"tag\" href=\"http:\/\/delicious.com\/griset\/pand%C3%A9mie_grippale\"><span class=\"tag-chain-item-span\">pand\u00e9mie_grippale<\/span><\/a><\/li>\n<\/ul>\n<\/div>\n<\/div>\n<\/li>\n<li class=\"post isSelf\">\n<div class=\"bookmark NOTHUMB\">\n<div class=\"data\">\n<h4><a class=\"taggedlink\" rel=\"nofollow\" href=\"http:\/\/www.linternaute.com\/actualite\/depeche\/afp\/17\/634728\/les_francais_champions_du_sommeil_et_de_la_table.shtml\">Les Fran\u00e7ais, champions du sommeil et de la table (L\u2019Internaute-Actualit\u00e9 du 5\/5\/9)<\/a><\/h4>\n<\/div>\n<div class=\"meta\"><\/div>\n<h5 class=\"tag-chain-label\">TAGS<\/h5>\n<div class=\"tagdisplay\">\n<ul class=\"tag-chain\">\n<li class=\"tag-chain-item off first\"><a class=\"tag-chain-item-link noplay\" rel=\"tag\" href=\"http:\/\/delicious.com\/griset\/sant%C3%A9\"><span class=\"tag-chain-item-span\">sant\u00e9<\/span><\/a><\/li>\n<li class=\"tag-chain-item off\"><a class=\"tag-chain-item-link noplay\" rel=\"tag\" href=\"http:\/\/delicious.com\/griset\/sommeil\"><span class=\"tag-chain-item-span\">sommeil<\/span><\/a><\/li>\n<li class=\"tag-chain-item off\"><a class=\"tag-chain-item-link noplay\" rel=\"tag\" href=\"http:\/\/delicious.com\/griset\/gastronomie\"><span class=\"tag-chain-item-span\">gastronomie<\/span><\/a><\/li>\n<li class=\"tag-chain-item off last\"><a class=\"tag-chain-item-link noplay\" rel=\"tag\" href=\"http:\/\/delicious.com\/griset\/alimentation\"><span class=\"tag-chain-item-span\">alimentation<\/span><\/a><\/li>\n<\/ul>\n<\/div>\n<\/div>\n<\/li>\n<li class=\"post isSelf\">\n<div class=\"bookmark NOTHUMB\">\n<div class=\"data\">\n<h4><a class=\"taggedlink\" rel=\"nofollow\" href=\"http:\/\/www.linternaute.com\/sante\/maux-quotidien\/conseil\/dans-mon-armoire-a-pharmacie-il-y-a\/dans-mon-armoire-a-pharmacie-il-y-a.shtml?f_id_newsletter=947\">L\u2019armoire \u00e0 pharmacie (L\u2019Internaute-Magazine du 5\/5\/9)<\/a><\/h4>\n<\/div>\n<h5 class=\"tag-chain-label\">TAGS<\/h5>\n<div class=\"tagdisplay\">\n<ul class=\"tag-chain\">\n<li class=\"tag-chain-item off first\"><a class=\"tag-chain-item-link noplay\" rel=\"tag\" href=\"http:\/\/delicious.com\/griset\/sant%C3%A9\"><span class=\"tag-chain-item-span\">sant\u00e9<\/span><\/a><\/li>\n<li class=\"tag-chain-item off\"><a class=\"tag-chain-item-link noplay\" rel=\"tag\" href=\"http:\/\/delicious.com\/griset\/armoire_%C3%A0_pharmacie\"><span class=\"tag-chain-item-span\">armoire_\u00e0_pharmacie<\/span><\/a><\/li>\n<li class=\"tag-chain-item off\"><a class=\"tag-chain-item-link noplay\" rel=\"tag\" href=\"http:\/\/delicious.com\/griset\/premiers_secours\"><span class=\"tag-chain-item-span\">premiers_secours<\/span><\/a><\/li>\n<li class=\"tag-chain-item off last\"><a class=\"tag-chain-item-link noplay\" rel=\"tag\" href=\"http:\/\/delicious.com\/griset\/premiers_soins\"><span class=\"tag-chain-item-span\">premiers_soins<\/span><\/a><\/li>\n<\/ul>\n<\/div>\n<\/div>\n<\/li>\n<\/form>\n<li class=\"post isSelf\"><span class=\"tag-chain-item-span\">****************************************************************<\/span><\/li>\n<li class=\"post isSelf\"><span class=\"tag-chain-item-span\">Cordialement, Christine Griset, cyberveilleuse<br \/>\n<\/span><\/li>\n<\/ul>\n<\/div>\n<\/form>\n<\/ul>\n","protected":false},"excerpt":{"rendered":"<p>Compatibilit\u00e9 des logiciels avec Windows 7 : Microsoft lance un site d\u2019information : le site TAGS windows7 windows technologies compatibilit\u00e9_avec_windows_7 Compatibilit\u00e9 des logiciels avec Windows 7 : Microsoft lance un site d\u2019information (ZDNet News du 5\/5\/9) http:\/\/www.microsoft.com\/france\/windows\/windows7\/compatibilite\/default.aspx TAGS windows7 microsoft technologies compatibilit\u00e9_avec_windows7 La Commission europ\u00e9enne met en ligne un guide pour surfer \u00ab malin \u00bb &hellip; <\/p>\n<p class=\"link-more\"><a href=\"http:\/\/www.culturedel.info\/cactusacide\/?p=1352\" class=\"more-link\">Continuer la lecture<span class=\"screen-reader-text\"> de &laquo;&nbsp;Christine veille pour vous &#8211; le 5\/5\/9&nbsp;&raquo;<\/span><\/a><\/p>\n","protected":false},"author":13,"featured_media":0,"comment_status":"open","ping_status":"open","sticky":false,"template":"","format":"standard","meta":{"footnotes":""},"categories":[60],"tags":[15193,15196,14660,5178,277,1448,713,15184,11110,1717,5818,372,15157,15220,15221,15215,15222,764,15203,15185,14509,15169,15178,6601,2363,83,864,2792,15188,15226,750,15174,15182,2769,84,15173,15197,268,10418,15190,1447,15191,15207,8138,1487,15159,15201,15213,1064,15195,240,6222,2358,12947,15180,4258,4735,10900,4301,15218,29,33,721,234,444,14416,14536,12466,10986,15208,332,1065,2965,976,15200,15181,147,1027,79,15164,15177,15199,15166,866,2341,593,4839,8119,2728,882,15198,15168,1160,15225,14684,1857,1674,1165,163,1208,2135,15202,2937,8483,3749,15189,449,5845,10592,1255,5350,5503,15162,3091,15179,15212,1217,389,14805,15216,15172,868,6223,1046,1072,9135,13496,3335,3896,141,15206,15219,1051,2755,15214,430,8419,15176,15217,78,15167,15223,15224,10363,15163,15205,15204,5248,5972,14620,1962,14843,416,509,15165,3328,9389,15211,15183,12003,8582,7955,5096,14806,15192,15158,4522,704,15210,15209,279,837,3464,8360,15171,2595,309,703,149,1290,15186,9489,9566,15161,352,321,15170,14803,15187,3010,15175,15194,12826,12004,2663,15160,3621,508,356,725,2580,10558],"class_list":["post-1352","post","type-post","status-publish","format-standard","hentry","category-veille","tag-10-mai-2009","tag-2007-2009","tag-abolition-de-lesclavage","tag-adaptation-bd","tag-adolescent","tag-agro-alimentaire","tag-allemagne","tag-allemagne-politique-culturelle","tag-almodovar-pedro","tag-amazon","tag-angouleme","tag-argentine","tag-armoire-a-pharmacie","tag-art-militaire","tag-artillerie","tag-asie-orientale","tag-ballon-captif","tag-bd","tag-bevernage-lidia","tag-bibliotheque-nationale-espagnole","tag-blog-transnets-de-francis-pisani","tag-boal-augusto","tag-bondyblog","tag-bordage-pierre","tag-bordeaux","tag-bresil","tag-brevet","tag-cadres","tag-calderon-de-la-barca","tag-cellule-de-continuite-economique","tag-chaine-de-television","tag-chaine-hertzienne","tag-chick-lit","tag-chicken-literature","tag-cinema","tag-cinema-espagnol","tag-circulaire","tag-collaboratif","tag-collaboration","tag-comite-pour-la-memoire-de-lesclavage","tag-commerce","tag-commerce-triangulaire","tag-commissaire-a-la-reindustrialisation","tag-commission-de-bruxelles","tag-commission-europeenne","tag-compatibilite-avec-windows-7","tag-competence-interne","tag-concours-de-mathematiques","tag-condition-feminine","tag-conseil-de-leurope","tag-consommation","tag-contrat-de-transition-professionnelle","tag-cortazar-julio","tag-credoc","tag-crime-de-guerre","tag-crise-boursiere","tag-crise-financiere","tag-daeninckx-didier","tag-deportation","tag-dirigeable","tag-droit","tag-droit-dauteur","tag-droit-fiscal","tag-economie","tag-editeur","tag-elections-europeennes","tag-emploi-des-cadres","tag-encyclopedie-collaborative","tag-endettement","tag-entreprise-de-moins-de-1000-salaries","tag-esclavage","tag-espagne","tag-espagnol","tag-euro","tag-faiseurs-deuros","tag-fantasy-medievale","tag-femme","tag-festival","tag-festival-de-cannes","tag-fiabilite-de-linformation","tag-fils","tag-fondation-robert-schuman","tag-framablog","tag-france-2","tag-france-5","tag-fratrie","tag-fruit","tag-gallimard-jeunesse","tag-gastronomie","tag-geographie","tag-giuliani-jean-dominique","tag-giverny","tag-grand-paris","tag-grippe-a","tag-grippe-porcine","tag-guerre","tag-guerre-mondiale-1914-1918","tag-guerre-mondiale-1939-1945","tag-heroic-fantasy","tag-histoire","tag-hopital","tag-ielovepme","tag-immobilier","tag-impressionnisme","tag-indemnisation","tag-inedit","tag-information","tag-institut-pasteur","tag-instruction","tag-intelligence-economique","tag-keynesianisme","tag-kindle","tag-kindle-grand-ecran","tag-knowledge-management","tag-la-mort-noublie-personne","tag-langage","tag-langue-etrangere","tag-langue-vivante","tag-le-bail-soazig","tag-le-pouvoir-de-voler","tag-les-etreintes-brisees","tag-licenciement","tag-licenciement-economique","tag-litterature","tag-litterature-jeunesse","tag-litterature-pour-adolescents","tag-litterature-sud-americaine","tag-livre-electronique","tag-maghreb","tag-manuscrit","tag-marche-cache","tag-marly-le-roi","tag-marque","tag-mathematiques","tag-mathematiques-sans-frontieres","tag-microsoft","tag-ministere-du-budget","tag-mon-cher-fils","tag-montgolfiere","tag-musee","tag-musee-des-impressionnismes-a-giverny","tag-nano-innov","tag-nanosciences","tag-nanotechnologies","tag-neuville-raphael","tag-niche-fiscale","tag-niche-sociale","tag-nouvelles","tag-occupation","tag-ollivier-mickael","tag-palais-de-tokyo","tag-pandemie-grippale","tag-paris","tag-parlement-europeen","tag-pedagogie-de-wikipedia","tag-peinture","tag-pere","tag-phonation","tag-photoromans","tag-pisani-francis","tag-plan-de-relance","tag-plateau-de-saclay","tag-pme","tag-politique-editoriale","tag-port-negrier","tag-premiers-secours","tag-premiers-soins","tag-president-de-la-republique","tag-prime-de-licenciement","tag-reclassement","tag-reduction-des-couts","tag-relation-pere-fils","tag-resistance","tag-rgpp","tag-rio-de-janeiro","tag-saclay","tag-sante","tag-sarkozy-nicolas","tag-sciences","tag-sebbar-leila","tag-siecle-dor","tag-social","tag-sommeil","tag-surfer-malin","tag-technologies","tag-theatre","tag-theatre-de-lopprime","tag-thierry-magnier","tag-tirso-de-molina","tag-tnt","tag-tnt-gratuite","tag-traite-des-esclaves","tag-traite-negriere","tag-transnets","tag-travail-precaire","tag-tutoriel-internet","tag-twilight","tag-union-europeenne","tag-wikipedia","tag-windows","tag-windows-7","tag-woerth-eric"],"_links":{"self":[{"href":"http:\/\/www.culturedel.info\/cactusacide\/index.php?rest_route=\/wp\/v2\/posts\/1352","targetHints":{"allow":["GET"]}}],"collection":[{"href":"http:\/\/www.culturedel.info\/cactusacide\/index.php?rest_route=\/wp\/v2\/posts"}],"about":[{"href":"http:\/\/www.culturedel.info\/cactusacide\/index.php?rest_route=\/wp\/v2\/types\/post"}],"author":[{"embeddable":true,"href":"http:\/\/www.culturedel.info\/cactusacide\/index.php?rest_route=\/wp\/v2\/users\/13"}],"replies":[{"embeddable":true,"href":"http:\/\/www.culturedel.info\/cactusacide\/index.php?rest_route=%2Fwp%2Fv2%2Fcomments&post=1352"}],"version-history":[{"count":7,"href":"http:\/\/www.culturedel.info\/cactusacide\/index.php?rest_route=\/wp\/v2\/posts\/1352\/revisions"}],"predecessor-version":[{"id":1359,"href":"http:\/\/www.culturedel.info\/cactusacide\/index.php?rest_route=\/wp\/v2\/posts\/1352\/revisions\/1359"}],"wp:attachment":[{"href":"http:\/\/www.culturedel.info\/cactusacide\/index.php?rest_route=%2Fwp%2Fv2%2Fmedia&parent=1352"}],"wp:term":[{"taxonomy":"category","embeddable":true,"href":"http:\/\/www.culturedel.info\/cactusacide\/index.php?rest_route=%2Fwp%2Fv2%2Fcategories&post=1352"},{"taxonomy":"post_tag","embeddable":true,"href":"http:\/\/www.culturedel.info\/cactusacide\/index.php?rest_route=%2Fwp%2Fv2%2Ftags&post=1352"}],"curies":[{"name":"wp","href":"https:\/\/api.w.org\/{rel}","templated":true}]}}