{"id":1360,"date":"2009-05-09T00:29:44","date_gmt":"2009-05-08T23:29:44","guid":{"rendered":"http:\/\/www.culturedel.info\/cactusacide\/?p=1360"},"modified":"2009-05-09T00:29:45","modified_gmt":"2009-05-08T23:29:45","slug":"christine-veille-pour-vous-le-659","status":"publish","type":"post","link":"http:\/\/www.culturedel.info\/cactusacide\/?p=1360","title":{"rendered":"Christine veille pour vous &#8211; le 6\/5\/9"},"content":{"rendered":"<ul class=\"bookmarks NOTHUMB\">\n<form action=\"\/post\/bulkedit\" method=\"post\">\n<li class=\"post first isSelf\">\n<div class=\"bookmark NOTHUMB\">\n<div class=\"data\">\n<h4><a class=\"taggedlink\" rel=\"nofollow\" href=\"http:\/\/www.zdnet.fr\/actualites\/informatique\/0,39040745,39500707,00.htm?xtor=EPR-100\">Windows Vista sera commercialis\u00e9 jusqu\u2019en 2011 (ZDNet News du 6\/5\/9)<\/a><\/h4>\n<\/div>\n<h5 class=\"tag-chain-label\">TAGS<\/h5>\n<div class=\"tagdisplay\">\n<ul class=\"tag-chain\">\n<li class=\"tag-chain-item off first\"><a class=\"tag-chain-item-link noplay\" rel=\"tag\" href=\"http:\/\/delicious.com\/griset\/technologies\"><span class=\"tag-chain-item-span\">technologies<\/span><\/a><\/li>\n<li class=\"tag-chain-item off\"><a class=\"tag-chain-item-link noplay\" rel=\"tag\" href=\"http:\/\/delicious.com\/griset\/windows\"><span class=\"tag-chain-item-span\">windows<\/span><\/a><\/li>\n<li class=\"tag-chain-item off last\"><a class=\"tag-chain-item-link noplay\" rel=\"tag\" href=\"http:\/\/delicious.com\/griset\/windows_vista\"><span class=\"tag-chain-item-span\">windows_vista<\/span><\/a><\/li>\n<\/ul>\n<\/div>\n<\/div>\n<\/li>\n<li class=\"post isSelf\">\n<div class=\"bookmark NOTHUMB\">\n<div class=\"data\">\n<h4><a class=\"taggedlink\" rel=\"nofollow\" href=\"http:\/\/www.zdnet.fr\/galerie-image\/0,50018840,39500809,00.htm\">Windows 7 : les nouveaut\u00e9s en images de la RC1 (ZDNet News du 6\/5\/9)<\/a><\/h4>\n<\/div>\n<h5 class=\"tag-chain-label\">TAGS<\/h5>\n<div class=\"tagdisplay\">\n<ul class=\"tag-chain\">\n<li class=\"tag-chain-item off first\"><a class=\"tag-chain-item-link noplay\" rel=\"tag\" href=\"http:\/\/delicious.com\/griset\/windows7\"><span class=\"tag-chain-item-span\">windows7<\/span><\/a><\/li>\n<li class=\"tag-chain-item off\"><a class=\"tag-chain-item-link noplay\" rel=\"tag\" href=\"http:\/\/delicious.com\/griset\/technologies\"><span class=\"tag-chain-item-span\">technologies<\/span><\/a><\/li>\n<li class=\"tag-chain-item off last\"><a class=\"tag-chain-item-link noplay\" rel=\"tag\" href=\"http:\/\/delicious.com\/griset\/windows\"><span class=\"tag-chain-item-span\">windows<\/span><\/a><\/li>\n<\/ul>\n<\/div>\n<\/div>\n<\/li>\n<li class=\"post isSelf\">\n<div class=\"bookmark NOTHUMB\">\n<div class=\"data\">\n<h4><a class=\"taggedlink\" rel=\"nofollow\" href=\"http:\/\/www.20minutes.fr\/article\/324243\/High-Tech-Trois-raisons-pour-lesquelles-Windows-7-merite-d-etre-essaye.php\">Windows 7 : 3 raisons pour l\u2019essayer (20 Minutes du 5\/5\/9) : La plus longue p\u00e9riode d\u2019essai propos\u00e9e par Microsoft (jusqu\u2019en Juillet 2009). Une version optimis\u00e9e de Vista. Une interface qui rivalise avec Mac OS X<\/a><\/h4>\n<\/div>\n<div class=\"meta\">\n<div class=\"editdel\">\n<div class=\"deleteconfirmation hidden\"><a class=\"action deletecancel\" href=\"http:\/\/delicious.com\/post\/delete?url=http%3A%2F%2Fwww.20minutes.fr%2Farticle%2F324243%2FHigh-Tech-Trois-raisons-pour-lesquelles-Windows-7-merite-d-etre-essaye.php&amp;hash=b539ca2a132c6ffd9470ffdb5b4a660c&amp;key=t8NKJ1ijJV1gLn3OgXv_qZHTXC0-\"><br \/>\n<\/a><\/div>\n<\/div>\n<\/div>\n<h5 class=\"tag-chain-label\">TAGS<\/h5>\n<div class=\"tagdisplay\">\n<ul class=\"tag-chain\">\n<li class=\"tag-chain-item off first\"><a class=\"tag-chain-item-link noplay\" rel=\"tag\" href=\"http:\/\/delicious.com\/griset\/windows\"><span class=\"tag-chain-item-span\">windows<\/span><\/a><\/li>\n<li class=\"tag-chain-item off\"><a class=\"tag-chain-item-link noplay\" rel=\"tag\" href=\"http:\/\/delicious.com\/griset\/windows7\"><span class=\"tag-chain-item-span\">windows7<\/span><\/a><\/li>\n<li class=\"tag-chain-item off\"><a class=\"tag-chain-item-link noplay\" rel=\"tag\" href=\"http:\/\/delicious.com\/griset\/technologies\"><span class=\"tag-chain-item-span\">technologies<\/span><\/a><\/li>\n<li class=\"tag-chain-item off last\"><a class=\"tag-chain-item-link noplay\" rel=\"tag\" href=\"http:\/\/delicious.com\/griset\/microsoft\"><span class=\"tag-chain-item-span\">microsoft<\/span><\/a><\/li>\n<\/ul>\n<\/div>\n<\/div>\n<\/li>\n<li class=\"post isSelf\">\n<div class=\"bookmark NOTHUMB\">\n<div class=\"data\">\n<h4><a class=\"taggedlink\" rel=\"nofollow\" href=\"http:\/\/bibli.othequ.es\/blog\/?p=9\">Le SIGB Koha (Bibliobsession du 5\/5\/9, post de Damiano)<\/a><\/h4>\n<\/div>\n<h5 class=\"tag-chain-label\">TAGS<\/h5>\n<div class=\"tagdisplay\">\n<ul class=\"tag-chain\">\n<li class=\"tag-chain-item off first\"><a class=\"tag-chain-item-link noplay\" rel=\"tag\" href=\"http:\/\/delicious.com\/griset\/sigb\"><span class=\"tag-chain-item-span\">sigb<\/span><\/a><\/li>\n<li class=\"tag-chain-item off\"><a class=\"tag-chain-item-link noplay\" rel=\"tag\" href=\"http:\/\/delicious.com\/griset\/koha\"><span class=\"tag-chain-item-span\">koha<\/span><\/a><\/li>\n<li class=\"tag-chain-item off\"><a class=\"tag-chain-item-link noplay\" rel=\"tag\" href=\"http:\/\/delicious.com\/griset\/technologies\"><span class=\"tag-chain-item-span\">technologies<\/span><\/a><\/li>\n<li class=\"tag-chain-item off last\"><a class=\"tag-chain-item-link noplay\" rel=\"tag\" href=\"http:\/\/delicious.com\/griset\/damiano\"><span class=\"tag-chain-item-span\">damiano<\/span><\/a><\/li>\n<\/ul>\n<\/div>\n<\/div>\n<\/li>\n<li class=\"post isSelf\">\n<div class=\"bookmark NOTHUMB\">\n<div class=\"data\">\n<h4><a class=\"taggedlink\" rel=\"nofollow\" href=\"http:\/\/www.journaldunet.com\/developpeur\/client-web\/tutoriel-pratique\/afficher-des-elements-d-un-tableau-uniquement-au-survol-de-la-ligne.shtml\">WordPress : afficher les \u00e9l\u00e9ments d\u2019un tableau uniquement au survol de la ligne Utile pour la gestion des commentaires. Pas besoin de Javascript, CSS suffit. (JDN D\u00e9veloppeur du 6\/5\/9)<\/a><\/h4>\n<\/div>\n<h5 class=\"tag-chain-label\">TAGS<\/h5>\n<div class=\"tagdisplay\">\n<ul class=\"tag-chain\">\n<li class=\"tag-chain-item off first\"><a class=\"tag-chain-item-link noplay\" rel=\"tag\" href=\"http:\/\/delicious.com\/griset\/technologies\"><span class=\"tag-chain-item-span\">technologies<\/span><\/a><\/li>\n<li class=\"tag-chain-item off\"><a class=\"tag-chain-item-link noplay\" rel=\"tag\" href=\"http:\/\/delicious.com\/griset\/wordpress\"><span class=\"tag-chain-item-span\">wordpress<\/span><\/a><\/li>\n<li class=\"tag-chain-item off\"><a class=\"tag-chain-item-link noplay\" rel=\"tag\" href=\"http:\/\/delicious.com\/griset\/css\"><span class=\"tag-chain-item-span\">css<\/span><\/a><\/li>\n<li class=\"tag-chain-item off\"><a class=\"tag-chain-item-link noplay\" rel=\"tag\" href=\"http:\/\/delicious.com\/griset\/wordpress_tableau\"><span class=\"tag-chain-item-span\">wordpress_tableau<\/span><\/a><\/li>\n<li class=\"tag-chain-item off\"><a class=\"tag-chain-item-link noplay\" rel=\"tag\" href=\"http:\/\/delicious.com\/griset\/tableau\"><span class=\"tag-chain-item-span\">tableau<\/span><\/a><\/li>\n<li class=\"tag-chain-item off last\"><a class=\"tag-chain-item-link noplay\" rel=\"tag\" href=\"http:\/\/delicious.com\/griset\/commentaire\"><span class=\"tag-chain-item-span\">commentaire<\/span><\/a><\/li>\n<\/ul>\n<\/div>\n<\/div>\n<\/li>\n<li class=\"post isSelf\">\n<div class=\"bookmark NOTHUMB\">\n<div class=\"data\">\n<h4><a class=\"taggedlink\" rel=\"nofollow\" href=\"http:\/\/www.marketing-etudiant.fr\/actualites\/newsletter-fidelisation.php\">M\u00e9thode pour cr\u00e9er une newsletter<\/a><\/h4>\n<\/div>\n<h5 class=\"tag-chain-label\">TAGS<\/h5>\n<div class=\"tagdisplay\">\n<ul class=\"tag-chain\">\n<li class=\"tag-chain-item off first\"><a class=\"tag-chain-item-link noplay\" rel=\"tag\" href=\"http:\/\/delicious.com\/griset\/newsletter\"><span class=\"tag-chain-item-span\">newsletter<\/span><\/a><\/li>\n<li class=\"tag-chain-item off\"><a class=\"tag-chain-item-link noplay\" rel=\"tag\" href=\"http:\/\/delicious.com\/griset\/technologies\"><span class=\"tag-chain-item-span\">technologies<\/span><\/a><\/li>\n<li class=\"tag-chain-item off last\"><a class=\"tag-chain-item-link noplay\" rel=\"tag\" href=\"http:\/\/delicious.com\/griset\/presse\"><span class=\"tag-chain-item-span\">presse<\/span><\/a><\/li>\n<\/ul>\n<\/div>\n<\/div>\n<\/li>\n<li class=\"post isSelf\">\n<div class=\"bookmark NOTHUMB\">\n<div class=\"data\">\n<h4><a class=\"taggedlink\" rel=\"nofollow\" href=\"http:\/\/news.fr.msn.com\/multimedia\/article.aspx?cp-documentid=16618473\">Int\u00e9gration du num\u00e9rique dans le plan de relance du gouvernement : internet tr\u00e8s haut d\u00e9bit, fibre optique et jeux vid\u00e9os en apprentissage et en formation (MSN du 6\/5\/9)<\/a><\/h4>\n<\/div>\n<h5 class=\"tag-chain-label\">TAGS<\/h5>\n<div class=\"tagdisplay\">\n<ul class=\"tag-chain\">\n<li class=\"tag-chain-item off first\"><a class=\"tag-chain-item-link noplay\" rel=\"tag\" href=\"http:\/\/delicious.com\/griset\/plan_de_relance\"><span class=\"tag-chain-item-span\">plan_de_relance<\/span><\/a><\/li>\n<li class=\"tag-chain-item off\"><a class=\"tag-chain-item-link noplay\" rel=\"tag\" href=\"http:\/\/delicious.com\/griset\/plan_num%C3%A9rique\"><span class=\"tag-chain-item-span\">plan_num\u00e9rique<\/span><\/a><\/li>\n<li class=\"tag-chain-item off\"><a class=\"tag-chain-item-link noplay\" rel=\"tag\" href=\"http:\/\/delicious.com\/griset\/technologies\"><span class=\"tag-chain-item-span\">technologies<\/span><\/a><\/li>\n<li class=\"tag-chain-item off\"><a class=\"tag-chain-item-link noplay\" rel=\"tag\" href=\"http:\/\/delicious.com\/griset\/internet_%C3%A0_tr%C3%A8s_haut_d%C3%A9bit\"><span class=\"tag-chain-item-span\">internet_\u00e0_tr\u00e8s_haut_d\u00e9bit<\/span><\/a><\/li>\n<li class=\"tag-chain-item off\"><a class=\"tag-chain-item-link noplay\" rel=\"tag\" href=\"http:\/\/delicious.com\/griset\/fibre_optique\"><span class=\"tag-chain-item-span\">fibre_optique<\/span><\/a><\/li>\n<li class=\"tag-chain-item off\"><a class=\"tag-chain-item-link noplay\" rel=\"tag\" href=\"http:\/\/delicious.com\/griset\/jeu_vid%C3%A9o\"><span class=\"tag-chain-item-span\">jeu_vid\u00e9o<\/span><\/a><\/li>\n<li class=\"tag-chain-item off last\"><a class=\"tag-chain-item-link noplay\" rel=\"tag\" href=\"http:\/\/delicious.com\/griset\/jeuvid%C3%A9o\"><span class=\"tag-chain-item-span\">jeuvid\u00e9o<\/span><\/a><\/li>\n<\/ul>\n<\/div>\n<\/div>\n<\/li>\n<li class=\"post isSelf\">\n<div class=\"bookmark NOTHUMB\">\n<div class=\"data\">\n<h4><a class=\"taggedlink\" rel=\"nofollow\" href=\"http:\/\/www.cndp.fr\/DossiersIE\/65\/som65.asp\">Dossier de l&rsquo;Ing\u00e9nierie \u00e9ducative sur les mondes virtuels Num\u00e9ro n\u00b0 65, mars 2009. Le sommaire et la pr\u00e9sentation de ce num\u00e9ro (Lettre Tic\u2019Edu du 5-6\/5\/9)<\/a><\/h4>\n<\/div>\n<h5 class=\"tag-chain-label\">TAGS<\/h5>\n<div class=\"tagdisplay\">\n<ul class=\"tag-chain\">\n<li class=\"tag-chain-item off first\"><a class=\"tag-chain-item-link noplay\" rel=\"tag\" href=\"http:\/\/delicious.com\/griset\/technologies\"><span class=\"tag-chain-item-span\">technologies<\/span><\/a><\/li>\n<li class=\"tag-chain-item off\"><a class=\"tag-chain-item-link noplay\" rel=\"tag\" href=\"http:\/\/delicious.com\/griset\/tice\"><span class=\"tag-chain-item-span\">tice<\/span><\/a><\/li>\n<li class=\"tag-chain-item off\"><a class=\"tag-chain-item-link noplay\" rel=\"tag\" href=\"http:\/\/delicious.com\/griset\/mondevirtuel\"><span class=\"tag-chain-item-span\">mondevirtuel<\/span><\/a><\/li>\n<li class=\"tag-chain-item off last\"><a class=\"tag-chain-item-link noplay\" rel=\"tag\" href=\"http:\/\/delicious.com\/griset\/universvirtuel\"><span class=\"tag-chain-item-span\">universvirtuel<\/span><\/a><\/li>\n<\/ul>\n<\/div>\n<\/div>\n<\/li>\n<li class=\"post isSelf\">\n<div class=\"bookmark NOTHUMB\">\n<div class=\"data\">\n<h4><a class=\"taggedlink\" rel=\"nofollow\" href=\"http:\/\/www.e-alsace.net\/index.php\/smallnews\/get?newsId=406\">Les usages de l\u2019ENT de l\u2019acad\u00e9mie de Strasbourg (Lettre Tic\u2019Edu du 5-6\/5\/9) . &#8211; Une recherche documentaire men\u00e9e par des \u00e9l\u00e8ves de Terminale STG dans le cadre de la pr\u00e9paration d&rsquo;une \u00e9preuve du bac, montre bien tout le parti pouvant \u00eatre tir\u00e9 d&rsquo;un ENT.<\/a><\/h4>\n<\/div>\n<h5 class=\"tag-chain-label\">TAGS<\/h5>\n<div class=\"tagdisplay\">\n<ul class=\"tag-chain\">\n<li class=\"tag-chain-item off first\"><a class=\"tag-chain-item-link noplay\" rel=\"tag\" href=\"http:\/\/delicious.com\/griset\/technologies\"><span class=\"tag-chain-item-span\">technologies<\/span><\/a><\/li>\n<li class=\"tag-chain-item off\"><a class=\"tag-chain-item-link noplay\" rel=\"tag\" href=\"http:\/\/delicious.com\/griset\/tice\"><span class=\"tag-chain-item-span\">tice<\/span><\/a><\/li>\n<li class=\"tag-chain-item off\"><a class=\"tag-chain-item-link noplay\" rel=\"tag\" href=\"http:\/\/delicious.com\/griset\/ent\"><span class=\"tag-chain-item-span\">ent<\/span><\/a><\/li>\n<li class=\"tag-chain-item off\"><a class=\"tag-chain-item-link noplay\" rel=\"tag\" href=\"http:\/\/delicious.com\/griset\/acad%C3%A9mie_de_strasbourg\"><span class=\"tag-chain-item-span\">acad\u00e9mie_de_strasbourg<\/span><\/a><\/li>\n<li class=\"tag-chain-item off\"><a class=\"tag-chain-item-link noplay\" rel=\"tag\" href=\"http:\/\/delicious.com\/griset\/recherche_documentaire\"><span class=\"tag-chain-item-span\">recherche_documentaire<\/span><\/a><\/li>\n<li class=\"tag-chain-item off\"><a class=\"tag-chain-item-link noplay\" rel=\"tag\" href=\"http:\/\/delicious.com\/griset\/information\"><span class=\"tag-chain-item-span\">information<\/span><\/a><\/li>\n<li class=\"tag-chain-item off\"><a class=\"tag-chain-item-link noplay\" rel=\"tag\" href=\"http:\/\/delicious.com\/griset\/terminale_STG\"><span class=\"tag-chain-item-span\">terminale_STG<\/span><\/a><\/li>\n<li class=\"tag-chain-item off last\"><a class=\"tag-chain-item-link noplay\" rel=\"tag\" href=\"http:\/\/delicious.com\/griset\/baccalaur%C3%A9at\"><span class=\"tag-chain-item-span\">baccalaur\u00e9at<\/span><\/a><\/li>\n<\/ul>\n<\/div>\n<\/div>\n<\/li>\n<li class=\"post last isSelf\">\n<div class=\"bookmark NOTHUMB\">\n<div class=\"data\">\n<h4><a class=\"taggedlink\" rel=\"nofollow\" href=\"http:\/\/www.ac-strasbourg.fr\/sections\/enseignements\/secondaire\/pedagogie\/les_disciplines\/documentation\/ent\/view\">Les usages de l\u2019ENT de l\u2019acad\u00e9mie de Strasbourg (Lettre Tic\u2019Edu du 5-6\/5\/9) &#8211; Les r\u00e9sultats de l&rsquo;enqu\u00eate et de ces usages<\/a><\/h4>\n<\/div>\n<h5 class=\"tag-chain-label\">TAGS<\/h5>\n<div class=\"tagdisplay\">\n<ul class=\"tag-chain\">\n<li class=\"tag-chain-item off first\"><a class=\"tag-chain-item-link noplay\" rel=\"tag\" href=\"http:\/\/delicious.com\/griset\/technologies\"><span class=\"tag-chain-item-span\">technologies<\/span><\/a><\/li>\n<li class=\"tag-chain-item off\"><a class=\"tag-chain-item-link noplay\" rel=\"tag\" href=\"http:\/\/delicious.com\/griset\/tice\"><span class=\"tag-chain-item-span\">tice<\/span><\/a><\/li>\n<li class=\"tag-chain-item off\"><a class=\"tag-chain-item-link noplay\" rel=\"tag\" href=\"http:\/\/delicious.com\/griset\/ent\"><span class=\"tag-chain-item-span\">ent<\/span><\/a><\/li>\n<li class=\"tag-chain-item off last\"><a class=\"tag-chain-item-link noplay\" rel=\"tag\" href=\"http:\/\/delicious.com\/griset\/acad%C3%A9mie_de_strasbourg\"><span class=\"tag-chain-item-span\">acad\u00e9mie_de_strasbourg<\/span><\/a><\/li>\n<\/ul>\n<\/div>\n<\/div>\n<\/li>\n<\/form>\n<\/ul>\n<p><a class=\"pn next\" href=\"http:\/\/delicious.com\/griset\/?page=2\"><br \/>\n<\/a><\/p>\n<ul class=\"bookmarks NOTHUMB\">\n<form action=\"\/post\/bulkedit\" method=\"post\">\n<li class=\"post first isSelf\">\n<div class=\"bookmark NOTHUMB\">\n<div class=\"data\">\n<h4><a class=\"taggedlink\" rel=\"nofollow\" href=\"http:\/\/209.85.229.132\/search?q=cache:fKXyOOO5jIYJ:www.inrp.fr\/vst\/LettreVST\/43-mars2009.htm+dossier+actualit%C3%A9+inrp+collaborative&amp;cd=1&amp;hl=fr&amp;ct=clnk\">Quelles pratiques collaboratives \u00e0 l&rsquo;heure des TIC ? Dossier d&rsquo;actualit\u00e9 de l\u2019INRP, n\u00b0 43, mars 2009 &#8211; VST (INRP) (Lettre Tic\u2019Edu du 5-6\/5\/9)<\/a><\/h4>\n<\/div>\n<h5 class=\"tag-chain-label\">TAGS<\/h5>\n<div class=\"tagdisplay\">\n<ul class=\"tag-chain\">\n<li class=\"tag-chain-item off first\"><a class=\"tag-chain-item-link noplay\" rel=\"tag\" href=\"http:\/\/delicious.com\/griset\/inrp\"><span class=\"tag-chain-item-span\">inrp<\/span><\/a><\/li>\n<li class=\"tag-chain-item off\"><a class=\"tag-chain-item-link noplay\" rel=\"tag\" href=\"http:\/\/delicious.com\/griset\/tice\"><span class=\"tag-chain-item-span\">tice<\/span><\/a><\/li>\n<li class=\"tag-chain-item off\"><a class=\"tag-chain-item-link noplay\" rel=\"tag\" href=\"http:\/\/delicious.com\/griset\/technologies\"><span class=\"tag-chain-item-span\">technologies<\/span><\/a><\/li>\n<li class=\"tag-chain-item off\"><a class=\"tag-chain-item-link noplay\" rel=\"tag\" href=\"http:\/\/delicious.com\/griset\/tic\"><span class=\"tag-chain-item-span\">tic<\/span><\/a><\/li>\n<li class=\"tag-chain-item off last\"><a class=\"tag-chain-item-link noplay\" rel=\"tag\" href=\"http:\/\/delicious.com\/griset\/collaboratif\"><span class=\"tag-chain-item-span\">collaboratif<\/span><\/a><\/li>\n<\/ul>\n<\/div>\n<\/div>\n<\/li>\n<li class=\"post isSelf\">\n<div class=\"bookmark NOTHUMB\">\n<div class=\"data\">\n<h4><a class=\"taggedlink\" rel=\"nofollow\" href=\"http:\/\/blog.jeanlucraymond.net\/post\/2009\/05\/04\/Twitter-et-enseignement-%3A-exemple-en-philosophie\">Twitter et enseignement : exemple en philosophie &#8211; Jean-Luc Raymond (Bibliobsession du 5\/5\/9, post de Narvic)<\/a><\/h4>\n<\/div>\n<div class=\"meta\">\n<div class=\"editdel\">\n<div class=\"deleteconfirmation hidden\"><a class=\"action deletecancel\" href=\"http:\/\/delicious.com\/post\/delete?url=http%3A%2F%2Fblog.jeanlucraymond.net%2Fpost%2F2009%2F05%2F04%2FTwitter-et-enseignement-%253A-exemple-en-philosophie&amp;hash=38a4ed4ec513b6f0d7deb2a759b5a76f&amp;key=t8NKJ1ijJV1gLn3OgXv_qZHTXC0-\"><br \/>\n<\/a><\/div>\n<\/div>\n<\/div>\n<h5 class=\"tag-chain-label\">TAGS<\/h5>\n<div class=\"tagdisplay\">\n<ul class=\"tag-chain\">\n<li class=\"tag-chain-item off first\"><a class=\"tag-chain-item-link noplay\" rel=\"tag\" href=\"http:\/\/delicious.com\/griset\/technologies\"><span class=\"tag-chain-item-span\">technologies<\/span><\/a><\/li>\n<li class=\"tag-chain-item off\"><a class=\"tag-chain-item-link noplay\" rel=\"tag\" href=\"http:\/\/delicious.com\/griset\/tice\"><span class=\"tag-chain-item-span\">tice<\/span><\/a><\/li>\n<li class=\"tag-chain-item off\"><a class=\"tag-chain-item-link noplay\" rel=\"tag\" href=\"http:\/\/delicious.com\/griset\/twitter\"><span class=\"tag-chain-item-span\">twitter<\/span><\/a><\/li>\n<li class=\"tag-chain-item off\"><a class=\"tag-chain-item-link noplay\" rel=\"tag\" href=\"http:\/\/delicious.com\/griset\/microblogging\"><span class=\"tag-chain-item-span\">microblogging<\/span><\/a><\/li>\n<li class=\"tag-chain-item off\"><a class=\"tag-chain-item-link noplay\" rel=\"tag\" href=\"http:\/\/delicious.com\/griset\/r%C3%A9seausocial\"><span class=\"tag-chain-item-span\">r\u00e9seausocial<\/span><\/a><\/li>\n<li class=\"tag-chain-item off\"><a class=\"tag-chain-item-link noplay\" rel=\"tag\" href=\"http:\/\/delicious.com\/griset\/philosophie\"><span class=\"tag-chain-item-span\">philosophie<\/span><\/a><\/li>\n<li class=\"tag-chain-item off\"><a class=\"tag-chain-item-link noplay\" rel=\"tag\" href=\"http:\/\/delicious.com\/griset\/narvic\"><span class=\"tag-chain-item-span\">narvic<\/span><\/a><\/li>\n<li class=\"tag-chain-item off last\"><a class=\"tag-chain-item-link noplay\" rel=\"tag\" href=\"http:\/\/delicious.com\/griset\/raymond_jean_luc\"><span class=\"tag-chain-item-span\">raymond_jean_luc<\/span><\/a><\/li>\n<\/ul>\n<\/div>\n<\/div>\n<\/li>\n<li class=\"post isSelf\">\n<div class=\"bookmark NOTHUMB\">\n<div class=\"data\">\n<h4><a class=\"taggedlink\" rel=\"nofollow\" href=\"http:\/\/www.archos.com\/corporate\/press\/press_releases.html?country=fr&amp;lang=fr\">Plan num\u00e9rique pour les \u00e9coles : le cartable num\u00e9rique d\u2019Archos propos\u00e9 pour \u00e9quiper le \u00e9coles rurales (Le Caf\u00e9 p\u00e9dagogique-L\u2019Expresso du 6\/5\/9)<\/a><\/h4>\n<div class=\"description\">Sur le mod\u00e8le du Classmate d\u2019Intel d\u00e9j\u00e0 utilis\u00e9 au Portugal.  Il est con\u00e7u en fonction des \u00e9l\u00e8ves : clavier \u00e0 petites touches, ais\u00e9 \u00e0 transporter et maintenir. Ses fonctionnalit\u00e9s : wi-fi, \u00e9change de poste \u00e0 poste ou du ma\u00eetre vers les \u00e9l\u00e8ves<\/div>\n<\/div>\n<h5 class=\"tag-chain-label\">TAGS<\/h5>\n<div class=\"tagdisplay\">\n<ul class=\"tag-chain\">\n<li class=\"tag-chain-item off first\"><a class=\"tag-chain-item-link noplay\" rel=\"tag\" href=\"http:\/\/delicious.com\/griset\/num%C3%A9rique\"><span class=\"tag-chain-item-span\">num\u00e9rique<\/span><\/a><\/li>\n<li class=\"tag-chain-item off\"><a class=\"tag-chain-item-link noplay\" rel=\"tag\" href=\"http:\/\/delicious.com\/griset\/plan_num%C3%A9rique_pour_les_%C3%A9coles\"><span class=\"tag-chain-item-span\">plan_num\u00e9rique_pour_les_\u00e9coles<\/span><\/a><\/li>\n<li class=\"tag-chain-item off\"><a class=\"tag-chain-item-link noplay\" rel=\"tag\" href=\"http:\/\/delicious.com\/griset\/classmate_d%27_intel\"><span class=\"tag-chain-item-span\">classmate_d&rsquo;_intel<\/span><\/a><\/li>\n<li class=\"tag-chain-item off\"><a class=\"tag-chain-item-link noplay\" rel=\"tag\" href=\"http:\/\/delicious.com\/griset\/portugal\"><span class=\"tag-chain-item-span\">portugal<\/span><\/a><\/li>\n<li class=\"tag-chain-item off\"><a class=\"tag-chain-item-link noplay\" rel=\"tag\" href=\"http:\/\/delicious.com\/griset\/wifi\"><span class=\"tag-chain-item-span\">wifi<\/span><\/a><\/li>\n<li class=\"tag-chain-item off\"><a class=\"tag-chain-item-link noplay\" rel=\"tag\" href=\"http:\/\/delicious.com\/griset\/cartable_num%C3%A9rique\"><span class=\"tag-chain-item-span\">cartable_num\u00e9rique<\/span><\/a><\/li>\n<li class=\"tag-chain-item off\"><a class=\"tag-chain-item-link noplay\" rel=\"tag\" href=\"http:\/\/delicious.com\/griset\/cartable_num%C3%A9rique_d%27_archos\"><span class=\"tag-chain-item-span\">cartable_num\u00e9rique_d&rsquo;_archos<\/span><\/a><\/li>\n<li class=\"tag-chain-item off\"><a class=\"tag-chain-item-link noplay\" rel=\"tag\" href=\"http:\/\/delicious.com\/griset\/%C3%A9cole_rurale\"><span class=\"tag-chain-item-span\">\u00e9cole_rurale<\/span><\/a><\/li>\n<li class=\"tag-chain-item off\"><a class=\"tag-chain-item-link noplay\" rel=\"tag\" href=\"http:\/\/delicious.com\/griset\/milieu_rural\"><span class=\"tag-chain-item-span\">milieu_rural<\/span><\/a><\/li>\n<li class=\"tag-chain-item off\"><a class=\"tag-chain-item-link noplay\" rel=\"tag\" href=\"http:\/\/delicious.com\/griset\/technologies\"><span class=\"tag-chain-item-span\">technologies<\/span><\/a><\/li>\n<li class=\"tag-chain-item off\"><a class=\"tag-chain-item-link noplay\" rel=\"tag\" href=\"http:\/\/delicious.com\/griset\/tice\"><span class=\"tag-chain-item-span\">tice<\/span><\/a><\/li>\n<li class=\"tag-chain-item off last\"><a class=\"tag-chain-item-link noplay\" rel=\"tag\" href=\"http:\/\/delicious.com\/griset\/archos\"><span class=\"tag-chain-item-span\">archos<\/span><\/a><\/li>\n<\/ul>\n<\/div>\n<\/div>\n<\/li>\n<li class=\"post isSelf\">\n<div class=\"bookmark NOTHUMB\">\n<div class=\"data\">\n<h4><a class=\"taggedlink\" rel=\"nofollow\" href=\"http:\/\/www.academie-en-ligne.fr.\/\">Le Cned proposera gratuitement en juin 2009 les cours du CP \u00e0 la terminale sur un site d\u00e9di\u00e9, www.academie-en-ligne.fr. (Lettre Tic\u2019Edu du 5-6\/5\/9)<\/a><\/h4>\n<\/div>\n<h5 class=\"tag-chain-label\">TAGS<\/h5>\n<div class=\"tagdisplay\">\n<ul class=\"tag-chain\">\n<li class=\"tag-chain-item off first\"><a class=\"tag-chain-item-link noplay\" rel=\"tag\" href=\"http:\/\/delicious.com\/griset\/cned\"><span class=\"tag-chain-item-span\">cned<\/span><\/a><\/li>\n<li class=\"tag-chain-item off\"><a class=\"tag-chain-item-link noplay\" rel=\"tag\" href=\"http:\/\/delicious.com\/griset\/%C3%A9ducation\"><span class=\"tag-chain-item-span\">\u00e9ducation<\/span><\/a><\/li>\n<li class=\"tag-chain-item off last\"><a class=\"tag-chain-item-link noplay\" rel=\"tag\" href=\"http:\/\/delicious.com\/griset\/formation_%C3%A0_distance\"><span class=\"tag-chain-item-span\">formation_\u00e0_distance<\/span><\/a><\/li>\n<\/ul>\n<\/div>\n<\/div>\n<\/li>\n<li class=\"post isSelf\">\n<div class=\"bookmark NOTHUMB\">\n<div class=\"data\">\n<h4><a class=\"taggedlink\" rel=\"nofollow\" href=\"http:\/\/www.number10.gov.uk\/Page19210\">Grande-Bretagne : les parents noteront les \u00e9coles (Le Caf\u00e9 p\u00e9dagogique-L\u2019Expresso du 6\/5\/9)<\/a><\/h4>\n<\/div>\n<h5 class=\"tag-chain-label\">TAGS<\/h5>\n<div class=\"tagdisplay\">\n<ul class=\"tag-chain\">\n<li class=\"tag-chain-item off first\"><a class=\"tag-chain-item-link noplay\" rel=\"tag\" href=\"http:\/\/delicious.com\/griset\/%C3%A9ducation\"><span class=\"tag-chain-item-span\">\u00e9ducation<\/span><\/a><\/li>\n<li class=\"tag-chain-item off\"><a class=\"tag-chain-item-link noplay\" rel=\"tag\" href=\"http:\/\/delicious.com\/griset\/grandebretagne\"><span class=\"tag-chain-item-span\">grandebretagne<\/span><\/a><\/li>\n<li class=\"tag-chain-item off\"><a class=\"tag-chain-item-link noplay\" rel=\"tag\" href=\"http:\/\/delicious.com\/griset\/%C3%A9valuation_des_%C3%A9coles\"><span class=\"tag-chain-item-span\">\u00e9valuation_des_\u00e9coles<\/span><\/a><\/li>\n<li class=\"tag-chain-item off last\"><a class=\"tag-chain-item-link noplay\" rel=\"tag\" href=\"http:\/\/delicious.com\/griset\/notation_d%27_%C3%A9coles\"><span class=\"tag-chain-item-span\">notation_d&rsquo;_\u00e9coles<\/span><\/a><\/li>\n<\/ul>\n<\/div>\n<\/div>\n<\/li>\n<li class=\"post isSelf\">\n<div class=\"bookmark NOTHUMB\">\n<div class=\"data\">\n<h4><a class=\"taggedlink\" rel=\"nofollow\" href=\"http:\/\/www.ladocumentationfrancaise.fr\/europe-direct\/index.shtml#\">6 Mai 2009 : projet \u00ab Europe et \u00e9ducation \u00bb (Le Caf\u00e9 p\u00e9dagogique-L\u2019Expresso du 6\/5\/9)<\/a><\/h4>\n<\/div>\n<h5 class=\"tag-chain-label\">TAGS<\/h5>\n<div class=\"tagdisplay\">\n<ul class=\"tag-chain\">\n<li class=\"tag-chain-item off first\"><a class=\"tag-chain-item-link noplay\" rel=\"tag\" href=\"http:\/\/delicious.com\/griset\/unioneurop%C3%A9enne\"><span class=\"tag-chain-item-span\">unioneurop\u00e9enne<\/span><\/a><\/li>\n<li class=\"tag-chain-item off\"><a class=\"tag-chain-item-link noplay\" rel=\"tag\" href=\"http:\/\/delicious.com\/griset\/%C3%A9ducation\"><span class=\"tag-chain-item-span\">\u00e9ducation<\/span><\/a><\/li>\n<li class=\"tag-chain-item off\"><a class=\"tag-chain-item-link noplay\" rel=\"tag\" href=\"http:\/\/delicious.com\/griset\/europe_et_%C3%A9ducation\"><span class=\"tag-chain-item-span\">europe_et_\u00e9ducation<\/span><\/a><\/li>\n<li class=\"tag-chain-item off\"><a class=\"tag-chain-item-link noplay\" rel=\"tag\" href=\"http:\/\/delicious.com\/griset\/orientation\"><span class=\"tag-chain-item-span\">orientation<\/span><\/a><\/li>\n<li class=\"tag-chain-item off last\"><a class=\"tag-chain-item-link noplay\" rel=\"tag\" href=\"http:\/\/delicious.com\/griset\/6_Mai_2009\"><span class=\"tag-chain-item-span\">6_Mai_2009<\/span><\/a><\/li>\n<\/ul>\n<\/div>\n<\/div>\n<\/li>\n<li class=\"post isSelf\">\n<div class=\"bookmark NOTHUMB\">\n<div class=\"data\">\n<h4><a class=\"taggedlink\" rel=\"nofollow\" href=\"http:\/\/www.la-croix.com\/article\/index.jsp?docId=2372771&amp;rubId=786\">L\u2019insertion professionnelle des jeunes dipl\u00f4m\u00e9s (La Croix du 5\/5\/9)<\/a><\/h4>\n<\/div>\n<div class=\"meta\">\n<div class=\"editdel\">\n<ul class=\"bookmark-actions\">\n<li><a class=\"action edit\" href=\"http:\/\/delicious.com\/save?url=http%3A%2F%2Fwww.la-croix.com%2Farticle%2Findex.jsp%3FdocId%3D2372771%26rubId%3D786&amp;hash=276c1eabba372238ad2e966549cfcb1d&amp;key=St9eDH87GUCNrI0vinMs5iO5Lr8-&amp;edit=yes&amp;jump=%2Fgriset%2F%3Fpage%3D2&amp;on_tags=\"><\/a><\/li>\n<\/ul>\n<\/div>\n<\/div>\n<h5 class=\"tag-chain-label\">TAGS<\/h5>\n<div class=\"tagdisplay\">\n<ul class=\"tag-chain\">\n<li class=\"tag-chain-item off first\"><a class=\"tag-chain-item-link noplay\" rel=\"tag\" href=\"http:\/\/delicious.com\/griset\/orientation\"><span class=\"tag-chain-item-span\">orientation<\/span><\/a><\/li>\n<li class=\"tag-chain-item off\"><a class=\"tag-chain-item-link noplay\" rel=\"tag\" href=\"http:\/\/delicious.com\/griset\/insertionprofessionnelle\"><span class=\"tag-chain-item-span\">insertionprofessionnelle<\/span><\/a><\/li>\n<li class=\"tag-chain-item off\"><a class=\"tag-chain-item-link noplay\" rel=\"tag\" href=\"http:\/\/delicious.com\/griset\/dipl%C3%B4m%C3%A9\"><span class=\"tag-chain-item-span\">dipl\u00f4m\u00e9<\/span><\/a><\/li>\n<li class=\"tag-chain-item off last\"><a class=\"tag-chain-item-link noplay\" rel=\"tag\" href=\"http:\/\/delicious.com\/griset\/jeune_dipl%C3%B4m%C3%A9\"><span class=\"tag-chain-item-span\">jeune_dipl\u00f4m\u00e9<\/span><\/a><\/li>\n<\/ul>\n<\/div>\n<\/div>\n<\/li>\n<li class=\"post isSelf\">\n<div class=\"bookmark NOTHUMB\">\n<div class=\"data\">\n<h4><a class=\"taggedlink\" rel=\"nofollow\" href=\"http:\/\/www.la-croix.com\/article\/index.jsp?docId=2372776&amp;rubId=786\">Selon Eric Maurin, \u00e9conomiste, les \u00ab dipl\u00f4m\u00e9s sont de mieux en mieux prot\u00e9g\u00e9s contre la pr\u00e9carit\u00e9 \u00bb (La Croix du 5\/5\/9)<\/a><\/h4>\n<\/div>\n<h5 class=\"tag-chain-label\">TAGS<\/h5>\n<div class=\"tagdisplay\">\n<ul class=\"tag-chain\">\n<li class=\"tag-chain-item off first\"><a class=\"tag-chain-item-link noplay\" rel=\"tag\" href=\"http:\/\/delicious.com\/griset\/%C3%A9ducation\"><span class=\"tag-chain-item-span\">\u00e9ducation<\/span><\/a><\/li>\n<li class=\"tag-chain-item off\"><a class=\"tag-chain-item-link noplay\" rel=\"tag\" href=\"http:\/\/delicious.com\/griset\/orientation\"><span class=\"tag-chain-item-span\">orientation<\/span><\/a><\/li>\n<li class=\"tag-chain-item off\"><a class=\"tag-chain-item-link noplay\" rel=\"tag\" href=\"http:\/\/delicious.com\/griset\/dipl%C3%B4m%C3%A9\"><span class=\"tag-chain-item-span\">dipl\u00f4m\u00e9<\/span><\/a><\/li>\n<li class=\"tag-chain-item off\"><a class=\"tag-chain-item-link noplay\" rel=\"tag\" href=\"http:\/\/delicious.com\/griset\/jeune_dipl%C3%B4m%C3%A9\"><span class=\"tag-chain-item-span\">jeune_dipl\u00f4m\u00e9<\/span><\/a><\/li>\n<li class=\"tag-chain-item off\"><a class=\"tag-chain-item-link noplay\" rel=\"tag\" href=\"http:\/\/delicious.com\/griset\/travailpr%C3%A9caire\"><span class=\"tag-chain-item-span\">travailpr\u00e9caire<\/span><\/a><\/li>\n<li class=\"tag-chain-item off last\"><a class=\"tag-chain-item-link noplay\" rel=\"tag\" href=\"http:\/\/delicious.com\/griset\/maurin_eric\"><span class=\"tag-chain-item-span\">maurin_eric<\/span><\/a><\/li>\n<\/ul>\n<\/div>\n<\/div>\n<\/li>\n<li class=\"post isSelf\">\n<div class=\"bookmark NOTHUMB\">\n<div class=\"data\">\n<h4><a class=\"taggedlink\" rel=\"nofollow\" href=\"http:\/\/www.la-croix.com\/article\/index.jsp?docId=2372777&amp;rubId=786\">Le tiers des jeunes Europ\u00e9ens sortent de l\u2019enseignement sup\u00e9rieur (La Croix du 5\/5\/9)<\/a><\/h4>\n<\/div>\n<h5 class=\"tag-chain-label\">TAGS<\/h5>\n<div class=\"tagdisplay\">\n<ul class=\"tag-chain\">\n<li class=\"tag-chain-item off first\"><a class=\"tag-chain-item-link noplay\" rel=\"tag\" href=\"http:\/\/delicious.com\/griset\/unioneurop%C3%A9enne\"><span class=\"tag-chain-item-span\">unioneurop\u00e9enne<\/span><\/a><\/li>\n<li class=\"tag-chain-item off\"><a class=\"tag-chain-item-link noplay\" rel=\"tag\" href=\"http:\/\/delicious.com\/griset\/enseignement_sup%C3%A9rieur\"><span class=\"tag-chain-item-span\">enseignement_sup\u00e9rieur<\/span><\/a><\/li>\n<li class=\"tag-chain-item off\"><a class=\"tag-chain-item-link noplay\" rel=\"tag\" href=\"http:\/\/delicious.com\/griset\/%C3%A9ducation\"><span class=\"tag-chain-item-span\">\u00e9ducation<\/span><\/a><\/li>\n<li class=\"tag-chain-item off last\"><a class=\"tag-chain-item-link noplay\" rel=\"tag\" href=\"http:\/\/delicious.com\/griset\/orientation\"><span class=\"tag-chain-item-span\">orientation<\/span><\/a><\/li>\n<\/ul>\n<\/div>\n<\/div>\n<\/li>\n<li class=\"post last isSelf\">\n<div class=\"bookmark NOTHUMB\">\n<div class=\"data\">\n<h4><a class=\"taggedlink\" rel=\"nofollow\" href=\"http:\/\/www.linternaute.com\/femmes\/carriere\/magazine\/dossier\/entretien-d-embauche-les-reponses-aux-questions-pieges\/20-questions-pieges-en-entretien-d-embauche-et-leurs-reponses.shtml?f_id_newsletter=948\">Entretiens d\u2019embauche : les questions pi\u00e8ges et leurs r\u00e9ponses  (L\u2019Internaute-Femme-Vie Pro du 5\/5\/9)<\/a><\/h4>\n<\/div>\n<h5 class=\"tag-chain-label\">TAGS<\/h5>\n<div class=\"tagdisplay\">\n<ul class=\"tag-chain\">\n<li class=\"tag-chain-item off first\"><a class=\"tag-chain-item-link noplay\" rel=\"tag\" href=\"http:\/\/delicious.com\/griset\/orientation\"><span class=\"tag-chain-item-span\">orientation<\/span><\/a><\/li>\n<li class=\"tag-chain-item off\"><a class=\"tag-chain-item-link noplay\" rel=\"tag\" href=\"http:\/\/delicious.com\/griset\/entretien_d%27_embauche\"><span class=\"tag-chain-item-span\">entretien_d&rsquo;_embauche<\/span><\/a><\/li>\n<li class=\"tag-chain-item off last\"><a class=\"tag-chain-item-link noplay\" rel=\"tag\" href=\"http:\/\/delicious.com\/griset\/recherche_d%27_emploi\"><span class=\"tag-chain-item-span\">recherche_d&rsquo;_emploi<\/span><\/a><\/li>\n<\/ul>\n<\/div>\n<\/div>\n<\/li>\n<\/form>\n<\/ul>\n<div><a class=\"pn prev\" href=\"http:\/\/delicious.com\/griset\/?page=1\"><\/a><\/p>\n<ul class=\"bookmarks NOTHUMB\">\n<form action=\"\/post\/bulkedit\" method=\"post\">\n<li class=\"post first isSelf\">\n<div class=\"bookmark NOTHUMB\">\n<div class=\"data\">\n<h4><a class=\"taggedlink\" rel=\"nofollow\" href=\"http:\/\/www.inrp.fr\/vst\/LettreVST\/44-avril-2009.htm\">Comparatif entre les voies professionnelles en Europe (INRP. Service de veille scientifique et technologique, Dossier d\u2019actualit\u00e9 N\u00b044, Avril 2009)<\/a><\/h4>\n<\/div>\n<h5 class=\"tag-chain-label\">TAGS<\/h5>\n<div class=\"tagdisplay\">\n<ul class=\"tag-chain\">\n<li class=\"tag-chain-item off first\"><a class=\"tag-chain-item-link noplay\" rel=\"tag\" href=\"http:\/\/delicious.com\/griset\/enseignement_professionnel\"><span class=\"tag-chain-item-span\">enseignement_professionnel<\/span><\/a><\/li>\n<li class=\"tag-chain-item off\"><a class=\"tag-chain-item-link noplay\" rel=\"tag\" href=\"http:\/\/delicious.com\/griset\/unioneurop%C3%A9enne\"><span class=\"tag-chain-item-span\">unioneurop\u00e9enne<\/span><\/a><\/li>\n<li class=\"tag-chain-item off\"><a class=\"tag-chain-item-link noplay\" rel=\"tag\" href=\"http:\/\/delicious.com\/griset\/inrp\"><span class=\"tag-chain-item-span\">inrp<\/span><\/a><\/li>\n<li class=\"tag-chain-item off last\"><a class=\"tag-chain-item-link noplay\" rel=\"tag\" href=\"http:\/\/delicious.com\/griset\/%C3%A9ducation\"><span class=\"tag-chain-item-span\">\u00e9ducation<\/span><\/a><\/li>\n<\/ul>\n<\/div>\n<\/div>\n<\/li>\n<li class=\"post isSelf\">\n<div class=\"bookmark NOTHUMB\">\n<div class=\"data\">\n<h4><a class=\"taggedlink\" rel=\"nofollow\" href=\"http:\/\/www.legifrance.gouv.fr\/rechCodeArticle.do?reprise=true&amp;page=1\">Le cadre juridique de demande d\u2019autorisation pour employer un jeune de 14-15 ans pendant les vacances scolaires. Les articles L. 4153-1 \u00e0 L. 4153-3, L. 4153-5 et R. 4153-65 du code du travail<\/a><\/h4>\n<\/div>\n<h5 class=\"tag-chain-label\">TAGS<\/h5>\n<div class=\"tagdisplay\">\n<ul class=\"tag-chain\">\n<li class=\"tag-chain-item off first\"><a class=\"tag-chain-item-link noplay\" rel=\"tag\" href=\"http:\/\/delicious.com\/griset\/droitdutravail\"><span class=\"tag-chain-item-span\">droitdutravail<\/span><\/a><\/li>\n<li class=\"tag-chain-item off\"><a class=\"tag-chain-item-link noplay\" rel=\"tag\" href=\"http:\/\/delicious.com\/griset\/droit\"><span class=\"tag-chain-item-span\">droit<\/span><\/a><\/li>\n<li class=\"tag-chain-item off\"><a class=\"tag-chain-item-link noplay\" rel=\"tag\" href=\"http:\/\/delicious.com\/griset\/droit_du_travail\"><span class=\"tag-chain-item-span\">droit_du_travail<\/span><\/a><\/li>\n<li class=\"tag-chain-item off\"><a class=\"tag-chain-item-link noplay\" rel=\"tag\" href=\"http:\/\/delicious.com\/griset\/vacances_scolaires\"><span class=\"tag-chain-item-span\">vacances_scolaires<\/span><\/a><\/li>\n<li class=\"tag-chain-item off\"><a class=\"tag-chain-item-link noplay\" rel=\"tag\" href=\"http:\/\/delicious.com\/griset\/job_d%27_%C3%A9t%C3%A9\"><span class=\"tag-chain-item-span\">job_d&rsquo;_\u00e9t\u00e9<\/span><\/a><\/li>\n<li class=\"tag-chain-item off\"><a class=\"tag-chain-item-link noplay\" rel=\"tag\" href=\"http:\/\/delicious.com\/griset\/apprentissage\"><span class=\"tag-chain-item-span\">apprentissage<\/span><\/a><\/li>\n<li class=\"tag-chain-item off last\"><a class=\"tag-chain-item-link noplay\" rel=\"tag\" href=\"http:\/\/delicious.com\/griset\/code_du_travail\"><span class=\"tag-chain-item-span\">code_du_travail<\/span><\/a><\/li>\n<\/ul>\n<\/div>\n<\/div>\n<\/li>\n<li class=\"post isSelf\">\n<div class=\"bookmark NOTHUMB\">\n<div class=\"data\">\n<h4><a class=\"taggedlink\" rel=\"nofollow\" href=\"http:\/\/www.juritravail.com\/demande-autorisation-employer-jeune-vacances-scolaires\/contrat-de-travail\/lettres-types\/1767\/accesabo.html?utm_source=dolist&amp;utm_medium=email&amp;utm_campaign=Newsletter-employeur-79\">Le cadre juridique de demande d\u2019autorisation pour employer un jeune de 14-15 ans pendant les vacances scolaires (Juritravail du 5\/5\/9)<\/a><\/h4>\n<div class=\"description\">Les articles L. 4153-1 \u00e0 L. 4153-3, L. 4153-5 et R. 4153-65 du code du travail<\/div>\n<\/div>\n<h5 class=\"tag-chain-label\">TAGS<\/h5>\n<div class=\"tagdisplay\">\n<ul class=\"tag-chain\">\n<li class=\"tag-chain-item off first\"><a class=\"tag-chain-item-link noplay\" rel=\"tag\" href=\"http:\/\/delicious.com\/griset\/orientation\"><span class=\"tag-chain-item-span\">orientation<\/span><\/a><\/li>\n<li class=\"tag-chain-item off\"><a class=\"tag-chain-item-link noplay\" rel=\"tag\" href=\"http:\/\/delicious.com\/griset\/apprentissage\"><span class=\"tag-chain-item-span\">apprentissage<\/span><\/a><\/li>\n<li class=\"tag-chain-item off\"><a class=\"tag-chain-item-link noplay\" rel=\"tag\" href=\"http:\/\/delicious.com\/griset\/job_d%27_%C3%A9t%C3%A9\"><span class=\"tag-chain-item-span\">job_d&rsquo;_\u00e9t\u00e9<\/span><\/a><\/li>\n<li class=\"tag-chain-item off\"><a class=\"tag-chain-item-link noplay\" rel=\"tag\" href=\"http:\/\/delicious.com\/griset\/vacances_scolaires\"><span class=\"tag-chain-item-span\">vacances_scolaires<\/span><\/a><\/li>\n<li class=\"tag-chain-item off\"><a class=\"tag-chain-item-link noplay\" rel=\"tag\" href=\"http:\/\/delicious.com\/griset\/droitdutravail\"><span class=\"tag-chain-item-span\">droitdutravail<\/span><\/a><\/li>\n<li class=\"tag-chain-item off\"><a class=\"tag-chain-item-link noplay\" rel=\"tag\" href=\"http:\/\/delicious.com\/griset\/droit_du_travail\"><span class=\"tag-chain-item-span\">droit_du_travail<\/span><\/a><\/li>\n<li class=\"tag-chain-item off last\"><a class=\"tag-chain-item-link noplay\" rel=\"tag\" href=\"http:\/\/delicious.com\/griset\/code_du_travail\"><span class=\"tag-chain-item-span\">code_du_travail<\/span><\/a><\/li>\n<\/ul>\n<\/div>\n<\/div>\n<\/li>\n<li class=\"post isSelf\">\n<div class=\"bookmark NOTHUMB\">\n<div class=\"data\">\n<h4><a class=\"taggedlink\" rel=\"nofollow\" href=\"http:\/\/www.france5.fr\/emploi-par-le-net\/\">Focus sur certains m\u00e9tiers : les m\u00e9tiers de d\u00e9corateur sc\u00e9nographe, de recruteur de donateurs, de responsable des services g\u00e9n\u00e9raux, de poissonnier&#8230; (France 5 Emplois du 6\/5\/9)<\/a><\/h4>\n<\/div>\n<h5 class=\"tag-chain-label\">TAGS<\/h5>\n<div class=\"tagdisplay\">\n<ul class=\"tag-chain\">\n<li class=\"tag-chain-item off first\"><a class=\"tag-chain-item-link noplay\" rel=\"tag\" href=\"http:\/\/delicious.com\/griset\/fiche_m%C3%A9tier\"><span class=\"tag-chain-item-span\">fiche_m\u00e9tier<\/span><\/a><\/li>\n<li class=\"tag-chain-item off\"><a class=\"tag-chain-item-link noplay\" rel=\"tag\" href=\"http:\/\/delicious.com\/griset\/orientation\"><span class=\"tag-chain-item-span\">orientation<\/span><\/a><\/li>\n<li class=\"tag-chain-item off\"><a class=\"tag-chain-item-link noplay\" rel=\"tag\" href=\"http:\/\/delicious.com\/griset\/d%C3%A9corateur_sc%C3%A9nographe\"><span class=\"tag-chain-item-span\">d\u00e9corateur_sc\u00e9nographe<\/span><\/a><\/li>\n<li class=\"tag-chain-item off\"><a class=\"tag-chain-item-link noplay\" rel=\"tag\" href=\"http:\/\/delicious.com\/griset\/d%C3%A9corateur\"><span class=\"tag-chain-item-span\">d\u00e9corateur<\/span><\/a><\/li>\n<li class=\"tag-chain-item off\"><a class=\"tag-chain-item-link noplay\" rel=\"tag\" href=\"http:\/\/delicious.com\/griset\/recruteur_de_donateurs\"><span class=\"tag-chain-item-span\">recruteur_de_donateurs<\/span><\/a><\/li>\n<li class=\"tag-chain-item off\"><a class=\"tag-chain-item-link noplay\" rel=\"tag\" href=\"http:\/\/delicious.com\/griset\/responsable_des_services_g%C3%A9n%C3%A9raux\"><span class=\"tag-chain-item-span\">responsable_des_services_g\u00e9n\u00e9raux<\/span><\/a><\/li>\n<li class=\"tag-chain-item off last\"><a class=\"tag-chain-item-link noplay\" rel=\"tag\" href=\"http:\/\/delicious.com\/griset\/poissonnier\"><span class=\"tag-chain-item-span\">poissonnier<\/span><\/a><\/li>\n<\/ul>\n<\/div>\n<\/div>\n<\/li>\n<li class=\"post isSelf\">\n<div class=\"bookmark NOTHUMB\">\n<div class=\"data\">\n<h4><a class=\"taggedlink\" rel=\"nofollow\" href=\"http:\/\/www.lesmetiers.net\/fiches-metiers\/france5\/index-fr.php?inc=fiche_metier&amp;idDoc=4391\">Le m\u00e9tier de danseur (France 5 Emploi du 6\/5\/9)<\/a><\/h4>\n<\/div>\n<h5 class=\"tag-chain-label\">TAGS<\/h5>\n<div class=\"tagdisplay\">\n<ul class=\"tag-chain\">\n<li class=\"tag-chain-item off first\"><a class=\"tag-chain-item-link noplay\" rel=\"tag\" href=\"http:\/\/delicious.com\/griset\/fiche_m%C3%A9tier\"><span class=\"tag-chain-item-span\">fiche_m\u00e9tier<\/span><\/a><\/li>\n<li class=\"tag-chain-item off\"><a class=\"tag-chain-item-link noplay\" rel=\"tag\" href=\"http:\/\/delicious.com\/griset\/danseur\"><span class=\"tag-chain-item-span\">danseur<\/span><\/a><\/li>\n<li class=\"tag-chain-item off\"><a class=\"tag-chain-item-link noplay\" rel=\"tag\" href=\"http:\/\/delicious.com\/griset\/orientation\"><span class=\"tag-chain-item-span\">orientation<\/span><\/a><\/li>\n<li class=\"tag-chain-item off\"><a class=\"tag-chain-item-link noplay\" rel=\"tag\" href=\"http:\/\/delicious.com\/griset\/france5_emploi\"><span class=\"tag-chain-item-span\">france5_emploi<\/span><\/a><\/li>\n<li class=\"tag-chain-item off\"><a class=\"tag-chain-item-link noplay\" rel=\"tag\" href=\"http:\/\/delicious.com\/griset\/spectacle\"><span class=\"tag-chain-item-span\">spectacle<\/span><\/a><\/li>\n<li class=\"tag-chain-item off last\"><a class=\"tag-chain-item-link noplay\" rel=\"tag\" href=\"http:\/\/delicious.com\/griset\/sport\"><span class=\"tag-chain-item-span\">sport<\/span><\/a><\/li>\n<\/ul>\n<\/div>\n<\/div>\n<\/li>\n<li class=\"post isSelf\">\n<div class=\"bookmark NOTHUMB\">\n<div class=\"data\">\n<h4><a class=\"taggedlink\" rel=\"nofollow\" href=\"http:\/\/www.lemonde.fr\/actualite-medias\/article\/2009\/05\/06\/diffusion-en-baisse-instabilite-du-management-l-equipe-se-cherche_1189609_3236.html#xtor=EPR-32280229-%5BNL_Titresdujour%5D-20090506-%5Bderoule%5D&amp;ens_id=1189677\">L\u2019Equipe : diffusion en baisse et instabilit\u00e9 du management (Le Monde du 6\/5\/9) L\u2019occasion aussi de s\u2019interroger sur la presse sportive<\/a><\/h4>\n<\/div>\n<h5 class=\"tag-chain-label\">TAGS<\/h5>\n<div class=\"tagdisplay\">\n<ul class=\"tag-chain\">\n<li class=\"tag-chain-item off first\"><a class=\"tag-chain-item-link noplay\" rel=\"tag\" href=\"http:\/\/delicious.com\/griset\/l%27_%C3%A9quipe\"><span class=\"tag-chain-item-span\">l&rsquo;_\u00e9quipe<\/span><\/a><\/li>\n<li class=\"tag-chain-item off\"><a class=\"tag-chain-item-link noplay\" rel=\"tag\" href=\"http:\/\/delicious.com\/griset\/presse\"><span class=\"tag-chain-item-span\">presse<\/span><\/a><\/li>\n<li class=\"tag-chain-item off\"><a class=\"tag-chain-item-link noplay\" rel=\"tag\" href=\"http:\/\/delicious.com\/griset\/m%C3%A9dias\"><span class=\"tag-chain-item-span\">m\u00e9dias<\/span><\/a><\/li>\n<li class=\"tag-chain-item off\"><a class=\"tag-chain-item-link noplay\" rel=\"tag\" href=\"http:\/\/delicious.com\/griset\/presse_sportive\"><span class=\"tag-chain-item-span\">presse_sportive<\/span><\/a><\/li>\n<li class=\"tag-chain-item off\"><a class=\"tag-chain-item-link noplay\" rel=\"tag\" href=\"http:\/\/delicious.com\/griset\/sport\"><span class=\"tag-chain-item-span\">sport<\/span><\/a><\/li>\n<li class=\"tag-chain-item off\"><a class=\"tag-chain-item-link noplay\" rel=\"tag\" href=\"http:\/\/delicious.com\/griset\/%C3%A9quipe_de_r%C3%A9daction\"><span class=\"tag-chain-item-span\">\u00e9quipe_de_r\u00e9daction<\/span><\/a><\/li>\n<li class=\"tag-chain-item off last\"><a class=\"tag-chain-item-link noplay\" rel=\"tag\" href=\"http:\/\/delicious.com\/griset\/diffusion_de_la_presse\"><span class=\"tag-chain-item-span\">diffusion_de_la_presse<\/span><\/a><\/li>\n<\/ul>\n<\/div>\n<\/div>\n<\/li>\n<li class=\"post isSelf\">\n<div class=\"bookmark NOTHUMB\">\n<div class=\"data\">\n<h4><a class=\"taggedlink\" rel=\"nofollow\" href=\"http:\/\/tempsreel.nouvelobs.com\/actualites\/medias\/20090506.OBS5949\/le_figaro_ne_paraitra_plus_certains_jours_feries.html\">Le Figaro ne para\u00eetra plus certains jours f\u00e9ri\u00e9s par mesure d\u2019\u00e9conomie : le 15 Ao\u00fbt, le 25 D\u00e9cembre et le 1er Janvier (Nouvel Observateur du 6\/5\/9)<\/a><\/h4>\n<\/div>\n<h5 class=\"tag-chain-label\">TAGS<\/h5>\n<div class=\"tagdisplay\">\n<ul class=\"tag-chain\">\n<li class=\"tag-chain-item off first\"><a class=\"tag-chain-item-link noplay\" rel=\"tag\" href=\"http:\/\/delicious.com\/griset\/presse\"><span class=\"tag-chain-item-span\">presse<\/span><\/a><\/li>\n<li class=\"tag-chain-item off\"><a class=\"tag-chain-item-link noplay\" rel=\"tag\" href=\"http:\/\/delicious.com\/griset\/m%C3%A9dias\"><span class=\"tag-chain-item-span\">m\u00e9dias<\/span><\/a><\/li>\n<li class=\"tag-chain-item off\"><a class=\"tag-chain-item-link noplay\" rel=\"tag\" href=\"http:\/\/delicious.com\/griset\/LeFigaro\"><span class=\"tag-chain-item-span\">LeFigaro<\/span><\/a><\/li>\n<li class=\"tag-chain-item off\"><a class=\"tag-chain-item-link noplay\" rel=\"tag\" href=\"http:\/\/delicious.com\/griset\/jour_f%C3%A9ri%C3%A9\"><span class=\"tag-chain-item-span\">jour_f\u00e9ri\u00e9<\/span><\/a><\/li>\n<li class=\"tag-chain-item off\"><a class=\"tag-chain-item-link noplay\" rel=\"tag\" href=\"http:\/\/delicious.com\/griset\/p%C3%A9riodicit%C3%A9\"><span class=\"tag-chain-item-span\">p\u00e9riodicit\u00e9<\/span><\/a><\/li>\n<li class=\"tag-chain-item off\"><a class=\"tag-chain-item-link noplay\" rel=\"tag\" href=\"http:\/\/delicious.com\/griset\/15_ao%C3%BBt\"><span class=\"tag-chain-item-span\">15_ao\u00fbt<\/span><\/a><\/li>\n<li class=\"tag-chain-item off\"><a class=\"tag-chain-item-link noplay\" rel=\"tag\" href=\"http:\/\/delicious.com\/griset\/25_d%C3%A9cembre\"><span class=\"tag-chain-item-span\">25_d\u00e9cembre<\/span><\/a><\/li>\n<li class=\"tag-chain-item off last\"><a class=\"tag-chain-item-link noplay\" rel=\"tag\" href=\"http:\/\/delicious.com\/griset\/1er_janvier\"><span class=\"tag-chain-item-span\">1er_janvier<\/span><\/a><\/li>\n<\/ul>\n<\/div>\n<\/div>\n<\/li>\n<li class=\"post isSelf\">\n<div class=\"bookmark NOTHUMB\">\n<div class=\"data\">\n<h4><a class=\"taggedlink\" rel=\"nofollow\" href=\"http:\/\/www.drouillat.com\/2009\/05\/03\/une-bibliographie-selective-de-20-ouvrages-sur-la-presse-en-ligne\/\">Une bibliographie s\u00e9lective sur la presse en ligne, de Mac Luhan \u00e0 nos jours (Bibliobsession du 5\/5\/9, post de Narvic et Beno\u00eft Drouillat, designer interactif)<\/a><\/h4>\n<\/div>\n<h5 class=\"tag-chain-label\">TAGS<\/h5>\n<div class=\"tagdisplay\">\n<ul class=\"tag-chain\">\n<li class=\"tag-chain-item off first\"><a class=\"tag-chain-item-link noplay\" rel=\"tag\" href=\"http:\/\/delicious.com\/griset\/presse\"><span class=\"tag-chain-item-span\">presse<\/span><\/a><\/li>\n<li class=\"tag-chain-item off\"><a class=\"tag-chain-item-link noplay\" rel=\"tag\" href=\"http:\/\/delicious.com\/griset\/m%C3%A9dias\"><span class=\"tag-chain-item-span\">m\u00e9dias<\/span><\/a><\/li>\n<li class=\"tag-chain-item off\"><a class=\"tag-chain-item-link noplay\" rel=\"tag\" href=\"http:\/\/delicious.com\/griset\/presseinternet\"><span class=\"tag-chain-item-span\">presseinternet<\/span><\/a><\/li>\n<li class=\"tag-chain-item off\"><a class=\"tag-chain-item-link noplay\" rel=\"tag\" href=\"http:\/\/delicious.com\/griset\/presse_en_ligne\"><span class=\"tag-chain-item-span\">presse_en_ligne<\/span><\/a><\/li>\n<li class=\"tag-chain-item off\"><a class=\"tag-chain-item-link noplay\" rel=\"tag\" href=\"http:\/\/delicious.com\/griset\/mac_luhan\"><span class=\"tag-chain-item-span\">mac_luhan<\/span><\/a><\/li>\n<li class=\"tag-chain-item off\"><a class=\"tag-chain-item-link noplay\" rel=\"tag\" href=\"http:\/\/delicious.com\/griset\/narvic\"><span class=\"tag-chain-item-span\">narvic<\/span><\/a><\/li>\n<li class=\"tag-chain-item off\"><a class=\"tag-chain-item-link noplay\" rel=\"tag\" href=\"http:\/\/delicious.com\/griset\/drouillat_beno%C3%AEt\"><span class=\"tag-chain-item-span\">drouillat_beno\u00eet<\/span><\/a><\/li>\n<li class=\"tag-chain-item off last\"><a class=\"tag-chain-item-link noplay\" rel=\"tag\" href=\"http:\/\/delicious.com\/griset\/designer_interactif\"><span class=\"tag-chain-item-span\">designer_interactif<\/span><\/a><\/li>\n<\/ul>\n<\/div>\n<\/div>\n<\/li>\n<li class=\"post isSelf\">\n<div class=\"bookmark NOTHUMB\">\n<div class=\"data\">\n<h4><a class=\"taggedlink\" rel=\"nofollow\" href=\"http:\/\/www.lemonde.fr\/actualite-medias\/article\/2009\/05\/05\/les-chaines-de-television-misent-sur-l-information-pour-accroitre-leur-audience-et-fideliser-leur-public_1189090_3236.html#ens_id=628863\">Les cha\u00eenes de t\u00e9l\u00e9vision misent sur l\u2019information pour accro\u00eetre leur audience et fid\u00e9liser leur public (Le Monde du 5\/5\/9)<\/a><\/h4>\n<\/div>\n<h5 class=\"tag-chain-label\">TAGS<\/h5>\n<div class=\"tagdisplay\">\n<ul class=\"tag-chain\">\n<li class=\"tag-chain-item off first\"><a class=\"tag-chain-item-link noplay\" rel=\"tag\" href=\"http:\/\/delicious.com\/griset\/cha%C3%AEne_de_t%C3%A9l%C3%A9vision\"><span class=\"tag-chain-item-span\">cha\u00eene_de_t\u00e9l\u00e9vision<\/span><\/a><\/li>\n<li class=\"tag-chain-item off\"><a class=\"tag-chain-item-link noplay\" rel=\"tag\" href=\"http:\/\/delicious.com\/griset\/presse\"><span class=\"tag-chain-item-span\">presse<\/span><\/a><\/li>\n<li class=\"tag-chain-item off\"><a class=\"tag-chain-item-link noplay\" rel=\"tag\" href=\"http:\/\/delicious.com\/griset\/m%C3%A9dias\"><span class=\"tag-chain-item-span\">m\u00e9dias<\/span><\/a><\/li>\n<li class=\"tag-chain-item off\"><a class=\"tag-chain-item-link noplay\" rel=\"tag\" href=\"http:\/\/delicious.com\/griset\/t%C3%A9l%C3%A9vision\"><span class=\"tag-chain-item-span\">t\u00e9l\u00e9vision<\/span><\/a><\/li>\n<li class=\"tag-chain-item off last\"><a class=\"tag-chain-item-link noplay\" rel=\"tag\" href=\"http:\/\/delicious.com\/griset\/audience\"><span class=\"tag-chain-item-span\">audience<\/span><\/a><\/li>\n<\/ul>\n<\/div>\n<\/div>\n<\/li>\n<li class=\"post last isSelf\">\n<div class=\"bookmark NOTHUMB\">\n<div class=\"data\">\n<h4><a class=\"taggedlink\" rel=\"nofollow\" href=\"http:\/\/www.lemonde.fr\/actualite-medias\/article\/2009\/05\/06\/l-arret-de-la-diffusion-de-canal-j-met-en-peril-l-avenir-de-la-tnt-payante_1189610_3236.html#xtor=EPR-32280229-%5BNL_Titresdujour%5D-20090506-%5Bderoule%5D&amp;ens_id=1189678\">L\u2019arr\u00eat de la diffusion de Canal J met en p\u00e9ril l\u2019avenir de la TNT payante  (Le Monde du 6\/5\/9)<\/a><\/h4>\n<\/div>\n<h5 class=\"tag-chain-label\">TAGS<\/h5>\n<div class=\"tagdisplay\">\n<ul class=\"tag-chain\">\n<li class=\"tag-chain-item off first\"><a class=\"tag-chain-item-link noplay\" rel=\"tag\" href=\"http:\/\/delicious.com\/griset\/m%C3%A9dias\"><span class=\"tag-chain-item-span\">m\u00e9dias<\/span><\/a><\/li>\n<li class=\"tag-chain-item off\"><a class=\"tag-chain-item-link noplay\" rel=\"tag\" href=\"http:\/\/delicious.com\/griset\/presse\"><span class=\"tag-chain-item-span\">presse<\/span><\/a><\/li>\n<li class=\"tag-chain-item off\"><a class=\"tag-chain-item-link noplay\" rel=\"tag\" href=\"http:\/\/delicious.com\/griset\/canal_j\"><span class=\"tag-chain-item-span\">canal_j<\/span><\/a><\/li>\n<li class=\"tag-chain-item off\"><a class=\"tag-chain-item-link noplay\" rel=\"tag\" href=\"http:\/\/delicious.com\/griset\/tnt\"><span class=\"tag-chain-item-span\">tnt<\/span><\/a><\/li>\n<li class=\"tag-chain-item off\"><a class=\"tag-chain-item-link noplay\" rel=\"tag\" href=\"http:\/\/delicious.com\/griset\/tnt_payante\"><span class=\"tag-chain-item-span\">tnt_payante<\/span><\/a><\/li>\n<li class=\"tag-chain-item off\"><a class=\"tag-chain-item-link noplay\" rel=\"tag\" href=\"http:\/\/delicious.com\/griset\/t%C3%A9l%C3%A9vision\"><span class=\"tag-chain-item-span\">t\u00e9l\u00e9vision<\/span><\/a><\/li>\n<li class=\"tag-chain-item off last\"><a class=\"tag-chain-item-link noplay\" rel=\"tag\" href=\"http:\/\/delicious.com\/griset\/cha%C3%AEne_de_t%C3%A9l%C3%A9vision\"><span class=\"tag-chain-item-span\">cha\u00eene_de_t\u00e9l\u00e9vision<\/span><\/a><\/li>\n<\/ul>\n<\/div>\n<\/div>\n<\/li>\n<\/form>\n<\/ul>\n<p><a class=\"pn prev\" href=\"http:\/\/delicious.com\/griset\/?page=2\"><\/a><a class=\"pn next\" href=\"http:\/\/delicious.com\/griset\/?page=4\"><br \/>\n<\/a><\/div>\n<div>\n<ul class=\"bookmarks NOTHUMB\">\n<form action=\"\/post\/bulkedit\" method=\"post\">\n<li class=\"post first isSelf\">\n<div class=\"bookmark NOTHUMB\">\n<div class=\"data\">\n<h4><a class=\"taggedlink\" rel=\"nofollow\" href=\"http:\/\/news.bbc.co.uk\/2\/hi\/technology\/8033808.stm\">Le site de BBC News remporte 2 prix (Webbys) (BBC News du 6\/5\/9)<\/a><\/h4>\n<\/div>\n<h5 class=\"tag-chain-label\">TAGS<\/h5>\n<div class=\"tagdisplay\">\n<ul class=\"tag-chain\">\n<li class=\"tag-chain-item off first\"><a class=\"tag-chain-item-link noplay\" rel=\"tag\" href=\"http:\/\/delicious.com\/griset\/bbc\"><span class=\"tag-chain-item-span\">bbc<\/span><\/a><\/li>\n<li class=\"tag-chain-item off\"><a class=\"tag-chain-item-link noplay\" rel=\"tag\" href=\"http:\/\/delicious.com\/griset\/bbc_news\"><span class=\"tag-chain-item-span\">bbc_news<\/span><\/a><\/li>\n<li class=\"tag-chain-item off\"><a class=\"tag-chain-item-link noplay\" rel=\"tag\" href=\"http:\/\/delicious.com\/griset\/webby\"><span class=\"tag-chain-item-span\">webby<\/span><\/a><\/li>\n<li class=\"tag-chain-item off\"><a class=\"tag-chain-item-link noplay\" rel=\"tag\" href=\"http:\/\/delicious.com\/griset\/anglais\"><span class=\"tag-chain-item-span\">anglais<\/span><\/a><\/li>\n<li class=\"tag-chain-item off\"><a class=\"tag-chain-item-link noplay\" rel=\"tag\" href=\"http:\/\/delicious.com\/griset\/m%C3%A9dias\"><span class=\"tag-chain-item-span\">m\u00e9dias<\/span><\/a><\/li>\n<li class=\"tag-chain-item off\"><a class=\"tag-chain-item-link noplay\" rel=\"tag\" href=\"http:\/\/delicious.com\/griset\/presse\"><span class=\"tag-chain-item-span\">presse<\/span><\/a><\/li>\n<li class=\"tag-chain-item off\"><a class=\"tag-chain-item-link noplay\" rel=\"tag\" href=\"http:\/\/delicious.com\/griset\/langue%C3%A9trang%C3%A8re\"><span class=\"tag-chain-item-span\">langue\u00e9trang\u00e8re<\/span><\/a><\/li>\n<li class=\"tag-chain-item off last\"><a class=\"tag-chain-item-link noplay\" rel=\"tag\" href=\"http:\/\/delicious.com\/griset\/languevivante\"><span class=\"tag-chain-item-span\">languevivante<\/span><\/a><\/li>\n<\/ul>\n<\/div>\n<\/div>\n<\/li>\n<li class=\"post isSelf\">\n<div class=\"bookmark NOTHUMB\">\n<div class=\"data\">\n<h4><a class=\"taggedlink\" rel=\"nofollow\" href=\"http:\/\/www.ac-lyon.fr\/?module=news&amp;action=ViewDetail&amp;newsParam%5Bcmpref%5D=146720&amp;lang=fr\">Jeunes ambassadeurs aux Etats-Unis  (Le Caf\u00e9 p\u00e9dagogique-L\u2019Expresso du 6\/5\/9)<\/a><\/h4>\n<div class=\"description\">Un programme qui permet \u00e0 des lyc\u00e9ens \u00e2g\u00e9s de 15 \u00e0 18 ans de s\u00e9journer 15 jours aux \u00c9tats-Unis durant les cong\u00e9s d\u2019automne 2009. Sous l\u2019\u00e9gide de l\u2019ambassade des \u00c9tats-Unis en France et l\u2019Agence nationale pour la coh\u00e9sion sociale et l\u2019\u00e9galit\u00e9 des chances. Pour des jeunes de famille modeste engag\u00e9s dans des activit\u00e9s citoyennes<\/div>\n<\/div>\n<h5 class=\"tag-chain-label\">TAGS<\/h5>\n<div class=\"tagdisplay\">\n<ul class=\"tag-chain\">\n<li class=\"tag-chain-item off first\"><a class=\"tag-chain-item-link noplay\" rel=\"tag\" href=\"http:\/\/delicious.com\/griset\/%C3%A9change_international\"><span class=\"tag-chain-item-span\">\u00e9change_international<\/span><\/a><\/li>\n<li class=\"tag-chain-item off\"><a class=\"tag-chain-item-link noplay\" rel=\"tag\" href=\"http:\/\/delicious.com\/griset\/histoire\"><span class=\"tag-chain-item-span\">histoire<\/span><\/a><\/li>\n<li class=\"tag-chain-item off\"><a class=\"tag-chain-item-link noplay\" rel=\"tag\" href=\"http:\/\/delicious.com\/griset\/etatsunis\"><span class=\"tag-chain-item-span\">etatsunis<\/span><\/a><\/li>\n<li class=\"tag-chain-item off\"><a class=\"tag-chain-item-link noplay\" rel=\"tag\" href=\"http:\/\/delicious.com\/griset\/jeunes_ambassadeurs_aux_etats_unis\"><span class=\"tag-chain-item-span\">jeunes_ambassadeurs_aux_etats_unis<\/span><\/a><\/li>\n<li class=\"tag-chain-item off\"><a class=\"tag-chain-item-link noplay\" rel=\"tag\" href=\"http:\/\/delicious.com\/griset\/langue%C3%A9trang%C3%A8re\"><span class=\"tag-chain-item-span\">langue\u00e9trang\u00e8re<\/span><\/a><\/li>\n<li class=\"tag-chain-item off\"><a class=\"tag-chain-item-link noplay\" rel=\"tag\" href=\"http:\/\/delicious.com\/griset\/languevivante\"><span class=\"tag-chain-item-span\">languevivante<\/span><\/a><\/li>\n<li class=\"tag-chain-item off last\"><a class=\"tag-chain-item-link noplay\" rel=\"tag\" href=\"http:\/\/delicious.com\/griset\/anglais\"><span class=\"tag-chain-item-span\">anglais<\/span><\/a><\/li>\n<\/ul>\n<\/div>\n<\/div>\n<\/li>\n<li class=\"post isSelf\">\n<div class=\"bookmark NOTHUMB\">\n<div class=\"data\">\n<h4><a class=\"taggedlink\" rel=\"nofollow\" href=\"http:\/\/www.liberation.fr\/societe\/1101457-gustave-eiffel-l-homme-de-fer\">L\u2019exposition \u00abGustave Eiffel, le magicien du fer \u00bb \u00e0 la Mairie de Paris, retrace la carri\u00e8re de cet ing\u00e9nieur d\u2019exception et son activit\u00e9 de chercheur. Jusqu\u2019au 29\/8\/9 (Lib\u00e9ration-8h du 6\/5\/9)<\/a><\/h4>\n<\/div>\n<h5 class=\"tag-chain-label\">TAGS<\/h5>\n<div class=\"tagdisplay\">\n<ul class=\"tag-chain\">\n<li class=\"tag-chain-item off first\"><a class=\"tag-chain-item-link noplay\" rel=\"tag\" href=\"http:\/\/delicious.com\/griset\/eiffel_gustave\"><span class=\"tag-chain-item-span\">eiffel_gustave<\/span><\/a><\/li>\n<li class=\"tag-chain-item off\"><a class=\"tag-chain-item-link noplay\" rel=\"tag\" href=\"http:\/\/delicious.com\/griset\/mairie_de_paris\"><span class=\"tag-chain-item-span\">mairie_de_paris<\/span><\/a><\/li>\n<li class=\"tag-chain-item off\"><a class=\"tag-chain-item-link noplay\" rel=\"tag\" href=\"http:\/\/delicious.com\/griset\/tour_eiffel\"><span class=\"tag-chain-item-span\">tour_eiffel<\/span><\/a><\/li>\n<li class=\"tag-chain-item off last\"><a class=\"tag-chain-item-link noplay\" rel=\"tag\" href=\"http:\/\/delicious.com\/griset\/le_magicien_du_fer\"><span class=\"tag-chain-item-span\">le_magicien_du_fer<\/span><\/a><\/li>\n<\/ul>\n<\/div>\n<\/div>\n<\/li>\n<li class=\"post isSelf\">\n<div class=\"bookmark NOTHUMB\">\n<div class=\"data\">\n<h4><a class=\"taggedlink\" rel=\"nofollow\" href=\"http:\/\/www.cafepedagogique.net\/lexpresso\/Pages\/2009\/05\/06052009Accueil.aspx\">Allemagne : 2 expositions racontent le mur : dans les Jardins du Palais-Royal et au Mus\u00e9e Gropius de Berlin (Le Caf\u00e9 p\u00e9dagogique-L\u2019Expresso du 6\/5\/9)<\/a><\/h4>\n<\/div>\n<h5 class=\"tag-chain-label\">TAGS<\/h5>\n<div class=\"tagdisplay\">\n<ul class=\"tag-chain\">\n<li class=\"tag-chain-item off first\"><a class=\"tag-chain-item-link noplay\" rel=\"tag\" href=\"http:\/\/delicious.com\/griset\/allemagne\"><span class=\"tag-chain-item-span\">allemagne<\/span><\/a><\/li>\n<li class=\"tag-chain-item off\"><a class=\"tag-chain-item-link noplay\" rel=\"tag\" href=\"http:\/\/delicious.com\/griset\/histoire\"><span class=\"tag-chain-item-span\">histoire<\/span><\/a><\/li>\n<li class=\"tag-chain-item off\"><a class=\"tag-chain-item-link noplay\" rel=\"tag\" href=\"http:\/\/delicious.com\/griset\/g%C3%A9ographie\"><span class=\"tag-chain-item-span\">g\u00e9ographie<\/span><\/a><\/li>\n<li class=\"tag-chain-item off\"><a class=\"tag-chain-item-link noplay\" rel=\"tag\" href=\"http:\/\/delicious.com\/griset\/berlin\"><span class=\"tag-chain-item-span\">berlin<\/span><\/a><\/li>\n<li class=\"tag-chain-item off\"><a class=\"tag-chain-item-link noplay\" rel=\"tag\" href=\"http:\/\/delicious.com\/griset\/murdeberlin\"><span class=\"tag-chain-item-span\">murdeberlin<\/span><\/a><\/li>\n<li class=\"tag-chain-item off\"><a class=\"tag-chain-item-link noplay\" rel=\"tag\" href=\"http:\/\/delicious.com\/griset\/jardins_du_palais_royal\"><span class=\"tag-chain-item-span\">jardins_du_palais_royal<\/span><\/a><\/li>\n<li class=\"tag-chain-item off\"><a class=\"tag-chain-item-link noplay\" rel=\"tag\" href=\"http:\/\/delicious.com\/griset\/mus%C3%A9e\"><span class=\"tag-chain-item-span\">mus\u00e9e<\/span><\/a><\/li>\n<li class=\"tag-chain-item off last\"><a class=\"tag-chain-item-link noplay\" rel=\"tag\" href=\"http:\/\/delicious.com\/griset\/mus%C3%A9e_gropius_de_berlin\"><span class=\"tag-chain-item-span\">mus\u00e9e_gropius_de_berlin<\/span><\/a><\/li>\n<\/ul>\n<\/div>\n<\/div>\n<\/li>\n<li class=\"post isSelf\">\n<div class=\"bookmark NOTHUMB\">\n<div class=\"data\">\n<h4><a class=\"taggedlink\" rel=\"nofollow\" href=\"http:\/\/lewebpedagogique.com\/blog\/2009\/05\/05\/leconomie-made-in-china\/\">L\u2019\u00e9conomie chinoise en vid\u00e9o (WebP\u00e9dagogique du 5\/5\/9)<\/a><\/h4>\n<\/div>\n<\/div>\n<\/li>\n<li class=\"post isSelf\">\n<div class=\"bookmark NOTHUMB\">\n<h5 class=\"tag-chain-label\">TAGS<\/h5>\n<div class=\"tagdisplay\">\n<ul class=\"tag-chain\">\n<li class=\"tag-chain-item off first\"><a class=\"tag-chain-item-link noplay\" rel=\"tag\" href=\"http:\/\/delicious.com\/griset\/chine\"><span class=\"tag-chain-item-span\">chine<\/span><\/a><\/li>\n<li class=\"tag-chain-item off\"><a class=\"tag-chain-item-link noplay\" rel=\"tag\" href=\"http:\/\/delicious.com\/griset\/histoire\"><span class=\"tag-chain-item-span\">histoire<\/span><\/a><\/li>\n<li class=\"tag-chain-item off\"><a class=\"tag-chain-item-link noplay\" rel=\"tag\" href=\"http:\/\/delicious.com\/griset\/g%C3%A9ographie\"><span class=\"tag-chain-item-span\">g\u00e9ographie<\/span><\/a><\/li>\n<li class=\"tag-chain-item off\"><a class=\"tag-chain-item-link noplay\" rel=\"tag\" href=\"http:\/\/delicious.com\/griset\/%C3%A9conomie_chinoise\"><span class=\"tag-chain-item-span\">\u00e9conomie_chinoise<\/span><\/a><\/li>\n<li class=\"tag-chain-item off last\"><a class=\"tag-chain-item-link noplay\" rel=\"tag\" href=\"http:\/\/delicious.com\/griset\/WebP%C3%A9dagogique\"><span class=\"tag-chain-item-span\">WebP\u00e9dagogique<\/span><\/a><\/li>\n<\/ul>\n<\/div>\n<\/div>\n<\/li>\n<li class=\"post isSelf\">\n<div class=\"bookmark NOTHUMB\">\n<div class=\"data\">\n<h4><a class=\"taggedlink\" rel=\"nofollow\" href=\"http:\/\/emploi.france5.fr\/emploi\/droit-travail\/discrimination\/25122746-fr.php\">Lutter contre la discrimination \u00e0 l\u2019embauche (France 5 Emploi du 6\/5\/9)<\/a><\/h4>\n<\/div>\n<h5 class=\"tag-chain-label\">TAGS<\/h5>\n<div class=\"tagdisplay\">\n<ul class=\"tag-chain\">\n<li class=\"tag-chain-item off first\"><a class=\"tag-chain-item-link noplay\" rel=\"tag\" href=\"http:\/\/delicious.com\/griset\/histoire\"><span class=\"tag-chain-item-span\">histoire<\/span><\/a><\/li>\n<li class=\"tag-chain-item off\"><a class=\"tag-chain-item-link noplay\" rel=\"tag\" href=\"http:\/\/delicious.com\/griset\/discrimination\"><span class=\"tag-chain-item-span\">discrimination<\/span><\/a><\/li>\n<li class=\"tag-chain-item off\"><a class=\"tag-chain-item-link noplay\" rel=\"tag\" href=\"http:\/\/delicious.com\/griset\/racisme\"><span class=\"tag-chain-item-span\">racisme<\/span><\/a><\/li>\n<li class=\"tag-chain-item off\"><a class=\"tag-chain-item-link noplay\" rel=\"tag\" href=\"http:\/\/delicious.com\/griset\/discrimination_%C3%A0_l%27_embauche\"><span class=\"tag-chain-item-span\">discrimination_\u00e0_l&rsquo;_embauche<\/span><\/a><\/li>\n<li class=\"tag-chain-item off\"><a class=\"tag-chain-item-link noplay\" rel=\"tag\" href=\"http:\/\/delicious.com\/griset\/travail\"><span class=\"tag-chain-item-span\">travail<\/span><\/a><\/li>\n<li class=\"tag-chain-item off last\"><a class=\"tag-chain-item-link noplay\" rel=\"tag\" href=\"http:\/\/delicious.com\/griset\/droit_du_travail\"><span class=\"tag-chain-item-span\">droit_du_travail<\/span><\/a><\/li>\n<\/ul>\n<\/div>\n<\/div>\n<\/li>\n<li class=\"post isSelf\">\n<div class=\"bookmark NOTHUMB\">\n<div class=\"data\">\n<h4><a class=\"taggedlink\" rel=\"nofollow\" href=\"http:\/\/www.cndp.fr\/tice\/teledoc\/mire\/teledoc_miragedelavie.pdf\">Mirage de la vie, sur Arte. Un m\u00e9lodrame flamboyant de Douglas Sirk prend pour sujet la question raciale dans l\u2019Am\u00e9rique blanche des ann\u00e9es 1950. (T\u00e9l\u00e9doc du 6\/5\/9)<\/a><\/h4>\n<\/div>\n<h5 class=\"tag-chain-label\">TAGS<\/h5>\n<div class=\"tagdisplay\">\n<ul class=\"tag-chain\">\n<li class=\"tag-chain-item off first\"><a class=\"tag-chain-item-link noplay\" rel=\"tag\" href=\"http:\/\/delicious.com\/griset\/histoire\"><span class=\"tag-chain-item-span\">histoire<\/span><\/a><\/li>\n<li class=\"tag-chain-item off\"><a class=\"tag-chain-item-link noplay\" rel=\"tag\" href=\"http:\/\/delicious.com\/griset\/sirk_douglas\"><span class=\"tag-chain-item-span\">sirk_douglas<\/span><\/a><\/li>\n<li class=\"tag-chain-item off\"><a class=\"tag-chain-item-link noplay\" rel=\"tag\" href=\"http:\/\/delicious.com\/griset\/m%C3%A9lodrame\"><span class=\"tag-chain-item-span\">m\u00e9lodrame<\/span><\/a><\/li>\n<li class=\"tag-chain-item off\"><a class=\"tag-chain-item-link noplay\" rel=\"tag\" href=\"http:\/\/delicious.com\/griset\/le_mirage_de_la_vie\"><span class=\"tag-chain-item-span\">le_mirage_de_la_vie<\/span><\/a><\/li>\n<li class=\"tag-chain-item off\"><a class=\"tag-chain-item-link noplay\" rel=\"tag\" href=\"http:\/\/delicious.com\/griset\/racisme\"><span class=\"tag-chain-item-span\">racisme<\/span><\/a><\/li>\n<li class=\"tag-chain-item off\"><a class=\"tag-chain-item-link noplay\" rel=\"tag\" href=\"http:\/\/delicious.com\/griset\/1050\"><span class=\"tag-chain-item-span\">1950<\/span><\/a><\/li>\n<li class=\"tag-chain-item off\"><a class=\"tag-chain-item-link noplay\" rel=\"tag\" href=\"http:\/\/delicious.com\/griset\/etatsunis\"><span class=\"tag-chain-item-span\">etatsunis<\/span><\/a><\/li>\n<li class=\"tag-chain-item off\"><a class=\"tag-chain-item-link noplay\" rel=\"tag\" href=\"http:\/\/delicious.com\/griset\/t%C3%A9l%C3%A9doc\"><span class=\"tag-chain-item-span\">t\u00e9l\u00e9doc<\/span><\/a><\/li>\n<li class=\"tag-chain-item off\"><a class=\"tag-chain-item-link noplay\" rel=\"tag\" href=\"http:\/\/delicious.com\/griset\/t%C3%A9l%C3%A9vision\"><span class=\"tag-chain-item-span\">t\u00e9l\u00e9vision<\/span><\/a><\/li>\n<li class=\"tag-chain-item off last\"><a class=\"tag-chain-item-link noplay\" rel=\"tag\" href=\"http:\/\/delicious.com\/griset\/arte\"><span class=\"tag-chain-item-span\">arte<\/span><\/a><\/li>\n<\/ul>\n<\/div>\n<\/div>\n<\/li>\n<li class=\"post isSelf\">\n<div class=\"bookmark NOTHUMB\">\n<div class=\"data\">\n<h4><a class=\"taggedlink\" rel=\"nofollow\" href=\"http:\/\/www.cndp.fr\/Produits\/DetailSimp.asp?ID=129904\">Cyberlibrairie du SC\u00c9R\u00c9N &#8211; Noirs : Noirs, l\u2019identit\u00e9 au c\u0153ur de la question noire, TV5 Monde le 11\/5\/9 \u00e0 17h (T\u00e9l\u00e9doc du 9\/5\/9)<\/a><\/h4>\n<\/div>\n<div class=\"meta\">\n<div class=\"editdel\">\n<ul class=\"bookmark-actions\">\n<li><a class=\"action edit\" href=\"http:\/\/delicious.com\/save?url=http%3A%2F%2Fwww.cndp.fr%2FProduits%2FDetailSimp.asp%3FID%3D129904&amp;hash=3c629075799b2e9f508966cbda33b4f0&amp;key=St9eDH87GUCNrI0vinMs5iO5Lr8-&amp;edit=yes&amp;jump=%2Fgriset%2F%3Fpage%3D4&amp;on_tags=\"><\/a><\/li>\n<\/ul>\n<\/div>\n<\/div>\n<h5 class=\"tag-chain-label\">TAGS<\/h5>\n<div class=\"tagdisplay\">\n<ul class=\"tag-chain\">\n<li class=\"tag-chain-item off first\"><a class=\"tag-chain-item-link noplay\" rel=\"tag\" href=\"http:\/\/delicious.com\/griset\/noirs\"><span class=\"tag-chain-item-span\">noirs<\/span><\/a><\/li>\n<li class=\"tag-chain-item off\"><a class=\"tag-chain-item-link noplay\" rel=\"tag\" href=\"http:\/\/delicious.com\/griset\/racisme\"><span class=\"tag-chain-item-span\">racisme<\/span><\/a><\/li>\n<li class=\"tag-chain-item off\"><a class=\"tag-chain-item-link noplay\" rel=\"tag\" href=\"http:\/\/delicious.com\/griset\/discrimination\"><span class=\"tag-chain-item-span\">discrimination<\/span><\/a><\/li>\n<li class=\"tag-chain-item off\"><a class=\"tag-chain-item-link noplay\" rel=\"tag\" href=\"http:\/\/delicious.com\/griset\/histoire\"><span class=\"tag-chain-item-span\">histoire<\/span><\/a><\/li>\n<li class=\"tag-chain-item off\"><a class=\"tag-chain-item-link noplay\" rel=\"tag\" href=\"http:\/\/delicious.com\/griset\/TV5Monde\"><span class=\"tag-chain-item-span\">TV5Monde<\/span><\/a><\/li>\n<li class=\"tag-chain-item off\"><a class=\"tag-chain-item-link noplay\" rel=\"tag\" href=\"http:\/\/delicious.com\/griset\/t%C3%A9l%C3%A9doc\"><span class=\"tag-chain-item-span\">t\u00e9l\u00e9doc<\/span><\/a><\/li>\n<li class=\"tag-chain-item off last\"><a class=\"tag-chain-item-link noplay\" rel=\"tag\" href=\"http:\/\/delicious.com\/griset\/t%C3%A9l%C3%A9vision\"><span class=\"tag-chain-item-span\">t\u00e9l\u00e9vision<\/span><\/a><\/li>\n<\/ul>\n<\/div>\n<\/div>\n<\/li>\n<li class=\"post isSelf\">\n<div class=\"bookmark NOTHUMB\">\n<div class=\"data\">\n<h4><a class=\"taggedlink\" rel=\"nofollow\" href=\"http:\/\/www.cndp.fr\/tice\/teledoc\/mire\/teledoc_choixdemyriam.pdf\">Le Choix de Myriam, sur France 3. Un t\u00e9l\u00e9film parcourt vingt ans de la vie d\u2019un couple d\u2019immigr\u00e9s alg\u00e9riens dans la France des ann\u00e9es 1960 et 1970. Dans la m\u00eame veine que \u00ab Vivre au paradis \u00bb de Bourlem Guerdjou. Sur France 3 le 9\/5\/9 \u00e0 20h35. (T\u00e9l\u00e9doc&#8230;<\/a><\/h4>\n<\/div>\n<div class=\"meta\"><\/div>\n<h5 class=\"tag-chain-label\">TAGS<\/h5>\n<div class=\"tagdisplay\">\n<ul class=\"tag-chain\">\n<li class=\"tag-chain-item off first\"><a class=\"tag-chain-item-link noplay\" rel=\"tag\" href=\"http:\/\/delicious.com\/griset\/immigration\"><span class=\"tag-chain-item-span\">immigration<\/span><\/a><\/li>\n<li class=\"tag-chain-item off\"><a class=\"tag-chain-item-link noplay\" rel=\"tag\" href=\"http:\/\/delicious.com\/griset\/immigr%C3%A9_maghr%C3%A9bin\"><span class=\"tag-chain-item-span\">immigr\u00e9_maghr\u00e9bin<\/span><\/a><\/li>\n<li class=\"tag-chain-item off\"><a class=\"tag-chain-item-link noplay\" rel=\"tag\" href=\"http:\/\/delicious.com\/griset\/maghreb\"><span class=\"tag-chain-item-span\">maghreb<\/span><\/a><\/li>\n<li class=\"tag-chain-item off\"><a class=\"tag-chain-item-link noplay\" rel=\"tag\" href=\"http:\/\/delicious.com\/griset\/le_choix_de_myriam\"><span class=\"tag-chain-item-span\">le_choix_de_myriam<\/span><\/a><\/li>\n<li class=\"tag-chain-item off\"><a class=\"tag-chain-item-link noplay\" rel=\"tag\" href=\"http:\/\/delicious.com\/griset\/france3\"><span class=\"tag-chain-item-span\">france3<\/span><\/a><\/li>\n<li class=\"tag-chain-item off\"><a class=\"tag-chain-item-link noplay\" rel=\"tag\" href=\"http:\/\/delicious.com\/griset\/immigr%C3%A9_alg%C3%A9rien\"><span class=\"tag-chain-item-span\">immigr\u00e9_alg\u00e9rien<\/span><\/a><\/li>\n<li class=\"tag-chain-item off\"><a class=\"tag-chain-item-link noplay\" rel=\"tag\" href=\"http:\/\/delicious.com\/griset\/1960\"><span class=\"tag-chain-item-span\">1960<\/span><\/a><\/li>\n<li class=\"tag-chain-item off\"><a class=\"tag-chain-item-link noplay\" rel=\"tag\" href=\"http:\/\/delicious.com\/griset\/1970\"><span class=\"tag-chain-item-span\">1970<\/span><\/a><\/li>\n<li class=\"tag-chain-item off\"><a class=\"tag-chain-item-link noplay\" rel=\"tag\" href=\"http:\/\/delicious.com\/griset\/t%C3%A9l%C3%A9doc\"><span class=\"tag-chain-item-span\">t\u00e9l\u00e9doc<\/span><\/a><\/li>\n<li class=\"tag-chain-item off last\"><a class=\"tag-chain-item-link noplay\" rel=\"tag\" href=\"http:\/\/delicious.com\/griset\/t%C3%A9l%C3%A9vision\"><span class=\"tag-chain-item-span\">t\u00e9l\u00e9vision<\/span><\/a><\/li>\n<\/ul>\n<\/div>\n<\/div>\n<\/li>\n<li class=\"post last isSelf\">\n<div class=\"bookmark NOTHUMB\">\n<div class=\"data\">\n<h4><a class=\"taggedlink\" rel=\"nofollow\" href=\"http:\/\/www.lemonde.fr\/archives\/article\/2009\/05\/06\/les-guides-gisserot-monument-editorial-en-peril_1189617_0.html\">Les Guides Gisserot, monument \u00e9ditorial en p\u00e9ril (Le Monde du 6\/5\/9) Le guide Gisserot a \u00e9t\u00e9 \u00e9vinc\u00e9 des points de vente g\u00e9r\u00e9s par le Centre des monuments nationaux (CMN)<\/a><\/h4>\n<\/div>\n<h5 class=\"tag-chain-label\">TAGS<\/h5>\n<div class=\"tagdisplay\">\n<ul class=\"tag-chain\">\n<li class=\"tag-chain-item off first\"><a class=\"tag-chain-item-link noplay\" rel=\"tag\" href=\"http:\/\/delicious.com\/griset\/g%C3%A9ographie\"><span class=\"tag-chain-item-span\">g\u00e9ographie<\/span><\/a><\/li>\n<li class=\"tag-chain-item off\"><a class=\"tag-chain-item-link noplay\" rel=\"tag\" href=\"http:\/\/delicious.com\/griset\/guide_touristique\"><span class=\"tag-chain-item-span\">guide_touristique<\/span><\/a><\/li>\n<li class=\"tag-chain-item off\"><a class=\"tag-chain-item-link noplay\" rel=\"tag\" href=\"http:\/\/delicious.com\/griset\/guide_gisserot\"><span class=\"tag-chain-item-span\">guide_gisserot<\/span><\/a><\/li>\n<li class=\"tag-chain-item off\"><a class=\"tag-chain-item-link noplay\" rel=\"tag\" href=\"http:\/\/delicious.com\/griset\/cmn\"><span class=\"tag-chain-item-span\">cmn<\/span><\/a><\/li>\n<li class=\"tag-chain-item off last\"><a class=\"tag-chain-item-link noplay\" rel=\"tag\" href=\"http:\/\/delicious.com\/griset\/centre_des_monuments_nationaux\"><span class=\"tag-chain-item-span\">centre_des_monuments_nationaux<\/span><\/a><\/li>\n<\/ul>\n<\/div>\n<\/div>\n<\/li>\n<\/form>\n<\/ul>\n<\/div>\n<div>\n<ul class=\"bookmarks NOTHUMB\">\n<form action=\"\/post\/bulkedit\" method=\"post\">\n<li class=\"post first isSelf\">\n<div class=\"bookmark NOTHUMB\">\n<div class=\"data\">\n<h4><a class=\"taggedlink\" rel=\"nofollow\" href=\"http:\/\/www.silicon.fr\/fr\/news\/2009\/05\/05\/hadopi_derniere_ligne_droite_avant_le_vote_solennel\">Hadopi : derni\u00e8re ligne droite avant le vote solennel (Site Silicon du 5\/5\/9, post d\u2019Olivier Robillart)<\/a><\/h4>\n<\/div>\n<h5 class=\"tag-chain-label\">TAGS<\/h5>\n<div class=\"tagdisplay\">\n<ul class=\"tag-chain\">\n<li class=\"tag-chain-item off first\"><a class=\"tag-chain-item-link noplay\" rel=\"tag\" href=\"http:\/\/delicious.com\/griset\/droit\"><span class=\"tag-chain-item-span\">droit<\/span><\/a><\/li>\n<li class=\"tag-chain-item off\"><a class=\"tag-chain-item-link noplay\" rel=\"tag\" href=\"http:\/\/delicious.com\/griset\/T%C3%A9l%C3%A9chargementill%C3%A9gal\"><span class=\"tag-chain-item-span\">T\u00e9l\u00e9chargementill\u00e9gal<\/span><\/a><\/li>\n<li class=\"tag-chain-item off\"><a class=\"tag-chain-item-link noplay\" rel=\"tag\" href=\"http:\/\/delicious.com\/griset\/hadopi\"><span class=\"tag-chain-item-span\">hadopi<\/span><\/a><\/li>\n<li class=\"tag-chain-item off\"><a class=\"tag-chain-item-link noplay\" rel=\"tag\" href=\"http:\/\/delicious.com\/griset\/LoiHadopi\"><span class=\"tag-chain-item-span\">LoiHadopi<\/span><\/a><\/li>\n<li class=\"tag-chain-item off last\"><a class=\"tag-chain-item-link noplay\" rel=\"tag\" href=\"http:\/\/delicious.com\/griset\/robillart_olivier\"><span class=\"tag-chain-item-span\">robillart_olivier<\/span><\/a><\/li>\n<\/ul>\n<\/div>\n<\/div>\n<\/li>\n<li class=\"post isSelf\">\n<div class=\"bookmark NOTHUMB\">\n<div class=\"data\">\n<h4><a class=\"taggedlink\" rel=\"nofollow\" href=\"http:\/\/eco.rue89.com\/2009\/05\/05\/hadopi-tour-du-monde-des-mesures-antipiratage\">Hadopi : tour du monde des mesures anti-piratage (Rue89 du 5\/5\/9) Amende, bridage, blocage de l\u2019acc\u00e8s internet, etc.<\/a><\/h4>\n<\/div>\n<h5 class=\"tag-chain-label\">TAGS<\/h5>\n<div class=\"tagdisplay\">\n<ul class=\"tag-chain\">\n<li class=\"tag-chain-item off first\"><a class=\"tag-chain-item-link noplay\" rel=\"tag\" href=\"http:\/\/delicious.com\/griset\/droit\"><span class=\"tag-chain-item-span\">droit<\/span><\/a><\/li>\n<li class=\"tag-chain-item off\"><a class=\"tag-chain-item-link noplay\" rel=\"tag\" href=\"http:\/\/delicious.com\/griset\/T%C3%A9l%C3%A9chargementill%C3%A9gal\"><span class=\"tag-chain-item-span\">T\u00e9l\u00e9chargementill\u00e9gal<\/span><\/a><\/li>\n<li class=\"tag-chain-item off\"><a class=\"tag-chain-item-link noplay\" rel=\"tag\" href=\"http:\/\/delicious.com\/griset\/LoiHadopi\"><span class=\"tag-chain-item-span\">LoiHadopi<\/span><\/a><\/li>\n<li class=\"tag-chain-item off\"><a class=\"tag-chain-item-link noplay\" rel=\"tag\" href=\"http:\/\/delicious.com\/griset\/hadopi\"><span class=\"tag-chain-item-span\">hadopi<\/span><\/a><\/li>\n<li class=\"tag-chain-item off\"><a class=\"tag-chain-item-link noplay\" rel=\"tag\" href=\"http:\/\/delicious.com\/griset\/amende\"><span class=\"tag-chain-item-span\">amende<\/span><\/a><\/li>\n<li class=\"tag-chain-item off\"><a class=\"tag-chain-item-link noplay\" rel=\"tag\" href=\"http:\/\/delicious.com\/griset\/bridage\"><span class=\"tag-chain-item-span\">bridage<\/span><\/a><\/li>\n<li class=\"tag-chain-item off\"><a class=\"tag-chain-item-link noplay\" rel=\"tag\" href=\"http:\/\/delicious.com\/griset\/blocage_de_l%27_acc%C3%A8s_internet\"><span class=\"tag-chain-item-span\">blocage_de_l&rsquo;_acc\u00e8s_internet<\/span><\/a><\/li>\n<li class=\"tag-chain-item off last\"><a class=\"tag-chain-item-link noplay\" rel=\"tag\" href=\"http:\/\/delicious.com\/griset\/fai\"><span class=\"tag-chain-item-span\">fai<\/span><\/a><\/li>\n<\/ul>\n<\/div>\n<\/div>\n<\/li>\n<li class=\"post isSelf\">\n<div class=\"bookmark NOTHUMB\">\n<div class=\"data\">\n<h4><a class=\"taggedlink\" rel=\"nofollow\" href=\"http:\/\/www.wk-rh.fr\/actualites\/detail\/11509\/les-mesures-sociales-de-la-loi-de-simplification-du-droit.html\">Les mesures sociales de la loi de simplification du droit (WK-RH Liaisons Sociales du 28\/4\/9) : Le bulletin de paie \u00e9lectronique, formation \u00e0 la sant\u00e9 et \u00e0 la s\u00e9curit\u00e9 des stagiaires en entreprise, Conseil des prud\u2019hommes et ch\u00e8que emploi service unive&#8230;<\/a><\/h4>\n<\/div>\n<h5 class=\"tag-chain-label\">TAGS<\/h5>\n<div class=\"tagdisplay\">\n<ul class=\"tag-chain\">\n<li class=\"tag-chain-item off first\"><a class=\"tag-chain-item-link noplay\" rel=\"tag\" href=\"http:\/\/delicious.com\/griset\/droit_du_travail\"><span class=\"tag-chain-item-span\">droit_du_travail<\/span><\/a><\/li>\n<li class=\"tag-chain-item off\"><a class=\"tag-chain-item-link noplay\" rel=\"tag\" href=\"http:\/\/delicious.com\/griset\/droit_social\"><span class=\"tag-chain-item-span\">droit_social<\/span><\/a><\/li>\n<li class=\"tag-chain-item off\"><a class=\"tag-chain-item-link noplay\" rel=\"tag\" href=\"http:\/\/delicious.com\/griset\/droitsocial\"><span class=\"tag-chain-item-span\">droitsocial<\/span><\/a><\/li>\n<li class=\"tag-chain-item off\"><a class=\"tag-chain-item-link noplay\" rel=\"tag\" href=\"http:\/\/delicious.com\/griset\/stage\"><span class=\"tag-chain-item-span\">stage<\/span><\/a><\/li>\n<li class=\"tag-chain-item off\"><a class=\"tag-chain-item-link noplay\" rel=\"tag\" href=\"http:\/\/delicious.com\/griset\/conseil_des_prud%27homes\"><span class=\"tag-chain-item-span\">conseil_des_prud&rsquo;homes<\/span><\/a><\/li>\n<li class=\"tag-chain-item off\"><a class=\"tag-chain-item-link noplay\" rel=\"tag\" href=\"http:\/\/delicious.com\/griset\/cesu\"><span class=\"tag-chain-item-span\">cesu<\/span><\/a><\/li>\n<li class=\"tag-chain-item off\"><a class=\"tag-chain-item-link noplay\" rel=\"tag\" href=\"http:\/\/delicious.com\/griset\/ch%C3%A8que_emploi_service_universel\"><span class=\"tag-chain-item-span\">ch\u00e8que_emploi_service_universel<\/span><\/a><\/li>\n<li class=\"tag-chain-item off\"><a class=\"tag-chain-item-link noplay\" rel=\"tag\" href=\"http:\/\/delicious.com\/griset\/simplification_du_droit\"><span class=\"tag-chain-item-span\">simplification_du_droit<\/span><\/a><\/li>\n<li class=\"tag-chain-item off last\"><a class=\"tag-chain-item-link noplay\" rel=\"tag\" href=\"http:\/\/delicious.com\/griset\/liaisons_sociales\"><span class=\"tag-chain-item-span\">liaisons_sociales<\/span><\/a><\/li>\n<\/ul>\n<\/div>\n<\/div>\n<\/li>\n<li class=\"post isSelf\">\n<div class=\"bookmark NOTHUMB\">\n<div class=\"data\">\n<h4><a class=\"taggedlink\" rel=\"nofollow\" href=\"http:\/\/www.lexpress.fr\/actualites\/1\/les-petits-chanteurs-a-la-croix-de-bois-interdits-de-concert-le-gouvernement-veut-trouver-une-solution-juridique-et-pratique_757964.html\">Les Petits Chanteurs \u00e0 la croix de Bois interdits de concert vu la l\u00e9gislation du travail des enfants. En revanche, l\u2019association estime que son projet fait partie d\u2019un projet \u00e9ducatif de formation (L\u2019Express du 2\/5\/9)<\/a><\/h4>\n<\/div>\n<h5 class=\"tag-chain-label\">TAGS<\/h5>\n<div class=\"tagdisplay\">\n<ul class=\"tag-chain\">\n<li class=\"tag-chain-item off first\"><a class=\"tag-chain-item-link noplay\" rel=\"tag\" href=\"http:\/\/delicious.com\/griset\/droit\"><span class=\"tag-chain-item-span\">droit<\/span><\/a><\/li>\n<li class=\"tag-chain-item off\"><a class=\"tag-chain-item-link noplay\" rel=\"tag\" href=\"http:\/\/delicious.com\/griset\/droit_de_l%27_enfant\"><span class=\"tag-chain-item-span\">droit_de_l&rsquo;_enfant<\/span><\/a><\/li>\n<li class=\"tag-chain-item off\"><a class=\"tag-chain-item-link noplay\" rel=\"tag\" href=\"http:\/\/delicious.com\/griset\/travail_des_enfants\"><span class=\"tag-chain-item-span\">travail_des_enfants<\/span><\/a><\/li>\n<li class=\"tag-chain-item off last\"><a class=\"tag-chain-item-link noplay\" rel=\"tag\" href=\"http:\/\/delicious.com\/griset\/petits_chanteurs_%C3%A0_la_croix_de_bois\"><span class=\"tag-chain-item-span\">petits_chanteurs_\u00e0_la_croix_de_bois<\/span><\/a><\/li>\n<\/ul>\n<\/div>\n<\/div>\n<\/li>\n<li class=\"post isSelf\">\n<div class=\"bookmark NOTHUMB\">\n<div class=\"data\">\n<h4><a class=\"taggedlink\" rel=\"nofollow\" href=\"http:\/\/www.jobfact.com\/fr\">Un site r\u00e9v\u00e8le combien gagnent vos coll\u00e8gues<\/a><\/h4>\n<\/div>\n<div class=\"meta\">\n<div class=\"editdel\">\n<div class=\"deleteconfirmation hidden\"><a class=\"action deletecancel\" href=\"http:\/\/delicious.com\/post\/delete?url=http%3A%2F%2Fwww.jobfact.com%2Ffr&amp;hash=dc204fdd2decf91e59677521788e0b55&amp;key=t8NKJ1ijJV1gLn3OgXv_qZHTXC0-\"><br \/>\n<\/a><\/div>\n<\/div>\n<\/div>\n<h5 class=\"tag-chain-label\">TAGS<\/h5>\n<div class=\"tagdisplay\">\n<ul class=\"tag-chain\">\n<li class=\"tag-chain-item off first\"><a class=\"tag-chain-item-link noplay\" rel=\"tag\" href=\"http:\/\/delicious.com\/griset\/salaire\"><span class=\"tag-chain-item-span\">salaire<\/span><\/a><\/li>\n<li class=\"tag-chain-item off\"><a class=\"tag-chain-item-link noplay\" rel=\"tag\" href=\"http:\/\/delicious.com\/griset\/%C3%A9conomie\"><span class=\"tag-chain-item-span\">\u00e9conomie<\/span><\/a><\/li>\n<li class=\"tag-chain-item off last\"><a class=\"tag-chain-item-link noplay\" rel=\"tag\" href=\"http:\/\/delicious.com\/griset\/jobfact.com\"><span class=\"tag-chain-item-span\">jobfact.com<\/span><\/a><\/li>\n<\/ul>\n<\/div>\n<\/div>\n<\/li>\n<li class=\"post isSelf\">\n<div class=\"bookmark NOTHUMB\">\n<div class=\"data\">\n<h4><a class=\"taggedlink\" rel=\"nofollow\" href=\"http:\/\/eco.rue89.com\/2009\/05\/04\/un-site-revele-combien-gagnent-vos-collegues\">Un site r\u00e9v\u00e8le combien gagnent vos coll\u00e8gues : http:\/\/www.jobfact.com\/fr (Eco89 Rue89 du 4\/5\/9)<\/a><\/h4>\n<\/div>\n<h5 class=\"tag-chain-label\">TAGS<\/h5>\n<div class=\"tagdisplay\">\n<ul class=\"tag-chain\">\n<li class=\"tag-chain-item off first\"><a class=\"tag-chain-item-link noplay\" rel=\"tag\" href=\"http:\/\/delicious.com\/griset\/salaire\"><span class=\"tag-chain-item-span\">salaire<\/span><\/a><\/li>\n<li class=\"tag-chain-item off\"><a class=\"tag-chain-item-link noplay\" rel=\"tag\" href=\"http:\/\/delicious.com\/griset\/%C3%A9conomie\"><span class=\"tag-chain-item-span\">\u00e9conomie<\/span><\/a><\/li>\n<li class=\"tag-chain-item off last\"><a class=\"tag-chain-item-link noplay\" rel=\"tag\" href=\"http:\/\/delicious.com\/griset\/jobfact.%3Bcom\"><span class=\"tag-chain-item-span\">jobfact.;com<\/span><\/a><\/li>\n<\/ul>\n<\/div>\n<\/div>\n<\/li>\n<li class=\"post isSelf\">\n<div class=\"bookmark NOTHUMB\">\n<div class=\"data\">\n<h4><a class=\"taggedlink\" rel=\"nofollow\" href=\"http:\/\/www.juritravail.com\/salaire.html\">Le test pour calculer le salaire-type d\u2019une profession<\/a><\/h4>\n<\/div>\n<h5 class=\"tag-chain-label\">TAGS<\/h5>\n<div class=\"tagdisplay\">\n<ul class=\"tag-chain\">\n<li class=\"tag-chain-item off first\"><a class=\"tag-chain-item-link noplay\" rel=\"tag\" href=\"http:\/\/delicious.com\/griset\/salaire\"><span class=\"tag-chain-item-span\">salaire<\/span><\/a><\/li>\n<li class=\"tag-chain-item off\"><a class=\"tag-chain-item-link noplay\" rel=\"tag\" href=\"http:\/\/delicious.com\/griset\/%C3%A9conomie\"><span class=\"tag-chain-item-span\">\u00e9conomie<\/span><\/a><\/li>\n<li class=\"tag-chain-item off last\"><a class=\"tag-chain-item-link noplay\" rel=\"tag\" href=\"http:\/\/delicious.com\/griset\/Juritravail\"><span class=\"tag-chain-item-span\">Juritravail<\/span><\/a><\/li>\n<\/ul>\n<\/div>\n<\/div>\n<\/li>\n<li class=\"post isSelf\">\n<div class=\"bookmark NOTHUMB\">\n<div class=\"data\">\n<h4><a class=\"taggedlink\" rel=\"nofollow\" href=\"http:\/\/www.lejustesalaire.com\/\">Le Juste Salaire : site comparatif des salaires<\/a><\/h4>\n<\/div>\n<h5 class=\"tag-chain-label\">TAGS<\/h5>\n<div class=\"tagdisplay\">\n<ul class=\"tag-chain\">\n<li class=\"tag-chain-item off first\"><a class=\"tag-chain-item-link noplay\" rel=\"tag\" href=\"http:\/\/delicious.com\/griset\/le_juste_salaire\"><span class=\"tag-chain-item-span\">le_juste_salaire<\/span><\/a><\/li>\n<li class=\"tag-chain-item off\"><a class=\"tag-chain-item-link noplay\" rel=\"tag\" href=\"http:\/\/delicious.com\/griset\/salaire\"><span class=\"tag-chain-item-span\">salaire<\/span><\/a><\/li>\n<li class=\"tag-chain-item off last\"><a class=\"tag-chain-item-link noplay\" rel=\"tag\" href=\"http:\/\/delicious.com\/griset\/%C3%A9conomie\"><span class=\"tag-chain-item-span\">\u00e9conomie<\/span><\/a><\/li>\n<\/ul>\n<\/div>\n<\/div>\n<\/li>\n<li class=\"post isSelf\">\n<div class=\"bookmark NOTHUMB\">\n<div class=\"data\">\n<h4><a class=\"taggedlink\" rel=\"nofollow\" href=\"http:\/\/france5.careerbuilder.fr\/Article\/CB-124-Recherche-demploi-Comment-faire-face-au-licenciement\/?cbsid=106636df5cca4f7a96352e29115b6e51-294868325-JC-5&amp;lr=int_frarchef5&amp;ArticleID=124&amp;cbRecursionCnt=3\">Faire face au licenciement (France 5 Emploi du 6\/5\/9)<\/a><\/h4>\n<\/div>\n<h5 class=\"tag-chain-label\">TAGS<\/h5>\n<div class=\"tagdisplay\">\n<ul class=\"tag-chain\">\n<li class=\"tag-chain-item off first\"><a class=\"tag-chain-item-link noplay\" rel=\"tag\" href=\"http:\/\/delicious.com\/griset\/licenciement\"><span class=\"tag-chain-item-span\">licenciement<\/span><\/a><\/li>\n<li class=\"tag-chain-item off last\"><a class=\"tag-chain-item-link noplay\" rel=\"tag\" href=\"http:\/\/delicious.com\/griset\/%C3%A9conomie\"><span class=\"tag-chain-item-span\">\u00e9conomie<\/span><\/a><\/li>\n<\/ul>\n<\/div>\n<\/div>\n<\/li>\n<li class=\"post last isSelf\">\n<div class=\"bookmark NOTHUMB\">\n<div class=\"data\">\n<h4><a class=\"taggedlink\" rel=\"nofollow\" href=\"http:\/\/emploi.france5.fr\/blog\/?p=526\">Rebondir apr\u00e8s un licenciement (France 5 Emploi du 6\/5\/9)<\/a><\/h4>\n<\/div>\n<h5 class=\"tag-chain-label\">TAGS<\/h5>\n<div class=\"tagdisplay\">\n<ul class=\"tag-chain\">\n<li class=\"tag-chain-item off first\"><a class=\"tag-chain-item-link noplay\" rel=\"tag\" href=\"http:\/\/delicious.com\/griset\/%C3%A9conomie\"><span class=\"tag-chain-item-span\">\u00e9conomie<\/span><\/a><\/li>\n<li class=\"tag-chain-item off\"><a class=\"tag-chain-item-link noplay\" rel=\"tag\" href=\"http:\/\/delicious.com\/griset\/licenciement\"><span class=\"tag-chain-item-span\">licenciement<\/span><\/a><\/li>\n<li class=\"tag-chain-item off last\"><a class=\"tag-chain-item-link noplay\" rel=\"tag\" href=\"http:\/\/delicious.com\/griset\/rebondir\"><span class=\"tag-chain-item-span\">rebondir<\/span><\/a><\/li>\n<\/ul>\n<\/div>\n<\/div>\n<\/li>\n<\/form>\n<\/ul>\n<p><a class=\"pn prev\" href=\"http:\/\/delicious.com\/griset\/?page=4\"><\/a><a class=\"pn next\" href=\"http:\/\/delicious.com\/griset\/?page=6\"><br \/>\n<\/a><\/div>\n<div>\n<ul class=\"bookmarks NOTHUMB\">\n<form action=\"\/post\/bulkedit\" method=\"post\">\n<li class=\"post first isSelf\">\n<div class=\"bookmark NOTHUMB\">\n<div class=\"data\">\n<h4><a class=\"taggedlink\" rel=\"nofollow\" href=\"http:\/\/www.linternaute.com\/femmes\/carriere\/conseils\/0704-relations-femmes.shtml\">Travailler en \u00e9quipe de femmes (Journal des Femmes-Vie Pro du 5\/5\/9)<\/a><\/h4>\n<\/div>\n<h5 class=\"tag-chain-label\">TAGS<\/h5>\n<div class=\"tagdisplay\">\n<ul class=\"tag-chain\">\n<li class=\"tag-chain-item off first\"><a class=\"tag-chain-item-link noplay\" rel=\"tag\" href=\"http:\/\/delicious.com\/griset\/%C3%A9conomied%27entreprise\"><span class=\"tag-chain-item-span\">\u00e9conomied&rsquo;entreprise<\/span><\/a><\/li>\n<li class=\"tag-chain-item off\"><a class=\"tag-chain-item-link noplay\" rel=\"tag\" href=\"http:\/\/delicious.com\/griset\/travail_par_%C3%A9quipe\"><span class=\"tag-chain-item-span\">travail_par_\u00e9quipe<\/span><\/a><\/li>\n<li class=\"tag-chain-item off\"><a class=\"tag-chain-item-link noplay\" rel=\"tag\" href=\"http:\/\/delicious.com\/griset\/femme\"><span class=\"tag-chain-item-span\">femme<\/span><\/a><\/li>\n<li class=\"tag-chain-item off\"><a class=\"tag-chain-item-link noplay\" rel=\"tag\" href=\"http:\/\/delicious.com\/griset\/psychologie_sociale\"><span class=\"tag-chain-item-span\">psychologie_sociale<\/span><\/a><\/li>\n<li class=\"tag-chain-item off last\"><a class=\"tag-chain-item-link noplay\" rel=\"tag\" href=\"http:\/\/delicious.com\/griset\/psychologie_f%C3%A9minine\"><span class=\"tag-chain-item-span\">psychologie_f\u00e9minine<\/span><\/a><\/li>\n<\/ul>\n<\/div>\n<\/div>\n<\/li>\n<li class=\"post isSelf\">\n<div class=\"bookmark NOTHUMB\">\n<div class=\"data\">\n<h4><a class=\"taggedlink\" rel=\"nofollow\" href=\"http:\/\/www.insee.fr\/fr\/publications-et-services\/sommaire.asp?codesage=REVPMEN09\">Insee &#8211; Les revenus et le patrimoine des m\u00e9nages &#8211; \u00c9dition 2009 : un jeune adulte sur 5 est pauvre en France<\/a><\/h4>\n<div class=\"description\">Des chiffres de 2006<\/div>\n<\/div>\n<h5 class=\"tag-chain-label\">TAGS<\/h5>\n<div class=\"tagdisplay\">\n<ul class=\"tag-chain\">\n<li class=\"tag-chain-item off first\"><a class=\"tag-chain-item-link noplay\" rel=\"tag\" href=\"http:\/\/delicious.com\/griset\/insee\"><span class=\"tag-chain-item-span\">insee<\/span><\/a><\/li>\n<li class=\"tag-chain-item off\"><a class=\"tag-chain-item-link noplay\" rel=\"tag\" href=\"http:\/\/delicious.com\/griset\/pauvret%C3%A9\"><span class=\"tag-chain-item-span\">pauvret\u00e9<\/span><\/a><\/li>\n<li class=\"tag-chain-item off last\"><a class=\"tag-chain-item-link noplay\" rel=\"tag\" href=\"http:\/\/delicious.com\/griset\/budget_des_m%C3%A9nages\"><span class=\"tag-chain-item-span\">budget_des_m\u00e9nages<\/span><\/a><\/li>\n<\/ul>\n<\/div>\n<\/div>\n<\/li>\n<li class=\"post isSelf\">\n<div class=\"bookmark NOTHUMB\">\n<div class=\"data\">\n<h4><a class=\"taggedlink\" rel=\"nofollow\" href=\"http:\/\/www.lemonde.fr\/politique\/article\/2009\/05\/06\/pres-de-7-9-millions-de-personnes-pauvres-en-france_1189307_823448.html\">Un jeune adulte sur 5 est pauvre en France (Le Monde du 6\/5\/9)<\/a><\/h4>\n<div class=\"description\">Des chiffres de 2006<\/div>\n<\/div>\n<h5 class=\"tag-chain-label\">TAGS<\/h5>\n<div class=\"tagdisplay\">\n<ul class=\"tag-chain\">\n<li class=\"tag-chain-item off first\"><a class=\"tag-chain-item-link noplay\" rel=\"tag\" href=\"http:\/\/delicious.com\/griset\/%C3%A9conomie\"><span class=\"tag-chain-item-span\">\u00e9conomie<\/span><\/a><\/li>\n<li class=\"tag-chain-item off\"><a class=\"tag-chain-item-link noplay\" rel=\"tag\" href=\"http:\/\/delicious.com\/griset\/social\"><span class=\"tag-chain-item-span\">social<\/span><\/a><\/li>\n<li class=\"tag-chain-item off\"><a class=\"tag-chain-item-link noplay\" rel=\"tag\" href=\"http:\/\/delicious.com\/griset\/pauvret%C3%A9\"><span class=\"tag-chain-item-span\">pauvret\u00e9<\/span><\/a><\/li>\n<li class=\"tag-chain-item off last\"><a class=\"tag-chain-item-link noplay\" rel=\"tag\" href=\"http:\/\/delicious.com\/griset\/insee\"><span class=\"tag-chain-item-span\">insee<\/span><\/a><\/li>\n<\/ul>\n<\/div>\n<\/div>\n<\/li>\n<li class=\"post isSelf\">\n<div class=\"bookmark NOTHUMB\">\n<div class=\"data\">\n<h4><a class=\"taggedlink\" rel=\"nofollow\" href=\"http:\/\/www.lefigaro.fr\/patrimoine\/2009\/05\/06\/05001-20090506ARTFIG00304-un-menage-sur-deux-vit-avec-moins-de-2260euros-par-mois-.php\">Un m\u00e9nage sur 2 vit avec moins de 2260 \u20ac par mois (Le Figaro du 6\/5\/9)<\/a><\/h4>\n<div class=\"savers savers1\"><a class=\"delNav\" href=\"http:\/\/delicious.com\/url\/b33b636afe87a1c4565a8e4127c30564\"> <span class=\"delNavCount\"><br \/>\n<\/span> <\/a><\/div>\n<div class=\"description\">Des chiffres de 2006<\/div>\n<\/div>\n<h5 class=\"tag-chain-label\">TAGS<\/h5>\n<div class=\"tagdisplay\">\n<ul class=\"tag-chain\">\n<li class=\"tag-chain-item off first\"><a class=\"tag-chain-item-link noplay\" rel=\"tag\" href=\"http:\/\/delicious.com\/griset\/social\"><span class=\"tag-chain-item-span\">social<\/span><\/a><\/li>\n<li class=\"tag-chain-item off\"><a class=\"tag-chain-item-link noplay\" rel=\"tag\" href=\"http:\/\/delicious.com\/griset\/budget_des_m%C3%A9nages\"><span class=\"tag-chain-item-span\">budget_des_m\u00e9nages<\/span><\/a><\/li>\n<li class=\"tag-chain-item off\"><a class=\"tag-chain-item-link noplay\" rel=\"tag\" href=\"http:\/\/delicious.com\/griset\/%C3%A9conomie\"><span class=\"tag-chain-item-span\">\u00e9conomie<\/span><\/a><\/li>\n<li class=\"tag-chain-item off\"><a class=\"tag-chain-item-link noplay\" rel=\"tag\" href=\"http:\/\/delicious.com\/griset\/pauvret%C3%A9\"><span class=\"tag-chain-item-span\">pauvret\u00e9<\/span><\/a><\/li>\n<li class=\"tag-chain-item off last\"><a class=\"tag-chain-item-link noplay\" rel=\"tag\" href=\"http:\/\/delicious.com\/griset\/insee\"><span class=\"tag-chain-item-span\">insee<\/span><\/a><\/li>\n<\/ul>\n<\/div>\n<\/div>\n<\/li>\n<li class=\"post isSelf\">\n<div class=\"bookmark NOTHUMB\">\n<div class=\"data\">\n<h4><a class=\"taggedlink\" rel=\"nofollow\" href=\"http:\/\/www.lefigaro.fr\/actualite-france\/2009\/05\/05\/01016-20090505ARTFIG00496-bientot-un-droit-opposable-a-l-action-sociale-.php\">Un rapport pr\u00e9conise un droit opposable \u00e0 l\u2019action sociale (Le Figaro du 6\/5\/9)<\/a><\/h4>\n<\/div>\n<h5 class=\"tag-chain-label\">TAGS<\/h5>\n<div class=\"tagdisplay\">\n<ul class=\"tag-chain\">\n<li class=\"tag-chain-item off first\"><a class=\"tag-chain-item-link noplay\" rel=\"tag\" href=\"http:\/\/delicious.com\/griset\/action_sociale\"><span class=\"tag-chain-item-span\">action_sociale<\/span><\/a><\/li>\n<li class=\"tag-chain-item off\"><a class=\"tag-chain-item-link noplay\" rel=\"tag\" href=\"http:\/\/delicious.com\/griset\/droit_social\"><span class=\"tag-chain-item-span\">droit_social<\/span><\/a><\/li>\n<li class=\"tag-chain-item off\"><a class=\"tag-chain-item-link noplay\" rel=\"tag\" href=\"http:\/\/delicious.com\/griset\/droitsocial\"><span class=\"tag-chain-item-span\">droitsocial<\/span><\/a><\/li>\n<li class=\"tag-chain-item off\"><a class=\"tag-chain-item-link noplay\" rel=\"tag\" href=\"http:\/\/delicious.com\/griset\/%C3%A9conomie\"><span class=\"tag-chain-item-span\">\u00e9conomie<\/span><\/a><\/li>\n<li class=\"tag-chain-item off last\"><a class=\"tag-chain-item-link noplay\" rel=\"tag\" href=\"http:\/\/delicious.com\/griset\/droit\"><span class=\"tag-chain-item-span\">droit<\/span><\/a><\/li>\n<\/ul>\n<\/div>\n<\/div>\n<\/li>\n<li class=\"post isSelf\">\n<div class=\"bookmark NOTHUMB\">\n<div class=\"data\">\n<h4><a class=\"taggedlink\" rel=\"nofollow\" href=\"http:\/\/www.journaldunet.com\/economie\/actualite\/depeche\/afp\/24\/634934\/fusion_caisse_d_epargne_banque_populaire_examen_a_l_assemblee_au_mieux_le_18_mai.shtml\">Fusion Caisse d\u2019Epargne-Banques Populaires : examen \u00e0 l\u2019Assembl\u00e9e au mieux le 18\/5\/9 (JDN e-business du 5-6\/5\/9)<\/a><\/h4>\n<\/div>\n<h5 class=\"tag-chain-label\">TAGS<\/h5>\n<div class=\"tagdisplay\">\n<ul class=\"tag-chain\">\n<li class=\"tag-chain-item off first\"><a class=\"tag-chain-item-link noplay\" rel=\"tag\" href=\"http:\/\/delicious.com\/griset\/crisefinanci%C3%A8re\"><span class=\"tag-chain-item-span\">crisefinanci\u00e8re<\/span><\/a><\/li>\n<li class=\"tag-chain-item off\"><a class=\"tag-chain-item-link noplay\" rel=\"tag\" href=\"http:\/\/delicious.com\/griset\/criseboursi%C3%A8re\"><span class=\"tag-chain-item-span\">criseboursi\u00e8re<\/span><\/a><\/li>\n<li class=\"tag-chain-item off\"><a class=\"tag-chain-item-link noplay\" rel=\"tag\" href=\"http:\/\/delicious.com\/griset\/fusion_d%27_entreprise\"><span class=\"tag-chain-item-span\">fusion_d&rsquo;_entreprise<\/span><\/a><\/li>\n<li class=\"tag-chain-item off\"><a class=\"tag-chain-item-link noplay\" rel=\"tag\" href=\"http:\/\/delicious.com\/griset\/fusion_caisse_d%27_epargne_banques_populaires\"><span class=\"tag-chain-item-span\">fusion_caisse_d&rsquo;_epargne_banques_populaires<\/span><\/a><\/li>\n<li class=\"tag-chain-item off\"><a class=\"tag-chain-item-link noplay\" rel=\"tag\" href=\"http:\/\/delicious.com\/griset\/fusion_bancaire\"><span class=\"tag-chain-item-span\">fusion_bancaire<\/span><\/a><\/li>\n<li class=\"tag-chain-item off\"><a class=\"tag-chain-item-link noplay\" rel=\"tag\" href=\"http:\/\/delicious.com\/griset\/banque\"><span class=\"tag-chain-item-span\">banque<\/span><\/a><\/li>\n<li class=\"tag-chain-item off last\"><a class=\"tag-chain-item-link noplay\" rel=\"tag\" href=\"http:\/\/delicious.com\/griset\/aide_aux_banques\"><span class=\"tag-chain-item-span\">aide_aux_banques<\/span><\/a><\/li>\n<\/ul>\n<\/div>\n<\/div>\n<\/li>\n<li class=\"post isSelf\">\n<div class=\"bookmark NOTHUMB\">\n<div class=\"data\">\n<h4><a class=\"taggedlink\" rel=\"nofollow\" href=\"http:\/\/www.lefigaro.fr\/societes\/2009\/05\/06\/04015-20090506ARTFIG00294-bnp-paribas-benefice-deux-fois-superieur-aux-attentes-.php\">BNP-Paribas : un b\u00e9n\u00e9fice 2 fois sup\u00e9rieur aux attentes (Le Figaro du 6\/5\/9)<\/a><\/h4>\n<\/div>\n<div class=\"meta\">\n<div class=\"editdel\">\n<div class=\"deleteconfirmation hidden\"><a class=\"action deletecancel\" href=\"http:\/\/delicious.com\/post\/delete?url=http%3A%2F%2Fwww.lefigaro.fr%2Fsocietes%2F2009%2F05%2F06%2F04015-20090506ARTFIG00294-bnp-paribas-benefice-deux-fois-superieur-aux-attentes-.php&amp;hash=a10dff30ec91f7fbe14500e2045146a1&amp;key=t8NKJ1ijJV1gLn3OgXv_qZHTXC0-\"><br \/>\n<\/a><\/div>\n<\/div>\n<\/div>\n<h5 class=\"tag-chain-label\">TAGS<\/h5>\n<div class=\"tagdisplay\">\n<ul class=\"tag-chain\">\n<li class=\"tag-chain-item off first\"><a class=\"tag-chain-item-link noplay\" rel=\"tag\" href=\"http:\/\/delicious.com\/griset\/crisefinanci%C3%A8re\"><span class=\"tag-chain-item-span\">crisefinanci\u00e8re<\/span><\/a><\/li>\n<li class=\"tag-chain-item off\"><a class=\"tag-chain-item-link noplay\" rel=\"tag\" href=\"http:\/\/delicious.com\/griset\/criseboursi%C3%A8re\"><span class=\"tag-chain-item-span\">criseboursi\u00e8re<\/span><\/a><\/li>\n<li class=\"tag-chain-item off\"><a class=\"tag-chain-item-link noplay\" rel=\"tag\" href=\"http:\/\/delicious.com\/griset\/bnpparibas\"><span class=\"tag-chain-item-span\">bnpparibas<\/span><\/a><\/li>\n<li class=\"tag-chain-item off last\"><a class=\"tag-chain-item-link noplay\" rel=\"tag\" href=\"http:\/\/delicious.com\/griset\/entreprise_qui_marche\"><span class=\"tag-chain-item-span\">entreprise_qui_marche<\/span><\/a><\/li>\n<\/ul>\n<\/div>\n<\/div>\n<\/li>\n<li class=\"post isSelf\">\n<div class=\"bookmark NOTHUMB\">\n<div class=\"data\">\n<h4><a class=\"taggedlink\" rel=\"nofollow\" href=\"http:\/\/www.liberation.fr\/sciences\/0101564401-cecile-de-hosson-chercheuse-au-laboratoire-andre-revuz-comment-expliquer-la-physique-aux-eleves\">Comment expliquer la physique aux \u00e9l\u00e8ves ? (Lib\u00e9ration du 28\/4\/9) Permettre aux \u00e9l\u00e8ves de comprendre les ph\u00e9nom\u00e8nes physiques : chute des corps, vitesse, optique et vision. Le pari de C\u00e9cile de Hosson, chercheuse au laboratoire Andr\u00e9-Revuz, recherches&#8230;<\/a><\/h4>\n<\/div>\n<h5 class=\"tag-chain-label\">TAGS<\/h5>\n<div class=\"tagdisplay\">\n<ul class=\"tag-chain\">\n<li class=\"tag-chain-item off first\"><a class=\"tag-chain-item-link noplay\" rel=\"tag\" href=\"http:\/\/delicious.com\/griset\/physique\"><span class=\"tag-chain-item-span\">physique<\/span><\/a><\/li>\n<li class=\"tag-chain-item off\"><a class=\"tag-chain-item-link noplay\" rel=\"tag\" href=\"http:\/\/delicious.com\/griset\/didactique_de_la_physique\"><span class=\"tag-chain-item-span\">didactique_de_la_physique<\/span><\/a><\/li>\n<li class=\"tag-chain-item off\"><a class=\"tag-chain-item-link noplay\" rel=\"tag\" href=\"http:\/\/delicious.com\/griset\/sciences\"><span class=\"tag-chain-item-span\">sciences<\/span><\/a><\/li>\n<li class=\"tag-chain-item off\"><a class=\"tag-chain-item-link noplay\" rel=\"tag\" href=\"http:\/\/delicious.com\/griset\/p%C3%A9dagogie_de_la_physique\"><span class=\"tag-chain-item-span\">p\u00e9dagogie_de_la_physique<\/span><\/a><\/li>\n<li class=\"tag-chain-item off\"><a class=\"tag-chain-item-link noplay\" rel=\"tag\" href=\"http:\/\/delicious.com\/griset\/hosson_c%C3%A9cile_de\"><span class=\"tag-chain-item-span\">hosson_c\u00e9cile_de<\/span><\/a><\/li>\n<li class=\"tag-chain-item off\"><a class=\"tag-chain-item-link noplay\" rel=\"tag\" href=\"http:\/\/delicious.com\/griset\/laboratoire_andr%C3%A9_revuz\"><span class=\"tag-chain-item-span\">laboratoire_andr\u00e9_revuz<\/span><\/a><\/li>\n<li class=\"tag-chain-item off last\"><a class=\"tag-chain-item-link noplay\" rel=\"tag\" href=\"http:\/\/delicious.com\/griset\/universit%C3%A9_paris_VII\"><span class=\"tag-chain-item-span\">universit\u00e9_paris_VII<\/span><\/a><\/li>\n<\/ul>\n<\/div>\n<\/div>\n<\/li>\n<li class=\"post isSelf\">\n<div class=\"bookmark NOTHUMB\">\n<div class=\"data\">\n<h4><a class=\"taggedlink\" rel=\"nofollow\" href=\"http:\/\/www.lemonde.fr\/aujourd-hui\/article\/2009\/05\/06\/le-pole-equin-dynamise-les-projets-de-recherche-et-developpement_1189437_3238.html#xtor=EPR-32280229-%5BNL_Titresdujour%5D-20090506-%5Bderoule%5D&amp;ens_id=1189461\">Le P\u00f4le Equin de Mondeville(Calvados) dynamise les projets de recherche et d\u00e9veloppement : pour les secteurs des courses et des chevaux de selle. Une source en SVT sur le cheval mais aussi en \u00e9quitation (Le Monde du 6\/5\/9)<\/a><\/h4>\n<\/div>\n<h5 class=\"tag-chain-label\">TAGS<\/h5>\n<div class=\"tagdisplay\">\n<ul class=\"tag-chain\">\n<li class=\"tag-chain-item off first\"><a class=\"tag-chain-item-link noplay\" rel=\"tag\" href=\"http:\/\/delicious.com\/griset\/svt\"><span class=\"tag-chain-item-span\">svt<\/span><\/a><\/li>\n<li class=\"tag-chain-item off\"><a class=\"tag-chain-item-link noplay\" rel=\"tag\" href=\"http:\/\/delicious.com\/griset\/sciences\"><span class=\"tag-chain-item-span\">sciences<\/span><\/a><\/li>\n<li class=\"tag-chain-item off\"><a class=\"tag-chain-item-link noplay\" rel=\"tag\" href=\"http:\/\/delicious.com\/griset\/cheval\"><span class=\"tag-chain-item-span\">cheval<\/span><\/a><\/li>\n<li class=\"tag-chain-item off\"><a class=\"tag-chain-item-link noplay\" rel=\"tag\" href=\"http:\/\/delicious.com\/griset\/p%C3%B4le_%C3%A9quin_de_mondeville\"><span class=\"tag-chain-item-span\">p\u00f4le_\u00e9quin_de_mondeville<\/span><\/a><\/li>\n<li class=\"tag-chain-item off\"><a class=\"tag-chain-item-link noplay\" rel=\"tag\" href=\"http:\/\/delicious.com\/griset\/mondeville\"><span class=\"tag-chain-item-span\">mondeville<\/span><\/a><\/li>\n<li class=\"tag-chain-item off\"><a class=\"tag-chain-item-link noplay\" rel=\"tag\" href=\"http:\/\/delicious.com\/griset\/calvados\"><span class=\"tag-chain-item-span\">calvados<\/span><\/a><\/li>\n<li class=\"tag-chain-item off\"><a class=\"tag-chain-item-link noplay\" rel=\"tag\" href=\"http:\/\/delicious.com\/griset\/%C3%A9quitation\"><span class=\"tag-chain-item-span\">\u00e9quitation<\/span><\/a><\/li>\n<li class=\"tag-chain-item off\"><a class=\"tag-chain-item-link noplay\" rel=\"tag\" href=\"http:\/\/delicious.com\/griset\/m%C3%A9tiers_du_cheval\"><span class=\"tag-chain-item-span\">m\u00e9tiers_du_cheval<\/span><\/a><\/li>\n<li class=\"tag-chain-item off\"><a class=\"tag-chain-item-link noplay\" rel=\"tag\" href=\"http:\/\/delicious.com\/griset\/courses\"><span class=\"tag-chain-item-span\">courses<\/span><\/a><\/li>\n<li class=\"tag-chain-item off last\"><a class=\"tag-chain-item-link noplay\" rel=\"tag\" href=\"http:\/\/delicious.com\/griset\/cheval_de_selle\"><span class=\"tag-chain-item-span\">cheval_de_selle<\/span><\/a><\/li>\n<\/ul>\n<\/div>\n<\/div>\n<\/li>\n<li class=\"post last isSelf\">\n<div class=\"bookmark NOTHUMB\">\n<div class=\"data\">\n<h4><a class=\"taggedlink\" rel=\"nofollow\" href=\"http:\/\/www.lemonde.fr\/societe\/article\/2009\/05\/06\/lois-bioethiques-le-pragmatisme-du-conseil-d-etat_1189418_3224.html\">Lois bio\u00e9thiques : le pragmatisme du Conseil d\u2019Etat (Le Monde du 6\/5\/9)<\/a><\/h4>\n<\/div>\n<h5 class=\"tag-chain-label\">TAGS<\/h5>\n<div class=\"tagdisplay\">\n<ul class=\"tag-chain\">\n<li class=\"tag-chain-item off first\"><a class=\"tag-chain-item-link noplay\" rel=\"tag\" href=\"http:\/\/delicious.com\/griset\/sant%C3%A9\"><span class=\"tag-chain-item-span\">sant\u00e9<\/span><\/a><\/li>\n<li class=\"tag-chain-item off\"><a class=\"tag-chain-item-link noplay\" rel=\"tag\" href=\"http:\/\/delicious.com\/griset\/bio%C3%A9thique\"><span class=\"tag-chain-item-span\">bio\u00e9thique<\/span><\/a><\/li>\n<li class=\"tag-chain-item off last\"><a class=\"tag-chain-item-link noplay\" rel=\"tag\" href=\"http:\/\/delicious.com\/griset\/conseil_d%27_%C3%A9tat\"><span class=\"tag-chain-item-span\">conseil_d&rsquo;_\u00e9tat<\/span><\/a><\/li>\n<\/ul>\n<\/div>\n<\/div>\n<\/li>\n<\/form>\n<\/ul>\n<p><a class=\"pn prev\" href=\"http:\/\/delicious.com\/griset\/?page=5\"><\/a><a class=\"pn next\" href=\"http:\/\/delicious.com\/griset\/?page=7\">***************************************************************************<\/a><\/p>\n<p>Cordialement, Christine Griset, cyberveilleuse<\/p><\/div>\n","protected":false},"excerpt":{"rendered":"<p>Windows Vista sera commercialis\u00e9 jusqu\u2019en 2011 (ZDNet News du 6\/5\/9) TAGS technologies windows windows_vista Windows 7 : les nouveaut\u00e9s en images de la RC1 (ZDNet News du 6\/5\/9) TAGS windows7 technologies windows Windows 7 : 3 raisons pour l\u2019essayer (20 Minutes du 5\/5\/9) : La plus longue p\u00e9riode d\u2019essai propos\u00e9e par Microsoft (jusqu\u2019en Juillet 2009). &hellip; <\/p>\n<p class=\"link-more\"><a href=\"http:\/\/www.culturedel.info\/cactusacide\/?p=1360\" class=\"more-link\">Continuer la lecture<span class=\"screen-reader-text\"> de &laquo;&nbsp;Christine veille pour vous &#8211; le 6\/5\/9&nbsp;&raquo;<\/span><\/a><\/p>\n","protected":false},"author":13,"featured_media":0,"comment_status":"open","ping_status":"open","sticky":false,"template":"","format":"standard","meta":{"footnotes":""},"categories":[60],"tags":[15320,15289,4681,4102,5756,12039,713,1182,6465,173,193,1669,2485,436,3900,4981,1561,15275,203,15294,2096,15293,9996,15296,14523,1380,9533,13639,15262,12396,14162,750,14163,3496,15312,165,15318,1091,15260,12397,8659,197,268,5154,15256,1791,15298,15311,4258,4735,263,15253,15271,15267,15028,15313,3213,3050,364,1870,14589,29,291,679,1700,15026,499,4610,15263,234,15282,368,308,15278,1131,4566,109,15138,1596,15305,9052,158,15264,507,494,685,13791,14325,10309,14522,15307,882,15290,15291,1672,273,1208,15315,15288,1428,8879,232,2440,15257,15280,15259,95,4885,15277,14732,15300,15273,15302,12876,15272,15287,15316,1217,389,897,15303,15279,868,6223,1245,15265,119,15285,15310,12618,6459,15283,1248,15309,2066,15281,15025,11822,4910,4553,711,2076,15314,15299,1662,1014,8582,5793,15261,15270,15308,250,16,2102,2444,5842,15306,328,639,15304,1589,15268,67,15269,15292,2286,15301,309,149,1240,15295,15284,9489,718,255,686,8066,15297,1649,114,15255,352,9251,25,15258,1436,492,3010,15274,1701,1188,2663,15286,3264,14018,15317,15266,15319,3618,15276,5437,4818,725,2580,1803,4037,15254],"class_list":["post-1360","post","type-post","status-publish","format-standard","hentry","category-veille","tag-15320","tag-15289","tag-4681","tag-academie-de-strasbourg","tag-aide-aux-banques","tag-ajouter-un-mot-clef","tag-allemagne","tag-alternance","tag-amende","tag-anglais-langue","tag-apprentissage","tag-arte","tag-audience","tag-baccalaureat","tag-banque","tag-banques-populaires","tag-bbc","tag-bbc-news","tag-bioethique","tag-blocage-de-lacces-internet","tag-bnp-paribas","tag-bridage","tag-budget-des-menages","tag-bulletin-de-paie-electronique","tag-caisse-depargne","tag-calvados","tag-canal-j","tag-cartable-electronique","tag-cartable-electronique-darchos","tag-centre-des-monuments-nationaux","tag-cesu","tag-chaine-de-television","tag-cheque-emploi-service","tag-cheval","tag-cheval-de-selle","tag-chine","tag-chute-des-corps","tag-citoyennete","tag-classmate-dintel","tag-cmn","tag-cned","tag-code-du-travail","tag-collaboratif","tag-comite-de-redaction","tag-commentaire","tag-conseil-detat","tag-conseil-des-prudhommes","tag-courses","tag-crise-boursiere","tag-crise-financiere","tag-css","tag-damiano","tag-danseur","tag-decorateur-scenographe","tag-designer-interactif","tag-didactique-de-la-physique","tag-diffusion-de-la-presse","tag-diplome","tag-discrimination","tag-discrimination-a-lembauche","tag-dossiers-de-lingenierie-educative","tag-droit","tag-droit-du-travail","tag-droit-social","tag-droits-de-lenfant","tag-drouillat-benoit","tag-e-administration","tag-echange-international","tag-ecole-rurale","tag-economie","tag-economie-chinoise","tag-economie-dentreprise","tag-education","tag-eiffel-gustave","tag-enseignement-professionnel","tag-enseignement-superieur","tag-ent","tag-entreprise-qui-marche","tag-entretien-dembauche","tag-equipe-de-femmes","tag-equitation","tag-etats-unis","tag-europe-et-education","tag-fai","tag-fibre-optique","tag-fiche-metier","tag-formation-a-distance","tag-france-5-emploi","tag-fusion-bancaire","tag-fusion-caisse-depargne-banques-populaires","tag-fusion-dentreprise","tag-geographie","tag-gisserot","tag-guide-gisserot","tag-guide-touristique","tag-hadopi","tag-histoire","tag-hosson-cecile-de","tag-immigre-algerien","tag-immigre-maghrebin","tag-inrp","tag-insee","tag-insertion-professionnelle","tag-internet-tres-haut-debit","tag-jardins-du-palais-royal","tag-jean-luc-raymond","tag-jeu-video","tag-jeune-diplome","tag-jeunes-ambassadeurs-aux-etats-unis","tag-job-dete","tag-jobfactcom","tag-jour-ferie","tag-juritravail","tag-koha","tag-lequipe","tag-la-choix-de-myriam","tag-laboratoire-andre-revuz","tag-langue-etrangere","tag-langue-vivante","tag-le-figaro","tag-le-juste-salaire","tag-le-magicien-de-fer","tag-licenciement","tag-licenciement-economique","tag-loi-hadopi","tag-maurin-eric","tag-medias","tag-melodrame","tag-metiers-du-cheval","tag-microblogging","tag-milieu-rural","tag-mirage-de-la-vie","tag-monde-virtuel","tag-mondeville","tag-mur-de-berlin","tag-musee-gropius","tag-narvic","tag-newsletter","tag-noirs","tag-optique","tag-orientation","tag-pauvrete","tag-pedagogie-de-la-physique","tag-petits-chanteurs-a-la-croix-de-bois","tag-philosophie","tag-physique","tag-plan-de-relance","tag-plan-numerique","tag-plan-numerique-pour-les-ecoles-rurales","tag-poissonnier","tag-pole-equin-de-mondeville","tag-portugal","tag-presse","tag-presse-en-ligne","tag-presse-internet","tag-presse-sportive","tag-psychologie-feminine","tag-psychologie-sociale","tag-racisme","tag-rebondir","tag-recherche-demploi","tag-recruteur-de-donateurs","tag-reseau-social","tag-responsable-des-services-generaux","tag-robillart-olivier","tag-salaire","tag-salaire-type","tag-sante","tag-sciences","tag-sigb","tag-simplification-du-droit","tag-sirk-douglas","tag-social","tag-spectacle","tag-sport","tag-stage","tag-stagiaire","tag-stagiaire-sante","tag-stg","tag-svt","tag-tableau","tag-technologies","tag-teledoc","tag-television","tag-terminale-stg","tag-tic","tag-tice","tag-tnt","tag-tnt-payante","tag-travail-des-enfants","tag-travail-par-equipe","tag-travail-precaire","tag-tv5monde","tag-twitter","tag-univers-virtuel","tag-universite-paris-vii","tag-vacances-scolaires","tag-vision","tag-vitesse","tag-webby","tag-webpedagogique","tag-wifi","tag-windows","tag-windows-7","tag-windows-vista","tag-wordpress","tag-wordpress-tableau"],"_links":{"self":[{"href":"http:\/\/www.culturedel.info\/cactusacide\/index.php?rest_route=\/wp\/v2\/posts\/1360","targetHints":{"allow":["GET"]}}],"collection":[{"href":"http:\/\/www.culturedel.info\/cactusacide\/index.php?rest_route=\/wp\/v2\/posts"}],"about":[{"href":"http:\/\/www.culturedel.info\/cactusacide\/index.php?rest_route=\/wp\/v2\/types\/post"}],"author":[{"embeddable":true,"href":"http:\/\/www.culturedel.info\/cactusacide\/index.php?rest_route=\/wp\/v2\/users\/13"}],"replies":[{"embeddable":true,"href":"http:\/\/www.culturedel.info\/cactusacide\/index.php?rest_route=%2Fwp%2Fv2%2Fcomments&post=1360"}],"version-history":[{"count":8,"href":"http:\/\/www.culturedel.info\/cactusacide\/index.php?rest_route=\/wp\/v2\/posts\/1360\/revisions"}],"predecessor-version":[{"id":1374,"href":"http:\/\/www.culturedel.info\/cactusacide\/index.php?rest_route=\/wp\/v2\/posts\/1360\/revisions\/1374"}],"wp:attachment":[{"href":"http:\/\/www.culturedel.info\/cactusacide\/index.php?rest_route=%2Fwp%2Fv2%2Fmedia&parent=1360"}],"wp:term":[{"taxonomy":"category","embeddable":true,"href":"http:\/\/www.culturedel.info\/cactusacide\/index.php?rest_route=%2Fwp%2Fv2%2Fcategories&post=1360"},{"taxonomy":"post_tag","embeddable":true,"href":"http:\/\/www.culturedel.info\/cactusacide\/index.php?rest_route=%2Fwp%2Fv2%2Ftags&post=1360"}],"curies":[{"name":"wp","href":"https:\/\/api.w.org\/{rel}","templated":true}]}}