{"id":2401,"date":"2009-11-29T16:24:30","date_gmt":"2009-11-29T15:24:30","guid":{"rendered":"http:\/\/www.culturedel.info\/cactusacide\/?p=2401"},"modified":"2010-03-03T21:53:36","modified_gmt":"2010-03-03T20:53:36","slug":"votre-envoye-special-au-salon-du-livre-de-jeunesse-j-5-le-29119","status":"publish","type":"post","link":"http:\/\/www.culturedel.info\/cactusacide\/?p=2401","title":{"rendered":"Votre envoy\u00e9 sp\u00e9cial au Salon du Livre de jeunesse : J 5 &#8211; le 29\/11\/9"},"content":{"rendered":"<p>Salon du Livre de jeunesse 2009<\/p>\n<p>J 5<\/p>\n<p>Avec un hommage \u00e0 Pierre Bottero<\/p>\n<p>****************************************************************************************************<\/p>\n<p>La guirlande de liens Delicious<\/p>\n<p>http:\/\/delicious.com\/griset\/29112009+salon_du_livre_de_jeunesse ou http:\/\/delicious.com\/griset\/29112009+salon_du_livre_de_jeunesse_2009<\/p>\n<p>R\u00e9capitulatif des liens Delicious sur le Salon du Livre de jeunesse 2009 : http:\/\/delicious.com\/griset\/salon_du_livre_de_jeunesse ou http:\/\/delicious.com\/griset\/salon_du_livre_de_jeunesse_2009<\/p>\n<p>******************************************************************************************************<\/p>\n<p><strong>Sur le site du Salon du Livre de jeunesse<\/strong><\/p>\n<p>La librairie italienne\u00a0: ateliers et rencontres<\/p>\n<p><a href=\"http:\/\/www.salon-livre-presse-jeunesse.net\/I_sal_08_02.php\">http:\/\/www.salon-livre-presse-jeunesse.net\/I_sal_08_02.php<\/a><\/p>\n<p>Les facettes d\u2019Arlequin<\/p>\n<p><a href=\"http:\/\/www.salon-livre-presse-jeunesse.net\/I_04_03_arl.php\">http:\/\/www.salon-livre-presse-jeunesse.net\/I_04_03_arl.php<\/a><\/p>\n<p>L\u2019archipel Bande dessin\u00e9e<\/p>\n<p><a href=\"http:\/\/www.salon-livre-presse-jeunesse.net\/I_01_02_arc.php\">http:\/\/www.salon-livre-presse-jeunesse.net\/I_01_02_arc.php<\/a><\/p>\n<p>Le grand march\u00e9 de la petite \u00e9dition<\/p>\n<p>http:\/\/www.salon-livre-presse-jeunesse.net\/I_01_03_gra_mar.php<\/p>\n<p>Les Afriques en f\u00eate<\/p>\n<p><a href=\"http:\/\/www.salon-livre-presse-jeunesse.net\/I_01_04_edi.php\">http:\/\/www.salon-livre-presse-jeunesse.net\/I_01_04_edi.php<\/a><\/p>\n<p><strong>Alif, les \u00e9ditions de la M\u00e9diterran\u00e9e <em>(livres arabe et fran\u00e7ais)<\/em> &#8211;<\/strong> Tunisie<br \/>\n<strong>Bakam\u00e9 <em>(livres en kinyarwanda et bilingue)<\/em> <\/strong>Rwanda<br \/>\n<strong>Dar Onboz <em>(livres en arabe)<\/em> &#8211; <\/strong>Liban<br \/>\n<strong>Donniya <em>(livres bilingues bambara-fran\u00e7ais)<\/em> &#8211; <\/strong>Mali<br \/>\n<strong>Ganndal <em>(livres en fran\u00e7ais)<\/em> &#8211; <\/strong>R\u00e9publique de Guin\u00e9e<br \/>\n<strong>Graines de pens\u00e9e <em>(livres en fran\u00e7ais)<\/em> &#8211; <\/strong>Togo<br \/>\n<strong>Jacana Media <em>(livres en anglais)<\/em> &#8211; <\/strong>Afrique du Sud<br \/>\n<strong>Jeunes Malgaches <em>(livres bilingues malgache-fran\u00e7ais)<\/em> &#8211; <\/strong>Madagascar<br \/>\n<strong>Ku Si Mon &#8211; <\/strong>Guin\u00e9e-Bissau<br \/>\n<strong>Pallas Editora <em>(livres en portugais)<\/em> &#8211; <\/strong>Br\u00e9sil<br \/>\n<strong>Ruisseaux d&rsquo;Afrique <em>(livres en fran\u00e7ais)<\/em> &#8211; <\/strong>B\u00e9nin<br \/>\n<strong>Vents d&rsquo;ailleurs <em>(livres en fran\u00e7ais)<\/em> &#8211; <\/strong>France<br \/>\n<strong>Yomad <em>(livres en arabe)<\/em> \u2013 <\/strong>Maroc<\/p>\n<p>Lectures sens dessus dessous<\/p>\n<p><a href=\"http:\/\/www.salon-livre-presse-jeunesse.net\/I_02_03_02_tou_pet_lis.php\">http:\/\/www.salon-livre-presse-jeunesse.net\/I_02_03_02_tou_pet_lis.php<\/a><\/p>\n<p>Le kiosque presse<\/p>\n<p><a href=\"http:\/\/www.salon-livre-presse-jeunesse.net\/I_02_07_pre_jeu_doc.php\">http:\/\/www.salon-livre-presse-jeunesse.net\/I_02_07_pre_jeu_doc.php<\/a><\/p>\n<p>Audivisuel \u00c9ditions<br \/>\nBayard Presse<br \/>\nCabrera \u00c9ditions<br \/>\n\u00c9claireuses et \u00c9claireurs de France<br \/>\nExcelsior Publications<br \/>\nFaton<br \/>\nFleurus Presse<br \/>\nGl\u00e9nat \/ Tch\u00f4 le magazine<br \/>\nJib\u00e9na<br \/>\nLe Journal des Enfants<br \/>\nLa Salamandre<br \/>\nLucullus-Succulus<br \/>\nMilan Presse<br \/>\nScouts et Guides de France<br \/>\nSecours Populaire Fran\u00e7ais<\/p>\n<p>Salle des prix\u00a0: en savoir plus<\/p>\n<p><a href=\"http:\/\/www.salon-livre-presse-jeunesse.net\/I_05_pri_lit_jeu.php\">http:\/\/www.salon-livre-presse-jeunesse.net\/I_05_pri_lit_jeu.php<\/a><\/p>\n<p>Le programme des rencontres de dimanche<\/p>\n<p><a href=\"http:\/\/www.salon-livre-presse-jeunesse.net\/I_02_02_ong_pro.php?d=29\">http:\/\/www.salon-livre-presse-jeunesse.net\/I_02_02_ong_pro.php?d=29<\/a><\/p>\n<p>Un hommage \u00e0 Pierre Bottero (Ewilan) le 29\/11\/9 \u00e0 14h<\/p>\n<p><strong>Des articles de blogs<\/strong><\/p>\n<p>Lisez Jeunesse est un blog ind\u00e9pendant<\/p>\n<p>Une\u00a0 librairie en ligne de Moselle a pris ce nom apr\u00e8s la cr\u00e9ation du blog \u00ab\u00a0Lisez jeunesse\u00a0\u00bb,\u00a0 mais il n&rsquo;y a aucune\u00a0 relation avec le blog (indication d&rsquo;Emmyne, auteur du blog)<\/p>\n<p>Un hommage \u00e0 Pierre Bottero dans le Blog \u00ab\u00a0Lisez jeunesse\u00a0\u00bb du 29\/11\/9<\/p>\n<p><a href=\"http:\/\/lisezjeunesse.canalblog.com\/tag\/Pierre%20Bottero\">http:\/\/lisezjeunesse.canalblog.com\/tag\/Pierre%20Bottero<\/a><\/p>\n<p>Sur le site \u00ab\u00a0Les Mondes imaginaires\u00a0\u00bb de Pierre Bottero\u00a0: d\u00e9couvrez les sagas de l\u2019auteur<\/p>\n<p><a href=\"http:\/\/www.lesmondesimaginairesderageot.com\/\">http:\/\/www.lesmondesimaginairesderageot.com\/<\/a><\/p>\n<p>*******************************************************************************************************<\/p>\n<p>un post de Christine Griset le 29\/11\/9<\/p>\n","protected":false},"excerpt":{"rendered":"<p>Salon du Livre de jeunesse 2009 J 5 Avec un hommage \u00e0 Pierre Bottero **************************************************************************************************** La guirlande de liens Delicious http:\/\/delicious.com\/griset\/29112009+salon_du_livre_de_jeunesse ou http:\/\/delicious.com\/griset\/29112009+salon_du_livre_de_jeunesse_2009 R\u00e9capitulatif des liens Delicious sur le Salon du Livre de jeunesse 2009 : http:\/\/delicious.com\/griset\/salon_du_livre_de_jeunesse ou http:\/\/delicious.com\/griset\/salon_du_livre_de_jeunesse_2009 ****************************************************************************************************** Sur le site du Salon du Livre de jeunesse La librairie italienne\u00a0: ateliers et rencontres &hellip; <\/p>\n<p class=\"link-more\"><a href=\"http:\/\/www.culturedel.info\/cactusacide\/?p=2401\" class=\"more-link\">Continuer la lecture<span class=\"screen-reader-text\"> de &laquo;&nbsp;Votre envoy\u00e9 sp\u00e9cial au Salon du Livre de jeunesse : J 5 &#8211; le 29\/11\/9&nbsp;&raquo;<\/span><\/a><\/p>\n","protected":false},"author":13,"featured_media":0,"comment_status":"open","ping_status":"open","sticky":false,"template":"","format":"standard","meta":{"footnotes":""},"categories":[60],"tags":[1814,15723,35,3433,15725,15689,5253,1279,7116,15730,163,15682,607,5369,15726,8422,1217,389,15731,15734,15733,7118,448,15724,3550,1292,3468,3609,119,5265,15728,15727,16,14331,401,15732,15735,2017,15632,15729,135,15681],"class_list":["post-2401","post","type-post","status-publish","format-standard","hentry","category-veille","tag-afrique","tag-arlequin","tag-blog","tag-bottero-pierre","tag-editeur-italien","tag-edition-italienne","tag-ewilan","tag-fle","tag-guinee","tag-guinee-bissau","tag-heroic-fantasy","tag-intervenant-exterieur","tag-italie","tag-italien","tag-jubilo","tag-kiosque-presse","tag-langue-etrangere","tag-langue-vivante","tag-lectures-sens-dessus-dessous","tag-les-mondes-imaginaires","tag-lisez-jeunesse","tag-litterature-africaine","tag-litterature-de-jeunesse","tag-litterature-de-jeunesse-italienne","tag-litterature-italienne","tag-litterature-maghrebine","tag-mali","tag-maroc","tag-medias","tag-moselle","tag-petit-editeur","tag-petite-edition","tag-presse","tag-presse-jeunesse","tag-prix-litteraire","tag-programme-des-rencontres","tag-saga","tag-salon-du-livre-de-jeunesse","tag-salon-du-livre-de-jeunesse-2009","tag-togo","tag-tunisie","tag-venue-dun-auteur"],"_links":{"self":[{"href":"http:\/\/www.culturedel.info\/cactusacide\/index.php?rest_route=\/wp\/v2\/posts\/2401","targetHints":{"allow":["GET"]}}],"collection":[{"href":"http:\/\/www.culturedel.info\/cactusacide\/index.php?rest_route=\/wp\/v2\/posts"}],"about":[{"href":"http:\/\/www.culturedel.info\/cactusacide\/index.php?rest_route=\/wp\/v2\/types\/post"}],"author":[{"embeddable":true,"href":"http:\/\/www.culturedel.info\/cactusacide\/index.php?rest_route=\/wp\/v2\/users\/13"}],"replies":[{"embeddable":true,"href":"http:\/\/www.culturedel.info\/cactusacide\/index.php?rest_route=%2Fwp%2Fv2%2Fcomments&post=2401"}],"version-history":[{"count":5,"href":"http:\/\/www.culturedel.info\/cactusacide\/index.php?rest_route=\/wp\/v2\/posts\/2401\/revisions"}],"predecessor-version":[{"id":2759,"href":"http:\/\/www.culturedel.info\/cactusacide\/index.php?rest_route=\/wp\/v2\/posts\/2401\/revisions\/2759"}],"wp:attachment":[{"href":"http:\/\/www.culturedel.info\/cactusacide\/index.php?rest_route=%2Fwp%2Fv2%2Fmedia&parent=2401"}],"wp:term":[{"taxonomy":"category","embeddable":true,"href":"http:\/\/www.culturedel.info\/cactusacide\/index.php?rest_route=%2Fwp%2Fv2%2Fcategories&post=2401"},{"taxonomy":"post_tag","embeddable":true,"href":"http:\/\/www.culturedel.info\/cactusacide\/index.php?rest_route=%2Fwp%2Fv2%2Ftags&post=2401"}],"curies":[{"name":"wp","href":"https:\/\/api.w.org\/{rel}","templated":true}]}}