{"id":5564,"date":"2012-03-15T19:45:21","date_gmt":"2012-03-15T18:45:21","guid":{"rendered":"http:\/\/www.culturedel.info\/cactusacide\/?p=5564"},"modified":"2012-03-15T19:54:40","modified_gmt":"2012-03-15T18:54:40","slug":"cactus-acide-4-ans-dexistence-et-pleins-de-promesses-pour-la-semaine-de-la-presse","status":"publish","type":"post","link":"http:\/\/www.culturedel.info\/cactusacide\/?p=5564","title":{"rendered":"Cactus acide, 4 ans d&rsquo;existence et pleins de promesses pour la semaine de la presse"},"content":{"rendered":"<p>La semaine de la presse approche et cactus acide sera bien s\u00fbr au rendez-vous.<\/p>\n<p>Plusieurs articles et s\u00e9ances\u00a0 vous sont propos\u00e9s et le rythme est devenu r\u00e9gulier depuis que Gildas a repris les r\u00eanes d\u2019une affaire d\u00e9but\u00e9e il y a 4 ans alors que j\u2019exer\u00e7ais dans le petit coll\u00e8ge de C\u00e9auc\u00e9-Passais.<\/p>\n<p>Je suis satisfait de voir que ce projet continue et prend m\u00eame de l\u2019essor.\u00a0 La formation\u00a0 \u00e0 l\u2019information et aux m\u00e9dias sera donc \u00e0 l\u2019honneur durant cette semaine qui\u00a0 devrait \u00eatre riche du fait d\u2019une actualit\u00e9 \u00e9lectorale charg\u00e9e et qui aura le m\u00e9rite de rappeler la forte dimension citoyenne et critique qui doit \u00eatre attach\u00e9e \u00e0 cette capacit\u00e9 d\u2019\u00e9valuation de l\u2019information.<\/p>\n<p>Un contexte politique particulier et l\u2019occasion de rappeler que la libert\u00e9 de la presse et ses possibilit\u00e9s d\u2019actions sont en recul en France. Eduquer aux m\u00e9dias, c\u2019est aussi montrer que cette libert\u00e9 n\u2019est jamais totalement acquise et qu\u2019il faut continuer \u00e0 se battre pour. Les rapports <a href=\"http:\/\/tempsreel.nouvelobs.com\/medias\/20120126.OBS9815\/la-liberte-de-la-presse-en-france-epinglee-par-l-europe.html\">europ\u00e9ens<\/a> et internationaux ne cessent de pointer ces reculs inqui\u00e9tants.<\/p>\n<p>Mais la libert\u00e9 de la presse, ce n\u2019est pas que la France.\u00a0 C\u2019est aussi un combat clef pour la libert\u00e9 et pour l\u2019acc\u00e8s \u00e0 l\u2019information, au droit d\u2019\u00eatre \u00e9duqu\u00e9, au droit d\u2019\u00eatre citoyen.<\/p>\n<p>C\u2019est donc clairement un objectif que chaque \u00e9l\u00e8ve puisse \u00eatre ainsi institu\u00e9 \u00e0 la citoyennet\u00e9 sans avoir de directeur de conscience. \u00a0H\u00e9las, l\u2019Ecole peine de plus en plus \u00e0 remplir cette mission. Il est vrai que m\u00eame les enseignants osent de moins en moins protester de peur de repr\u00e9sailles.<\/p>\n<p>La libert\u00e9 de penser est donc encore \u00e0 d\u00e9fendre et \u00e0 construire. L\u2019occasion de redire que la formation \u00e0 l\u2019information et aux m\u00e9dias ne peut se cantonner \u00e0 cette seule semaine organis\u00e9e par le Clemi.<\/p>\n<p>On peut encore faire beaucoup mieux au quotidien.<\/p>\n<p>Merci donc de participer \u00e0 cette action en lisant et en utilisant les pistes offertes par Cactus Acide.<\/p>\n<p>&nbsp;<\/p>\n<p>N\u2019h\u00e9sitez pas \u00e0 solliciter la r\u00e9daction pour toute demande ou question. Vous pouvez \u00e9galement rejoindre l\u2019\u00e9quipe.<\/p>\n<p>Et longue vie aux cactac\u00e9es des vieux et des nouveaux m\u00e9dias.<br \/>\n<img loading=\"lazy\" decoding=\"async\" src=\"http:\/\/farm4.staticflickr.com\/3387\/3222458141_23cd69c5d3_b.jpg\" alt=\"\" width=\"435\" height=\"484\" \/><\/p>\n","protected":false},"excerpt":{"rendered":"<p>La semaine de la presse approche et cactus acide sera bien s\u00fbr au rendez-vous. Plusieurs articles et s\u00e9ances\u00a0 vous sont propos\u00e9s et le rythme est devenu r\u00e9gulier depuis que Gildas a repris les r\u00eanes d\u2019une affaire d\u00e9but\u00e9e il y a 4 ans alors que j\u2019exer\u00e7ais dans le petit coll\u00e8ge de C\u00e9auc\u00e9-Passais. Je suis satisfait de &hellip; <\/p>\n<p class=\"link-more\"><a href=\"http:\/\/www.culturedel.info\/cactusacide\/?p=5564\" class=\"more-link\">Continuer la lecture<span class=\"screen-reader-text\"> de &laquo;&nbsp;Cactus acide, 4 ans d&rsquo;existence et pleins de promesses pour la semaine de la presse&nbsp;&raquo;<\/span><\/a><\/p>\n","protected":false},"author":1,"featured_media":0,"comment_status":"open","ping_status":"open","sticky":false,"template":"","format":"standard","meta":{"footnotes":""},"categories":[12],"tags":[],"class_list":["post-5564","post","type-post","status-publish","format-standard","hentry","category-edito"],"_links":{"self":[{"href":"http:\/\/www.culturedel.info\/cactusacide\/index.php?rest_route=\/wp\/v2\/posts\/5564","targetHints":{"allow":["GET"]}}],"collection":[{"href":"http:\/\/www.culturedel.info\/cactusacide\/index.php?rest_route=\/wp\/v2\/posts"}],"about":[{"href":"http:\/\/www.culturedel.info\/cactusacide\/index.php?rest_route=\/wp\/v2\/types\/post"}],"author":[{"embeddable":true,"href":"http:\/\/www.culturedel.info\/cactusacide\/index.php?rest_route=\/wp\/v2\/users\/1"}],"replies":[{"embeddable":true,"href":"http:\/\/www.culturedel.info\/cactusacide\/index.php?rest_route=%2Fwp%2Fv2%2Fcomments&post=5564"}],"version-history":[{"count":3,"href":"http:\/\/www.culturedel.info\/cactusacide\/index.php?rest_route=\/wp\/v2\/posts\/5564\/revisions"}],"predecessor-version":[{"id":5566,"href":"http:\/\/www.culturedel.info\/cactusacide\/index.php?rest_route=\/wp\/v2\/posts\/5564\/revisions\/5566"}],"wp:attachment":[{"href":"http:\/\/www.culturedel.info\/cactusacide\/index.php?rest_route=%2Fwp%2Fv2%2Fmedia&parent=5564"}],"wp:term":[{"taxonomy":"category","embeddable":true,"href":"http:\/\/www.culturedel.info\/cactusacide\/index.php?rest_route=%2Fwp%2Fv2%2Fcategories&post=5564"},{"taxonomy":"post_tag","embeddable":true,"href":"http:\/\/www.culturedel.info\/cactusacide\/index.php?rest_route=%2Fwp%2Fv2%2Ftags&post=5564"}],"curies":[{"name":"wp","href":"https:\/\/api.w.org\/{rel}","templated":true}]}}