{"id":700,"date":"2008-11-25T20:57:57","date_gmt":"2008-11-25T19:57:57","guid":{"rendered":"http:\/\/www.culturedel.info\/cactusacide\/?p=700"},"modified":"2008-11-25T20:57:57","modified_gmt":"2008-11-25T19:57:57","slug":"christine-veille-pour-vous-le-25118","status":"publish","type":"post","link":"http:\/\/www.culturedel.info\/cactusacide\/?p=700","title":{"rendered":"Christine veille pour vous &#8211; le 25\/11\/8"},"content":{"rendered":"<p class=\"MsoNormal\" style=\"center;\" align=\"center\"><strong><span style=\"115%;\"><span style=\"Calibri;\">Christine veille pour vous le 25 Novembre 2008<\/span><\/span><\/strong><\/p>\n<p class=\"MsoNormal\" style=\"center;\" align=\"center\"><strong><span style=\"115%;\"><span style=\"Calibri;\">Au menu du jour\u00a0!\u00a0:<\/span><\/span><\/strong><\/p>\n<p class=\"MsoNormal\" style=\"center;\" align=\"center\"><span style=\"Calibri;\">&#8212;&#8212;&#8212;&#8212;&#8212;&#8212;&#8212;&#8212;&#8212;&#8212;&#8212;&#8212;&#8212;&#8212;&#8212;&#8212;&#8212;&#8212;&#8212;&#8212;&#8212;&#8212;&#8212;&#8212;&#8212;&#8212;&#8212;&#8212;&#8212;&#8212;&#8212;&#8212;&#8212;&#8212;&#8212;&#8212;&#8212;&#8212;<\/span><\/p>\n<p class=\"MsoNormal\" style=\"center;\" align=\"center\"><strong><span style=\"115%;\"><span style=\"Calibri;\">Technologies<\/span><\/span><\/strong><\/p>\n<p class=\"MsoNormal\" style=\"center;\" align=\"center\"><strong><span style=\"115%;\"><span style=\"Calibri;\">Education<\/span><\/span><\/strong><\/p>\n<p class=\"MsoNormal\" style=\"center;\" align=\"center\"><strong><span style=\"115%;\"><span style=\"Calibri;\">Orientation<\/span><\/span><\/strong><\/p>\n<p class=\"MsoNormal\" style=\"center;\" align=\"center\"><strong><span style=\"115%;\"><span style=\"Calibri;\">Cin\u00e9ma<\/span><\/span><\/strong><\/p>\n<p class=\"MsoNormal\" style=\"center;\" align=\"center\"><strong><span style=\"115%;\"><span style=\"Calibri;\">Philosophie<\/span><\/span><\/strong><\/p>\n<p class=\"MsoNormal\" style=\"center;\" align=\"center\"><strong><span style=\"115%;\"><span style=\"Calibri;\">Litt\u00e9rature<\/span><\/span><\/strong><\/p>\n<p class=\"MsoNormal\" style=\"center;\" align=\"center\"><strong><span style=\"115%;\"><span style=\"Calibri;\">Lettres<\/span><\/span><\/strong><\/p>\n<p class=\"MsoNormal\" style=\"center;\" align=\"center\"><strong><span style=\"115%;\"><span style=\"Calibri;\">Litt\u00e9rature de jeunesse<\/span><\/span><\/strong><\/p>\n<p class=\"MsoNormal\" style=\"center;\" align=\"center\"><strong><span style=\"115%;\"><span style=\"Calibri;\">M\u00e9thodologie<\/span><\/span><\/strong><\/p>\n<p class=\"MsoNormal\" style=\"center;\" align=\"center\"><strong><span style=\"115%;\"><span style=\"Calibri;\">Langues \u00e9trang\u00e8res<\/span><\/span><\/strong><\/p>\n<p class=\"MsoNormal\" style=\"center;\" align=\"center\"><strong><span style=\"115%;\"><span style=\"Calibri;\">Histoire-G\u00e9ographie<\/span><\/span><\/strong><\/p>\n<p class=\"MsoNormal\" style=\"center;\" align=\"center\"><strong><span style=\"115%;\"><span style=\"Calibri;\">Droit<\/span><\/span><\/strong><\/p>\n<p class=\"MsoNormal\" style=\"center;\" align=\"center\"><strong><span style=\"115%;\"><span style=\"Calibri;\">Economie<\/span><\/span><\/strong><\/p>\n<p class=\"MsoNormal\" style=\"center;\" align=\"center\"><strong><span style=\"115%;\"><span style=\"Calibri;\">Crise boursi\u00e8re<\/span><\/span><\/strong><\/p>\n<p class=\"MsoNormal\" style=\"center;\" align=\"center\"><strong><span style=\"115%;\"><span style=\"Calibri;\">Sciences<\/span><\/span><\/strong><\/p>\n<p class=\"MsoNormal\" style=\"center;\" align=\"center\"><strong><span style=\"115%;\"><span style=\"Calibri;\">Sant\u00e9<\/span><\/span><\/strong><\/p>\n<p class=\"MsoNormal\" style=\"center;\" align=\"center\"><strong><span style=\"115%;\"><span style=\"Calibri;\">&#8212;&#8212;&#8212;&#8212;&#8212;&#8212;&#8212;&#8212;&#8212;&#8212;&#8212;&#8212;&#8212;&#8212;&#8212;&#8212;&#8212;&#8212;&#8212;&#8212;&#8212;&#8212;&#8212;&#8212;&#8212;&#8212;&#8212;&#8212;&#8212;&#8212;&#8212;&#8212;&#8212;&#8212;&#8212;&#8212;&#8212;&#8212;&#8212;&#8212;&#8212;&#8211;<\/span><\/span><\/strong><\/p>\n<p class=\"MsoNormal\" style=\"center;\" align=\"center\"><strong><span style=\"115%;\"><span style=\"Calibri;\">Veille Technologies<\/span><\/span><\/strong><\/p>\n<p class=\"MsoNormal\" style=\"0cm 0cm 10pt;\"><span style=\"Calibri;\">\u00a0<\/span><\/p>\n<p class=\"MsoNormal\" style=\"0cm 0cm 10pt;\"><span style=\"Calibri;\">Wizzgo lance une p\u00e9tition pour d\u00e9fendre son mod\u00e8le \u00e9conomique<\/span><\/p>\n<p class=\"MsoNormal\" style=\"0cm 0cm 10pt;\"><span style=\"Calibri;\">Il souhaite que le droit \u00e0 la copie priv\u00e9e soit applicable \u00e0 la possibilit\u00e9 d\u2019enregistrer en ligne les programmes de TV<\/span><\/p>\n<p class=\"MsoNormal\" style=\"0cm 0cm 10pt;\"><span style=\"Calibri;\">Vu dans JDN e-business du 24-25\/11\/8<\/span><\/p>\n<p class=\"MsoNormal\" style=\"0cm 0cm 10pt;\"><a href=\"http:\/\/www.journaldunet.com\/breve\/france\/33784\/wizzgo-lance-une-petition-pour-defendre-son-modele-economique.shtml\"><span style=\"Calibri;\">http:\/\/www.journaldunet.com\/breve\/france\/33784\/wizzgo-lance-une-petition-pour-defendre-son-modele-economique.shtml<\/span><\/a><\/p>\n<p class=\"MsoNormal\" style=\"0cm 0cm 10pt;\"><span style=\"Calibri;\">Wizzgo lourdement condamn\u00e9 pour contrefa\u00e7on<\/span><\/p>\n<p class=\"MsoNormal\" style=\"0cm 0cm 10pt;\"><span style=\"Calibri;\">Vu dans Le Monde du 26\/11\/8(paru le 25\/11\/8 PM)<\/span><\/p>\n<p class=\"MsoNormal\" style=\"0cm 0cm 10pt;\"><span style=\"Calibri;\">http:\/\/www.lemonde.fr\/web\/depeches\/0,14-0,39-37703215@7-58,0.html<\/span><\/p>\n<p class=\"MsoNormal\" style=\"0cm 0cm 10pt;\"><span style=\"Calibri;\">\u00a0<\/span><\/p>\n<p class=\"MsoNormal\" style=\"0cm 0cm 10pt;\"><span style=\"Calibri;\">La r\u00e9alit\u00e9 augment\u00e9e\u00a0: faire appara\u00eetre un personnage virtuel dans un environnement r\u00e9el, une incrustation en temps r\u00e9el mais sans recours \u00e0 un logiciel complexe de montage<\/span><\/p>\n<p class=\"MsoNormal\" style=\"0cm 0cm 10pt;\"><span style=\"Calibri;\">Vu dans 20 Minutes le 25\/11\/8<\/span><\/p>\n<p class=\"MsoNormal\" style=\"0cm 0cm 10pt;\"><a href=\"http:\/\/www.20minutes.fr\/article\/274988\/Culture-Un-bonhomme-tout-vert-appele-realite-augmentee.php\"><span style=\"Calibri;\">http:\/\/www.20minutes.fr\/article\/274988\/Culture-Un-bonhomme-tout-vert-appele-realite-augmentee.php<\/span><\/a><\/p>\n<p class=\"MsoNormal\" style=\"0cm 0cm 10pt;\"><span style=\"Calibri;\">\u00a0<\/span><\/p>\n<p class=\"MsoNormal\" style=\"0cm 0cm 10pt;\"><span style=\"Calibri;\">L\u2019Union europ\u00e9enne va valider le plafonnement \u00e0 11 centimes d\u2019euros du SMS en itin\u00e9rance<\/span><\/p>\n<p class=\"MsoNormal\" style=\"0cm 0cm 10pt;\"><span style=\"Calibri;\">Vu dans ZDNet News du 25\/11\/8<\/span><\/p>\n<p class=\"MsoNormal\" style=\"0cm 0cm 10pt;\"><a href=\"http:\/\/www.zdnet.fr\/actualites\/telecoms\/0,39040748,39385064,00.htm?xtor=EPR-100\"><span style=\"Calibri;\">http:\/\/www.zdnet.fr\/actualites\/telecoms\/0,39040748,39385064,00.htm?xtor=EPR-100<\/span><\/a><\/p>\n<p class=\"MsoNormal\" style=\"0cm 0cm 10pt;\"><span style=\"Calibri;\">\u00a0<\/span><\/p>\n<p class=\"MsoNormal\" style=\"0cm 0cm 10pt;\"><span style=\"Calibri;\">Salon D\u00e9mat\u00e9rialiser, les 9 et 10\/12\/8 \u00e0 la Grande Arche de la D\u00e9fense (acc\u00e8s gratuit)<\/span><\/p>\n<p class=\"MsoNormal\" style=\"0cm 0cm 10pt;\"><span style=\"Calibri;\">Vu sur la liste ADBS-INFO du 25\/11\/8<\/span><\/p>\n<p class=\"MsoNormal\" style=\"0cm 0cm 10pt;\"><a href=\"http:\/\/www.dematerialiser.fr\/\"><span style=\"Calibri;\">www.dematerialiser.fr<\/span><\/a><\/p>\n<p class=\"MsoNormal\" style=\"center;\" align=\"center\"><strong><span style=\"underline;\"><span style=\"small;\"><span style=\"Calibri;\">3D<\/span><\/span><\/span><\/strong><\/p>\n<p class=\"MsoNormal\" style=\"0cm 0cm 10pt;\"><span style=\"Calibri;\">La 3D, avenir du sport t\u00e9l\u00e9vis\u00e9 et du cin\u00e9ma grand public<\/span><\/p>\n<p class=\"MsoNormal\" style=\"0cm 0cm 10pt;\"><span style=\"Calibri;\">Vu dans 20 Minutes le 25\/11\/8<\/span><\/p>\n<p class=\"MsoNormal\" style=\"0cm 0cm 10pt;\"><a href=\"http:\/\/www.20minutes.fr\/article\/275032\/High-Tech-La-3D-avenir-du-sport-televise.php\"><span style=\"Calibri;\">http:\/\/www.20minutes.fr\/article\/275032\/High-Tech-La-3D-avenir-du-sport-televise.php<\/span><\/a><\/p>\n<p class=\"MsoNormal\" style=\"0cm 0cm 10pt;\"><span style=\"Calibri;\">\u00a0<\/span><\/p>\n<p class=\"MsoNormal\" style=\"0cm 0cm 10pt;\"><span style=\"Calibri;\">R\u00e9alisation d\u2019un plan d\u2019architecture en 3D<\/span><\/p>\n<p class=\"MsoNormal\" style=\"0cm 0cm 10pt;\"><span style=\"Calibri;\">Vu dans L\u2019Internaute-Bricolage du 25\/11\/8<\/span><\/p>\n<p class=\"MsoNormal\" style=\"0cm 0cm 10pt;\"><span style=\"Calibri;\">http:\/\/www.linternaute.com\/bricolage\/temoignage\/appelatemoin\/4000\/vous-avez-realise-un-plan-en-3d\/<\/span><\/p>\n<p class=\"MsoNormal\" style=\"0cm 0cm 10pt;\"><span style=\"Calibri;\">&#8212;&#8212;&#8212;&#8212;&#8212;&#8212;&#8212;&#8212;&#8212;&#8212;&#8212;&#8212;&#8212;&#8212;&#8212;&#8212;&#8212;&#8212;&#8212;&#8212;&#8212;&#8212;&#8212;&#8212;&#8212;&#8212;&#8212;&#8212;&#8212;&#8212;&#8212;&#8212;&#8212;&#8212;&#8212;&#8212;&#8212;&#8212;<\/span><\/p>\n<p class=\"MsoNormal\" style=\"center;\" align=\"center\"><strong><span style=\"115%;\"><span style=\"Calibri;\">Veille Education<\/span><\/span><\/strong><\/p>\n<p class=\"MsoNormal\" style=\"0cm 0cm 10pt;\"><span style=\"Calibri;\">\u00a0<\/span><\/p>\n<p class=\"MsoNormal\" style=\"0cm 0cm 10pt;\"><span style=\"Calibri;\">La mobilit\u00e9 des jeunes Fran\u00e7ais en Europe\u00a0: 69% sont pr\u00eats \u00e0 voyager, mais seulement 24% se sont expatri\u00e9s pour leurs \u00e9tudes<\/span><\/p>\n<p class=\"MsoNormal\" style=\"0cm 0cm 10pt;\"><span style=\"Calibri;\">A voir dans le site Toutel\u2019europe et dans le Caf\u00e9 p\u00e9dagogique-L\u2019Expresso du 25\/11\/8<\/span><\/p>\n<p class=\"MsoNormal\" style=\"0cm 0cm 10pt;\"><a href=\"http:\/\/www.touteleurope.fr\/fr\/actions\/social\/education-formation\/actualite\/actualites-vue-detaillee\/afficher\/fiche\/3698\/t\/43985\/from\/2322\/breve\/sondage-les-jeunes-francais-en-vadrouille-en-europe.html?xtor=EPR-19\"><span style=\"Calibri;\">http:\/\/www.touteleurope.fr\/fr\/actions\/social\/education-formation\/actualite\/actualites-vue-detaillee\/afficher\/fiche\/3698\/t\/43985\/from\/2322\/breve\/sondage-les-jeunes-francais-en-vadrouille-en-europe.html?xtor=EPR-19<\/span><\/a><\/p>\n<p class=\"MsoNormal\" style=\"0cm 0cm 10pt;\"><span style=\"Calibri;\">\u00a0<\/span><\/p>\n<p class=\"MsoNormal\" style=\"0cm 0cm 10pt;\"><span style=\"Calibri;\">Aide \u00e0 l\u2019\u00e9ducation de base\u00a0: la France et l\u2019Allemagne \u00e9pingl\u00e9es par le rapport annuel 2009 de l\u2019UNESCO<\/span><\/p>\n<p class=\"MsoNormal\" style=\"0cm 0cm 10pt;\"><span style=\"Calibri;\">Vu dans Le Monde du 26\/11\/8(paru le 25\/11\/8 PM)<\/span><\/p>\n<p class=\"MsoNormal\" style=\"0cm 0cm 10pt;\"><span style=\"Calibri;\">http:\/\/www.lemonde.fr\/planete\/article\/2008\/11\/25\/aides-a-l-education-de-base-la-france-et-l-allemagne-epingles_1122821_3244.html#ens_id=1122914<\/span><\/p>\n<p class=\"MsoNormal\" style=\"0cm 0cm 10pt;\"><span style=\"Calibri;\">&#8212;&#8212;&#8212;&#8212;&#8212;&#8212;&#8212;&#8212;&#8212;&#8212;&#8212;&#8212;&#8212;&#8212;&#8212;&#8212;&#8212;&#8212;&#8212;&#8212;&#8212;&#8212;&#8212;&#8212;&#8212;&#8212;&#8212;&#8212;&#8212;&#8212;&#8212;&#8212;&#8212;&#8212;&#8212;&#8212;&#8212;&#8212;&#8212;&#8212;&#8212;&#8211;<\/span><\/p>\n<p class=\"MsoNormal\" style=\"center;\" align=\"center\"><strong><span style=\"115%;\"><span style=\"Calibri;\">Veille Orientation<\/span><\/span><\/strong><\/p>\n<p class=\"MsoNormal\" style=\"0cm 0cm 10pt;\"><span style=\"Calibri;\">\u00a0<\/span><\/p>\n<p class=\"MsoNormal\" style=\"0cm 0cm 10pt;\"><span style=\"Calibri;\">S\u2019entra\u00eener aux tests psychotechniques<\/span><\/p>\n<p class=\"MsoNormal\" style=\"0cm 0cm 10pt;\"><span style=\"Calibri;\">Vu dans JDN Management du 25\/11\/8<\/span><\/p>\n<p class=\"MsoNormal\" style=\"0cm 0cm 10pt;\"><a href=\"http:\/\/www.journaldunet.com\/management\/questionnaire\/fiche\/8459\/1\/d\/f\/\"><span style=\"Calibri;\">http:\/\/www.journaldunet.com\/management\/questionnaire\/fiche\/8459\/1\/d\/f\/<\/span><\/a><\/p>\n<p class=\"MsoNormal\" style=\"0cm 0cm 10pt;\"><span style=\"Calibri;\">\u00a0<\/span><\/p>\n<p class=\"MsoNormal\" style=\"0cm 0cm 10pt;\"><span style=\"Calibri;\">Recruter un stagiaire<\/span><\/p>\n<p class=\"MsoNormal\" style=\"0cm 0cm 10pt;\"><span style=\"Calibri;\">Vu sur France 5 Emploi le 25\/11\/8<\/span><\/p>\n<p class=\"MsoNormal\" style=\"0cm 0cm 10pt;\"><a href=\"http:\/\/www.france5.fr\/emploi-par-le-net\/page.php?id_rubrique=150&amp;id_mot=4\"><span style=\"Calibri;\">http:\/\/www.france5.fr\/emploi-par-le-net\/page.php?id_rubrique=150&amp;id_mot=4<\/span><\/a><\/p>\n<p class=\"MsoNormal\" style=\"0cm 0cm 10pt;\"><span style=\"Calibri;\">\u00a0<\/span><\/p>\n<p class=\"MsoNormal\" style=\"0cm 0cm 10pt;\"><span style=\"Calibri;\">Linkdln, le r\u00e9seau social de recommandations, signe un accord de collaboration avec l\u2019APEC, association pour l\u2019emploi des cadres<\/span><\/p>\n<p class=\"MsoNormal\" style=\"0cm 0cm 10pt;\"><span style=\"Calibri;\">Vu dans Net\u00e9co du 25\/11\/8<\/span><\/p>\n<p class=\"MsoNormal\" style=\"0cm 0cm 10pt;\"><span style=\"Calibri;\">http:\/\/www.neteco.com\/242060-linkedin-francais-apec.html?xtor=EPR-1<\/span><\/p>\n<p class=\"MsoNormal\" style=\"0cm 0cm 10pt;\"><span style=\"Calibri;\">\u00a0<\/span><\/p>\n<p class=\"MsoNormal\" style=\"center;\" align=\"center\"><strong><span style=\"underline;\"><span style=\"small;\"><span style=\"Calibri;\">La ronde des m\u00e9tiers<\/span><\/span><\/span><\/strong><\/p>\n<p class=\"MsoNormal\" style=\"0cm 0cm 10pt;\"><span style=\"Calibri;\">\u00a0<\/span><\/p>\n<p class=\"MsoNormal\" style=\"0cm 0cm 10pt;\"><span style=\"Calibri;\">Les m\u00e9tiers de la fonction publique<\/span><\/p>\n<p class=\"MsoNormal\" style=\"0cm 0cm 10pt;\"><span style=\"Calibri;\">Vu sur France 5 Emploi le 25\/11\/8<\/span><\/p>\n<p class=\"MsoNormal\" style=\"0cm 0cm 10pt;\"><a href=\"http:\/\/www.france5.fr\/emploi-par-le-net\/page.php?id_rubrique=150&amp;id_mot=4\"><span style=\"Calibri;\">http:\/\/www.france5.fr\/emploi-par-le-net\/page.php?id_rubrique=150&amp;id_mot=4<\/span><\/a><\/p>\n<p class=\"MsoNormal\" style=\"0cm 0cm 10pt;\"><span style=\"Calibri;\">G\u00e9ologue<\/span><\/p>\n<p class=\"MsoNormal\" style=\"0cm 0cm 10pt;\"><a href=\"http:\/\/www.france5.fr\/emploi-par-le-net\/page.php?id_rubrique=150&amp;id_mot=2\"><span style=\"Calibri;\">http:\/\/www.france5.fr\/emploi-par-le-net\/page.php?id_rubrique=150&amp;id_mot=2<\/span><\/a><\/p>\n<p class=\"MsoNormal\" style=\"0cm 0cm 10pt;\"><span style=\"Calibri;\">Les m\u00e9tiers de la dentisterie (orthodontiste)<\/span><\/p>\n<p class=\"MsoNormal\" style=\"0cm 0cm 10pt;\"><a href=\"http:\/\/www.france5.fr\/emploi-par-le-net\/page.php?id_rubrique=150&amp;id_mot=1\"><span style=\"Calibri;\">http:\/\/www.france5.fr\/emploi-par-le-net\/page.php?id_rubrique=150&amp;id_mot=1<\/span><\/a><\/p>\n<p class=\"MsoNormal\" style=\"0cm 0cm 10pt;\"><span style=\"Calibri;\">D\u00e9clarant en douane<\/span><\/p>\n<p class=\"MsoNormal\" style=\"0cm 0cm 10pt;\"><a href=\"http:\/\/www.france5.fr\/emploi-par-le-net\/page.php?id_rubrique=150&amp;id_mot=3\"><span style=\"Calibri;\">http:\/\/www.france5.fr\/emploi-par-le-net\/page.php?id_rubrique=150&amp;id_mot=3<\/span><\/a><\/p>\n<p class=\"MsoNormal\" style=\"0cm 0cm 10pt;\"><span style=\"Calibri;\">Souffleur de verre<\/span><\/p>\n<p class=\"MsoNormal\" style=\"0cm 0cm 10pt;\"><a href=\"http:\/\/www.france5.fr\/emploi-par-le-net\/page.php?id_rubrique=150&amp;id_mot=5\"><span style=\"Calibri;\">http:\/\/www.france5.fr\/emploi-par-le-net\/page.php?id_rubrique=150&amp;id_mot=5<\/span><\/a><\/p>\n<p class=\"MsoNormal\" style=\"0cm 0cm 10pt;\"><span style=\"Calibri;\">Expatriation\u00a0: travailler en Finlande<\/span><\/p>\n<p class=\"MsoNormal\" style=\"0cm 0cm 10pt;\"><a href=\"http:\/\/www.france5.fr\/emploi-par-le-net\/page.php?id_rubrique=150&amp;id_mot=5\"><span style=\"Calibri;\">http:\/\/www.france5.fr\/emploi-par-le-net\/page.php?id_rubrique=150&amp;id_mot=5<\/span><\/a><\/p>\n<p class=\"MsoNormal\" style=\"0cm 0cm 10pt;\"><span style=\"Calibri;\">Cordiste (avec un clip vid\u00e9o, une id\u00e9e d\u2019animation \u00e0 r\u00e9aliser dans les s\u00e9ances d\u2019orientation)<\/span><\/p>\n<p class=\"MsoNormal\" style=\"0cm 0cm 10pt;\"><span style=\"Calibri;\">http:\/\/www.lesmetiers.net\/fiches-metiers\/france5\/index-fr.php?inc=fiche_metier&amp;idDoc=13837<\/span><\/p>\n<p class=\"MsoNormal\" style=\"0cm 0cm 10pt;\"><span style=\"Calibri;\">&#8212;&#8212;&#8212;&#8212;&#8212;&#8212;&#8212;&#8212;&#8212;&#8212;&#8212;&#8212;&#8212;&#8212;&#8212;&#8212;&#8212;&#8212;&#8212;&#8212;&#8212;&#8212;&#8212;&#8212;&#8212;&#8212;&#8212;&#8212;&#8212;&#8212;&#8212;&#8212;&#8212;&#8212;&#8212;&#8212;&#8212;&#8212;&#8212;&#8212;-<\/span><\/p>\n<p class=\"MsoNormal\" style=\"center;\" align=\"center\"><strong><span style=\"115%;\"><span style=\"Calibri;\">Veille Cin\u00e9ma<\/span><\/span><\/strong><\/p>\n<p class=\"MsoNormal\" style=\"0cm 0cm 10pt;\"><span style=\"Calibri;\">\u00a0<\/span><\/p>\n<p class=\"MsoNormal\" style=\"0cm 0cm 10pt;\"><span style=\"Calibri;\">Bande son de Twilight <\/span><\/p>\n<p class=\"MsoNormal\" style=\"0cm 0cm 10pt;\"><span style=\"Calibri;\">Vu dans El Pais du 24\/11\/8<\/span><\/p>\n<p class=\"MsoNormal\" style=\"0cm 0cm 10pt;\"><a href=\"http:\/\/www.elpais.com\/videos\/cultura\/Escucha\/banda\/sonora\/Crepusculo\/elpepucul\/20081105elpepucul_3\/Ves\/\"><span style=\"Calibri;\">http:\/\/www.elpais.com\/videos\/cultura\/Escucha\/banda\/sonora\/Crepusculo\/elpepucul\/20081105elpepucul_3\/Ves\/<\/span><\/a><\/p>\n<p class=\"MsoNormal\" style=\"0cm 0cm 10pt;\"><span style=\"Calibri;\">Les 10 premi\u00e8res minutes de la repr\u00e9sentation de Twilight \u00e0 Madrid<\/span><\/p>\n<p class=\"MsoNormal\" style=\"0cm 0cm 10pt;\"><a href=\"http:\/\/www.elpais.com\/videos\/cultura\/Vampiros\/histeria\/Gran\/Via\/elpepucul\/20081030elpepucul_1\/Ves\/\"><span style=\"Calibri;\">http:\/\/www.elpais.com\/videos\/cultura\/Vampiros\/histeria\/Gran\/Via\/elpepucul\/20081030elpepucul_1\/Ves\/<\/span><\/a><\/p>\n<p class=\"MsoNormal\" style=\"0cm 0cm 10pt;\"><span style=\"Calibri;\">&#8212;&#8212;&#8212;&#8212;&#8212;&#8212;&#8212;&#8212;&#8212;&#8212;&#8212;&#8212;&#8212;&#8212;&#8212;&#8212;&#8212;&#8212;&#8212;&#8212;&#8212;&#8212;&#8212;&#8212;&#8212;&#8212;&#8212;&#8212;&#8212;&#8212;&#8212;&#8212;&#8212;&#8212;&#8212;&#8212;&#8212;&#8212;&#8212;&#8212;&#8212;&#8211;<\/span><\/p>\n<p class=\"MsoNormal\" style=\"center;\" align=\"center\"><strong><span style=\"115%;\"><span style=\"Calibri;\">Veille Philosophie<\/span><\/span><\/strong><\/p>\n<p class=\"MsoNormal\" style=\"center;\" align=\"center\"><strong><span style=\"115%;\"><span style=\"Calibri;\">\u00a0<\/span><\/span><\/strong><\/p>\n<p class=\"MsoNormal\" style=\"0cm 0cm 10pt;\"><span style=\"Calibri;\">Claude L\u00e9vi-Strauss<\/span><\/p>\n<p class=\"MsoNormal\" style=\"0cm 0cm 10pt;\"><span style=\"Calibri;\">Vu dans Le Monde du 26\/11\/8(paru le 25\/11\/8 PM)<\/span><\/p>\n<p class=\"MsoNormal\" style=\"0cm 0cm 10pt;\"><a href=\"http:\/\/www.lemonde.fr\/planete\/article\/2008\/11\/25\/bon-anniversaire-m-levi-strauss_1122714_3244.html#ens_id=1122723\"><span style=\"Calibri;\">http:\/\/www.lemonde.fr\/planete\/article\/2008\/11\/25\/bon-anniversaire-m-levi-strauss_1122714_3244.html#ens_id=1122723<\/span><\/a><\/p>\n<p class=\"MsoNormal\" style=\"0cm 0cm 10pt;\"><span style=\"Calibri;\">Les 100 ans de L\u00e9vi-Strauss<\/span><\/p>\n<p class=\"MsoNormal\" style=\"0cm 0cm 10pt;\"><a href=\"http:\/\/www.lemonde.fr\/opinions\/article\/2008\/11\/25\/les-100-ans-de-claude-levi-strauss-par-dominique-dhombres_1122898_3232.html#ens_id=1122723\"><span style=\"Calibri;\">http:\/\/www.lemonde.fr\/opinions\/article\/2008\/11\/25\/les-100-ans-de-claude-levi-strauss-par-dominique-dhombres_1122898_3232.html#ens_id=1122723<\/span><\/a><\/p>\n<p class=\"MsoNormal\" style=\"0cm 0cm 10pt;\"><span style=\"Calibri;\">La collection de L\u00e9vi-Strauss<\/span><\/p>\n<p class=\"MsoNormal\" style=\"0cm 0cm 10pt;\"><span style=\"Calibri;\">http:\/\/www.lemonde.fr\/planete\/article\/2008\/11\/25\/la-collection-de-levi-strauss_1122715_3244.html#ens_id=1122723<\/span><\/p>\n<p class=\"MsoNormal\" style=\"0cm 0cm 10pt;\"><span style=\"Calibri;\">&#8212;&#8212;&#8212;&#8212;&#8212;&#8212;&#8212;&#8212;&#8212;&#8212;&#8212;&#8212;&#8212;&#8212;&#8212;&#8212;&#8212;&#8212;&#8212;&#8212;&#8212;&#8212;&#8212;&#8212;&#8212;&#8212;&#8212;&#8212;&#8212;&#8212;&#8212;&#8212;&#8212;&#8212;&#8212;&#8212;&#8212;&#8212;&#8212;&#8212;&#8212;&#8212;<\/span><\/p>\n<p class=\"MsoNormal\" style=\"center;\" align=\"center\"><strong><span style=\"115%;\"><span style=\"Calibri;\">Veille Litt\u00e9rature<\/span><\/span><\/strong><\/p>\n<p class=\"MsoNormal\" style=\"center;\" align=\"center\"><strong><span style=\"underline;\"><span style=\"small;\"><span style=\"Calibri;\">Les nouveaut\u00e9s Gallimard Folio de Novembre 2008<\/span><\/span><\/span><\/strong><\/p>\n<p class=\"MsoNormal\" style=\"0cm 0cm 10pt;\"><a href=\"http:\/\/www.folio-lesite.fr\/Folio\/nouveaute.action\"><span style=\"Calibri;\">http:\/\/www.folio-lesite.fr\/Folio\/nouveaute.action<\/span><\/a><\/p>\n<p class=\"MsoNormal\" style=\"0cm 0cm 10pt;\"><span style=\"Calibri;\">\u00a0<\/span><\/p>\n<p class=\"MsoNormal\" style=\"0cm 0cm 10pt;\"><span style=\"Calibri;\">L\u2019\u0153uvre de Catherine Cusset, prix Goncourt des Lyc\u00e9ens pour \u00ab\u00a0Un brillant avenir\u00a0\u00bb<\/span><\/p>\n<p class=\"MsoNormal\" style=\"0cm 0cm 10pt;\"><a href=\"http:\/\/www.folio-lesite.fr\/Folio\/auteur.action?idAuteur=11341&amp;hdnSort=titre\"><span style=\"Calibri;\">http:\/\/www.folio-lesite.fr\/Folio\/auteur.action?idAuteur=11341&amp;hdnSort=titre<\/span><\/a><\/p>\n<p class=\"MsoNormal\" style=\"0cm 0cm 10pt;\"><span style=\"Calibri;\">\u00a0<\/span><\/p>\n<p class=\"MsoNormal\" style=\"0cm 0cm 10pt;\"><span style=\"Calibri;\">Paasilinna, Arto.- Le Bestial serviteur du pasteur Huuskonen<\/span><\/p>\n<p class=\"MsoNormal\" style=\"0cm 0cm 10pt;\"><span style=\"Calibri;\">Les tribulations d\u2019un pasteur d\u00e9froqu\u00e9 et de son ours<\/span><\/p>\n<p class=\"MsoNormal\" style=\"0cm 0cm 10pt;\"><a href=\"http:\/\/www.folio-lesite.fr\/Folio\/livre.action?codeProd=A35949\"><span style=\"Calibri;\">http:\/\/www.folio-lesite.fr\/Folio\/livre.action?codeProd=A35949<\/span><\/a><\/p>\n<p class=\"MsoNormal\" style=\"0cm 0cm 10pt;\"><span style=\"Calibri;\">\u00a0<\/span><\/p>\n<p class=\"MsoNormal\" style=\"0cm 0cm 10pt;\"><span style=\"Calibri;\">L\u2019agenda des auteurs Folio<\/span><\/p>\n<p class=\"MsoNormal\" style=\"0cm 0cm 10pt;\"><a href=\"http:\/\/www.folio-lesite.fr\/Folio\/actualite.action?idActu=119\"><span style=\"Calibri;\">http:\/\/www.folio-lesite.fr\/Folio\/actualite.action?idActu=119<\/span><\/a><\/p>\n<p class=\"MsoNormal\" style=\"0cm 0cm 10pt;\"><span style=\"Calibri;\">&#8212;&#8212;&#8212;&#8212;&#8212;&#8212;&#8212;&#8212;&#8212;&#8212;&#8212;&#8212;&#8212;&#8212;&#8212;&#8212;&#8212;&#8212;&#8212;&#8212;&#8212;&#8212;&#8212;&#8212;&#8212;&#8212;&#8212;&#8212;&#8212;&#8212;&#8212;&#8212;&#8212;&#8212;&#8212;&#8212;&#8212;&#8212;&#8212;&#8212;&#8212;-<\/span><\/p>\n<p class=\"MsoNormal\" style=\"center;\" align=\"center\"><strong><span style=\"115%;\"><span style=\"Calibri;\">Veille Lettres<\/span><\/span><\/strong><\/p>\n<p class=\"MsoNormal\" style=\"0cm 0cm 10pt;\"><span style=\"Calibri;\">\u00a0<\/span><\/p>\n<p class=\"MsoNormal\" style=\"0cm 0cm 10pt;\"><span style=\"Calibri;\">Coaching en orthographe pour les cadres<\/span><\/p>\n<p class=\"MsoNormal\" style=\"0cm 0cm 10pt;\"><span style=\"Calibri;\">Fripiat, B.- 99 questions \u00e0 mon coach d\u2019orthographe.- Ed. Demos.<span style=\"yes;\">\u00a0\u00a0\u00a0\u00a0\u00a0\u00a0\u00a0\u00a0\u00a0\u00a0\u00a0\u00a0 <\/span>16,50 euros<\/span><\/p>\n<p class=\"MsoNormal\" style=\"0cm 0cm 10pt;\"><span style=\"Calibri;\">Vu sur France 5 le 25\/11\/8<\/span><\/p>\n<p class=\"MsoNormal\" style=\"0cm 0cm 10pt;\"><span style=\"Calibri;\">http:\/\/emploi.france5.fr\/job\/competences\/formation\/40467890-fr.php<\/span><\/p>\n<p class=\"MsoNormal\" style=\"0cm 0cm 10pt;\"><span style=\"Calibri;\">&#8212;&#8212;&#8212;&#8212;&#8212;&#8212;&#8212;&#8212;&#8212;&#8212;&#8212;&#8212;&#8212;&#8212;&#8212;&#8212;&#8212;&#8212;&#8212;&#8212;&#8212;&#8212;&#8212;&#8212;&#8212;&#8212;&#8212;&#8212;&#8212;&#8212;&#8212;&#8212;&#8212;&#8212;&#8212;&#8212;&#8212;&#8212;&#8212;&#8212;&#8212;<\/span><\/p>\n<p class=\"MsoNormal\" style=\"center;\" align=\"center\"><strong><span style=\"115%;\"><span style=\"Calibri;\">Veille Litt\u00e9rature de jeunesse<\/span><\/span><\/strong><\/p>\n<p class=\"MsoNormal\" style=\"0cm 0cm 10pt;\"><span style=\"Calibri;\">\u00a0<\/span><\/p>\n<p class=\"MsoNormal\" style=\"0cm 0cm 10pt;\"><span style=\"Calibri;\">Bart Moeyaert, un auteur belge<\/span><\/p>\n<p class=\"MsoNormal\" style=\"0cm 0cm 10pt;\"><span style=\"Calibri;\">http:\/\/www.ricochet-jeunes.org\/auteur.asp?id=2822<\/span><\/p>\n<p class=\"MsoNormal\" style=\"0cm 0cm 10pt;\"><span style=\"#444444;\"><span style=\"small;\"><span style=\"Calibri;\">Le jeudi 4 d\u00e9cembre 2008 de 19H a 21H\u00a0: une rencontre La Joie par les Livres-BNF<\/span><\/span><\/span><\/p>\n<p class=\"MsoNormal\" style=\"0cm 0cm 10pt;\"><span style=\"#444444;\"><span style=\"Calibri;\">Vu dans CDIDOC le 24\/11\/8<\/span><\/span><\/p>\n<p class=\"MsoNormal\" style=\"0cm 0cm 10pt;\"><span style=\"Calibri;\">&#8212;&#8212;&#8212;&#8212;&#8212;&#8212;&#8212;&#8212;&#8212;&#8212;&#8212;&#8212;&#8212;&#8212;&#8212;&#8212;&#8212;&#8212;&#8212;&#8212;&#8212;&#8212;&#8212;&#8212;&#8212;&#8212;&#8212;&#8212;&#8212;&#8212;&#8212;&#8212;&#8212;&#8212;&#8212;&#8212;&#8212;&#8212;&#8212;&#8212;&#8212;&#8212;-<\/span><\/p>\n<p class=\"MsoNormal\" style=\"center;\" align=\"center\"><strong><span style=\"115%;\"><span style=\"Calibri;\">Veille M\u00e9thodologie<\/span><\/span><\/strong><\/p>\n<p class=\"MsoNormal\" style=\"0cm 0cm 10pt;\"><span style=\"Calibri;\">\u00a0<\/span><\/p>\n<p class=\"MsoNormal\" style=\"0cm 0cm 10pt;\"><span style=\"Calibri;\">Expos\u00e9<\/span><\/p>\n<p class=\"MsoNormal\" style=\"0cm 0cm 10pt;\"><span style=\"#444444;\"><span style=\"Calibri;\">Dans Okapi (859 du 1er d\u00e9cembre 2008), un dossier tr\u00e8s bien fait donnant des conseils aux \u00e9l\u00e8ves pour la pr\u00e9paration d&rsquo;un expos\u00e9<\/span><\/span><\/p>\n<p class=\"MsoNormal\" style=\"0cm 0cm 10pt;\"><span style=\"Calibri;\">Vu dans CDIDOC le 24\/11\/8<\/span><\/p>\n<p class=\"MsoNormal\" style=\"0cm 0cm 10pt;\"><span style=\"Calibri;\">&#8212;&#8212;&#8212;&#8212;&#8212;&#8212;&#8212;&#8212;&#8212;&#8212;&#8212;&#8212;&#8212;&#8212;&#8212;&#8212;&#8212;&#8212;&#8212;&#8212;&#8212;&#8212;&#8212;&#8212;&#8212;&#8212;&#8212;&#8212;&#8212;&#8212;&#8212;&#8212;&#8212;&#8212;&#8212;&#8212;&#8212;&#8212;&#8212;&#8212;&#8212;<\/span><\/p>\n<p class=\"MsoNormal\" style=\"center;\" align=\"center\"><strong><span style=\"115%;\"><span style=\"Calibri;\">Veille Langues \u00e9trang\u00e8res<\/span><\/span><\/strong><\/p>\n<p class=\"MsoNormal\" style=\"center;\" align=\"center\"><strong><span style=\"underline;\"><span style=\"small;\"><span style=\"Calibri;\">Espagnol<\/span><\/span><\/span><\/strong><\/p>\n<p class=\"MsoNormal\" style=\"0cm 0cm 10pt;\"><span style=\"Calibri;\">Espagne\u00a0: <\/span><\/p>\n<p class=\"MsoNormal\" style=\"0cm 0cm 10pt;\"><span style=\"Calibri;\">Juan Goytisolo re\u00e7oit le Prix National des Lettres<\/span><\/p>\n<p class=\"MsoNormal\" style=\"0cm 0cm 10pt;\"><span style=\"Calibri;\">Vu dans El Pais du 24\/11\/8<\/span><\/p>\n<p class=\"MsoNormal\" style=\"0cm 0cm 10pt;\"><a href=\"http:\/\/www.elpais.com\/articulo\/cultura\/autores\/honran\/deshonran\/premios\/elpepucul\/20081124elpepucul_1\/Tes\"><span style=\"Calibri;\">http:\/\/www.elpais.com\/articulo\/cultura\/autores\/honran\/deshonran\/premios\/elpepucul\/20081124elpepucul_1\/Tes<\/span><\/a><\/p>\n<p class=\"MsoNormal\" style=\"0cm 0cm 10pt;\"><span style=\"small;\"><span style=\"Calibri;\">Restauration du livre de Camillo Jos\u00e9 Cela que Picasso illustra en 1960\u00a0: <span style=\"italic;\">Gavilla de f\u00e1bulas sin amor<\/span><\/span><\/span><\/p>\n<p class=\"MsoNormal\" style=\"0cm 0cm 10pt;\"><a href=\"http:\/\/www.elpais.com\/articulo\/cultura\/Restaurado\/libro\/Cela\/ilustrado\/Picasso\/1960\/elpepucul\/20081124elpepucul_4\/Tes\"><span style=\"Calibri;\">http:\/\/www.elpais.com\/articulo\/cultura\/Restaurado\/libro\/Cela\/ilustrado\/Picasso\/1960\/elpepucul\/20081124elpepucul_4\/Tes<\/span><\/a><\/p>\n<p class=\"MsoNormal\" style=\"0cm 0cm 10pt;\"><span style=\"Calibri;\">Les onomatop\u00e9es dans le dessin anim\u00e9 en espagnol<\/span><\/p>\n<p class=\"MsoNormal\" style=\"0cm 0cm 10pt;\"><a href=\"http:\/\/www.elpais.com\/articulo\/cultura\/catacroc\/obra\/arte\/elpepucul\/20081124elpepicul_4\/Tes\"><span style=\"Calibri;\">http:\/\/www.elpais.com\/articulo\/cultura\/catacroc\/obra\/arte\/elpepucul\/20081124elpepicul_4\/Tes<\/span><\/a><\/p>\n<p class=\"MsoNormal\" style=\"0cm 0cm 10pt;\"><span style=\"Calibri;\">R\u00e9union \u00e0 Salamanque pour r\u00e9fl\u00e9chir au potentiel international de l\u2019espagnol(castillan)<\/span><\/p>\n<p class=\"MsoNormal\" style=\"0cm 0cm 10pt;\"><a href=\"http:\/\/www.elpais.com\/articulo\/cultura\/Invertir\/lengua\/espanola\/elpepucul\/20081124elpepucul_2\/Tes\"><span style=\"Calibri;\">http:\/\/www.elpais.com\/articulo\/cultura\/Invertir\/lengua\/espanola\/elpepucul\/20081124elpepucul_2\/Tes<\/span><\/a><\/p>\n<p class=\"MsoNormal\" style=\"0cm 0cm 10pt;\"><span style=\"Calibri;\">&#8212;&#8212;&#8212;&#8212;&#8212;&#8212;&#8212;&#8212;&#8212;&#8212;&#8212;&#8212;&#8212;&#8212;&#8212;&#8212;&#8212;&#8212;&#8212;&#8212;&#8212;&#8212;&#8212;&#8212;&#8212;&#8212;&#8212;&#8212;&#8212;&#8212;&#8212;&#8212;&#8212;&#8212;&#8212;&#8212;&#8212;&#8212;&#8212;&#8212;&#8212;<\/span><\/p>\n<p class=\"MsoNormal\" style=\"center;\" align=\"center\"><strong><span style=\"115%;\"><span style=\"Calibri;\">Veille Histoire-G\u00e9ographie<\/span><\/span><\/strong><\/p>\n<p class=\"MsoNormal\" style=\"center;\" align=\"center\"><strong><span style=\"underline;\"><span style=\"small;\"><span style=\"Calibri;\">Union europ\u00e9enne<\/span><\/span><\/span><\/strong><\/p>\n<p class=\"MsoNormal\" style=\"0cm 0cm 10pt;\"><span style=\"Calibri;\">Trait\u00e9 de Lisbonne\u00a0: on y est presque<\/span><\/p>\n<p class=\"MsoNormal\" style=\"0cm 0cm 10pt;\"><span style=\"Calibri;\">Vu dans \u00ab\u00a0Newsletter Territorial-<\/span><span style=\"&quot;Segoe UI&quot;,&quot;sans-serif&quot;;\"> <\/span><span style=\"small;\"><span style=\"FR;\"><span style=\"Calibri;\">[lettre-europe] Lettre d&rsquo;information du r\u00e9seau europe\u00a0\u00bb 185 &#8211; 24\/11\/2008<\/span><\/span><span style=\"FR;\">\u200f<\/span><\/span><\/p>\n<p class=\"MsoNormal\" style=\"0cm 0cm 10pt;\"><span style=\"Calibri;\">http:\/\/www.territorial.fr\/TPL_CODE\/TPL_NWL_ART_FICHE\/PAR_TPL_IDENTIFIANT\/23530\/868-lettre-europe.htm<\/span><\/p>\n<p class=\"MsoNormal\" style=\"0cm 0cm 10pt;\"><span style=\"Calibri;\">\u00a0<\/span><\/p>\n<p class=\"MsoNormal\" style=\"0cm 0cm 10pt;\"><span style=\"Calibri;\">Annuaire r\u00e9gional europ\u00e9en<\/span><\/p>\n<p class=\"MsoNormal\" style=\"0cm 0cm 10pt;\"><span style=\"Calibri;\">Vu dans \u00ab\u00a0Newsletter Territorial-<\/span><span style=\"&quot;Segoe UI&quot;,&quot;sans-serif&quot;;\"> <\/span><span style=\"small;\"><span style=\"FR;\"><span style=\"Calibri;\">[lettre-europe] Lettre d&rsquo;information du r\u00e9seau europe\u00a0\u00bb 185 &#8211; 24\/11\/2008<\/span><\/span><span style=\"FR;\">\u200f<\/span><\/span><\/p>\n<p class=\"MsoNormal\" style=\"0cm 0cm 10pt;\"><a href=\"http:\/\/epp.eurostat.ec.europa.eu\/cache\/ITY_OFFPUB\/KS-HA-08-001\/FR\/KS-HA-08-001-FR.PDF\"><span style=\"Calibri;\">http:\/\/epp.eurostat.ec.europa.eu\/cache\/ITY_OFFPUB\/KS-HA-08-001\/FR\/KS-HA-08-001-FR.PDF<\/span><\/a><\/p>\n<p class=\"MsoNormal\" style=\"0cm 0cm 10pt;\"><span style=\"Calibri;\">\u00a0<\/span><\/p>\n<p class=\"MsoNormal\" style=\"center;\" align=\"center\"><strong><span style=\"underline;\"><span style=\"small;\"><span style=\"Calibri;\">G\u00e9ographie<\/span><\/span><\/span><\/strong><\/p>\n<p class=\"MsoNormal\" style=\"0cm 0cm 10pt;\"><span style=\"Calibri;\">\u00a0<\/span><\/p>\n<p class=\"MsoNormal\" style=\"0cm 0cm 10pt;\"><span style=\"Calibri;\">La Ville de Paris adh\u00e8re au syndicat Paris M\u00e9tropole, soit plus de 8 millions d\u2019habitants, l\u2019\u00e9quivalent du Grand Londres, avec les villes de la petite couronne, les d\u00e9partements franciliens, et les villes nouvelles de la Grande Couronne<\/span><\/p>\n<p class=\"MsoNormal\" style=\"0cm 0cm 10pt;\"><span style=\"Calibri;\">Vu dans Le Monde du 26\/11\/8(paru le 25\/11\/8 PM)<\/span><\/p>\n<p class=\"MsoNormal\" style=\"0cm 0cm 10pt;\"><a href=\"http:\/\/www.lemonde.fr\/web\/depeches\/0,14-0,39-37701714@7-40,0.html\"><span style=\"Calibri;\">http:\/\/www.lemonde.fr\/web\/depeches\/0,14-0,39-37701714@7-40,0.html<\/span><\/a><\/p>\n<p class=\"MsoNormal\" style=\"center;\" align=\"center\"><strong><span style=\"underline;\"><span style=\"small;\"><span style=\"Calibri;\">Cartographie<\/span><\/span><\/span><\/strong><\/p>\n<p class=\"MsoNormal\" style=\"0cm 0cm 10pt;\"><span style=\"small;\"><span style=\"Calibri;\">L\u2019IGN s\u2019offre une cartographie des Alpes 3D haut de gamme. Un contrat avec<span style=\"yes;\">\u00a0 <\/span>l\u2019<span style=\"Arial;\">entreprise canadienne Intermap Technologies<\/span><\/span><\/span><\/p>\n<p class=\"MsoNormal\" style=\"0cm 0cm 10pt;\"><span style=\"Arial;\"><span style=\"small;\"><span style=\"Calibri;\">En D\u00e9cembre 2008 seront livr\u00e9es les donn\u00e9es g\u00e9ospatiales dans le cadre du programme NEXTMap<\/span><\/span><\/span><\/p>\n<p class=\"MsoNormal\" style=\"0cm 0cm 10pt;\"><span style=\"Arial;\"><span style=\"Calibri;\">L\u2019IGN b\u00e9n\u00e9ficiera ainsi de la premi\u00e8re cartographie num\u00e9rique coh\u00e9rente sur toute la France<\/span><\/span><\/p>\n<p class=\"MsoNormal\" style=\"0cm 0cm 10pt;\"><span style=\"Calibri;\">Vu dans JDN-Actu Eco du 25\/11\/8<\/span><\/p>\n<p class=\"MsoNormal\" style=\"0cm 0cm 10pt;\"><a href=\"http:\/\/www.journaldunet.com\/economie\/actualite\/depeche\/boursier\/24\/590477\/france_eco_l_ign_s_offre_une_cartographie_3d_haut_de_gamme_des_alpes_pour_1_m.shtml\"><span style=\"Calibri;\">http:\/\/www.journaldunet.com\/economie\/actualite\/depeche\/boursier\/24\/590477\/france_eco_l_ign_s_offre_une_cartographie_3d_haut_de_gamme_des_alpes_pour_1_m.shtml<\/span><\/a><\/p>\n<p class=\"MsoNormal\" style=\"0cm 0cm 10pt;\"><span style=\"Calibri;\">\u00a0<\/span><\/p>\n<p class=\"MsoNormal\" style=\"0cm 0cm 10pt;\"><span style=\"Calibri;\">La collecte de donn\u00e9es cartographie num\u00e9rique d\u2019Intermap (Mai 2008) en Europe<\/span><\/p>\n<p class=\"MsoNormal\" style=\"0cm 0cm 10pt;\"><span style=\"Calibri;\">http:\/\/www.sig-la-lettre.com\/?09-05-2008-Intermap-Technologies-acheve-sa-collecte-de-donnees-de-cartographie-numerique-3D-pour-l-Europe-et-la-France<\/span><\/p>\n<p class=\"MsoNormal\" style=\"0cm 0cm 10pt;\"><span style=\"Calibri;\">&#8212;&#8212;&#8212;&#8212;&#8212;&#8212;&#8212;&#8212;&#8212;&#8212;&#8212;&#8212;&#8212;&#8212;&#8212;&#8212;&#8212;&#8212;&#8212;&#8212;&#8212;&#8212;&#8212;&#8212;&#8212;&#8212;&#8212;&#8212;&#8212;&#8212;&#8212;&#8212;&#8212;&#8212;&#8212;&#8212;&#8212;&#8212;&#8212;&#8212;&#8212;&#8212;&#8211;<\/span><\/p>\n<p class=\"MsoNormal\" style=\"center;\" align=\"center\"><strong><span style=\"115%;\"><span style=\"Calibri;\">Veille Droit<\/span><\/span><\/strong><\/p>\n<p class=\"MsoNormal\" style=\"0cm 0cm 10pt;\"><span style=\"Calibri;\">\u00a0<\/span><\/p>\n<p class=\"MsoNormal\" style=\"0cm 0cm 10pt;\"><span style=\"Calibri;\">Le couple commune-intercommunalit\u00e9 ne fait pas toujours bon m\u00e9nage<\/span><\/p>\n<p class=\"MsoNormal\" style=\"0cm 0cm 10pt;\"><span style=\"small;\"><span style=\"Calibri;\">Vu dans \u00ab\u00a0Newsletter Territorial-<span style=\"'Segoe UI';\">[lettre-interco] Lettre d&rsquo;information du r\u00e9seauintercommunalit\u00e9\u00a0\u00bb 136 &#8211; 24\/11\/2008<\/span><\/span><span style=\"&quot;Segoe UI&quot;,&quot;sans-serif&quot;;\">\u200f<\/span><\/span><\/p>\n<p class=\"MsoNormal\" style=\"0cm 0cm 10pt;\"><a href=\"http:\/\/www.territorial.fr\/TPL_CODE\/TPL_NWL_ART_FICHE\/PAR_TPL_IDENTIFIANT\/23501\/872-lettre-interco.htm\"><span style=\"Calibri;\">http:\/\/www.territorial.fr\/TPL_CODE\/TPL_NWL_ART_FICHE\/PAR_TPL_IDENTIFIANT\/23501\/872-lettre-interco.htm<\/span><\/a><\/p>\n<p class=\"MsoNormal\" style=\"0cm 0cm 10pt;\"><span style=\"Calibri;\">\u00a0<\/span><\/p>\n<p class=\"MsoNormal\" style=\"center;\" align=\"center\"><strong><span style=\"underline;\"><span style=\"small;\"><span style=\"Calibri;\">Droit fiscal<\/span><\/span><\/span><\/strong><\/p>\n<p class=\"MsoNormal\" style=\"0cm 0cm 10pt;\"><span style=\"Calibri;\">Guide statistique de la fiscalit\u00e9 locale<\/span><\/p>\n<p class=\"MsoNormal\" style=\"0cm 0cm 10pt;\"><span style=\"small;\"><span style=\"Calibri;\">Vu dans \u00ab\u00a0Newsletter Territorial-<span style=\"'Segoe UI';\">[lettre-interco] Lettre d&rsquo;information du r\u00e9seauintercommunalit\u00e9\u00a0\u00bb 136 &#8211; 24\/11\/2008<\/span><\/span><span style=\"&quot;Segoe UI&quot;,&quot;sans-serif&quot;;\">\u200f<\/span><\/span><\/p>\n<p class=\"MsoNormal\" style=\"0cm 0cm 10pt;\"><a href=\"http:\/\/www.dgcl.interieur.gouv.fr\/\"><span style=\"Calibri;\">http:\/\/www.dgcl.interieur.gouv.fr\/<\/span><\/a><\/p>\n<p class=\"MsoNormal\" style=\"0cm 0cm 10pt;\"><span style=\"Calibri;\">\u00a0<\/span><\/p>\n<p class=\"MsoNormal\" style=\"0cm 0cm 10pt;\"><span style=\"Calibri;\">Rapport sur la r\u00e9forme 2006 de la taxe professionnelle<\/span><\/p>\n<p class=\"MsoNormal\" style=\"0cm 0cm 10pt;\"><span style=\"small;\"><span style=\"Calibri;\">Vu dans \u00ab\u00a0Newsletter Territorial-<span style=\"'Segoe UI';\">[lettre-interco] Lettre d&rsquo;information du r\u00e9seauintercommunalit\u00e9\u00a0\u00bb 136 &#8211; 24\/11\/2008<\/span><\/span><span style=\"&quot;Segoe UI&quot;,&quot;sans-serif&quot;;\">\u200f<\/span><\/span><\/p>\n<p class=\"MsoNormal\" style=\"0cm 0cm 10pt;\"><a href=\"http:\/\/www.territorial.fr\/TPL_CODE\/TPL_NWL_ART_FICHE\/PAR_TPL_IDENTIFIANT\/23500\/872-lettre-interco.htm\"><span style=\"Calibri;\">http:\/\/www.territorial.fr\/TPL_CODE\/TPL_NWL_ART_FICHE\/PAR_TPL_IDENTIFIANT\/23500\/872-lettre-interco.htm<\/span><\/a><\/p>\n<p class=\"MsoNormal\" style=\"0cm 0cm 10pt;\"><span style=\"Calibri;\">Plafonnement de la taxe professionnelle\u00a0: un dernier sursis<\/span><\/p>\n<p class=\"MsoNormal\" style=\"0cm 0cm 10pt;\"><a href=\"http:\/\/www.territorial.fr\/TPL_CODE\/TPL_NWL_ART_FICHE\/PAR_TPL_IDENTIFIANT\/23497\/872-lettre-interco.htm\"><span style=\"Calibri;\">http:\/\/www.territorial.fr\/TPL_CODE\/TPL_NWL_ART_FICHE\/PAR_TPL_IDENTIFIANT\/23497\/872-lettre-interco.htm<\/span><\/a><\/p>\n<p class=\"MsoNormal\" style=\"0cm 0cm 10pt;\"><span style=\"Calibri;\">\u00a0<\/span><\/p>\n<p class=\"MsoNormal\" style=\"center;\" align=\"center\"><strong><span style=\"underline;\"><span style=\"small;\"><span style=\"Calibri;\">Droit du travail<\/span><\/span><\/span><\/strong><\/p>\n<p class=\"MsoNormal\" style=\"0cm 0cm 10pt;\"><span style=\"Calibri;\">Harc\u00e8lement moral\u00a0: la Cour de Cassation prend le contr\u00f4le<\/span><\/p>\n<p class=\"MsoNormal\" style=\"0cm 0cm 10pt;\"><span style=\"Calibri;\">Vu dans JDN Management du 25\/11\/8<\/span><\/p>\n<p class=\"MsoNormal\" style=\"0cm 0cm 10pt;\"><a href=\"http:\/\/www.journaldunet.com\/management\/expert\/ressources-humaines\/33604\/harcelement-moral---la-cour-de-cassation-prend-le-controle.shtml\"><span style=\"Calibri;\">http:\/\/www.journaldunet.com\/management\/expert\/ressources-humaines\/33604\/harcelement-moral&#8212;la-cour-de-cassation-prend-le-controle.shtml<\/span><\/a><\/p>\n<p class=\"MsoNormal\" style=\"0cm 0cm 10pt;\"><span style=\"Calibri;\">\u00a0<\/span><\/p>\n<p class=\"MsoNormal\" style=\"0cm 0cm 10pt;\"><span style=\"Calibri;\">La m\u00e9diation\u00a0: se faire aider en cas de litige<\/span><\/p>\n<p class=\"MsoNormal\" style=\"0cm 0cm 10pt;\"><span style=\"Calibri;\">Vu sur France 5 Emploi du 25\/11\/8<\/span><\/p>\n<p class=\"MsoNormal\" style=\"0cm 0cm 10pt;\"><a href=\"http:\/\/emploi.france5.fr\/job\/carriere\/negocier-depart\/10042056-fr.php\"><span style=\"Calibri;\">http:\/\/emploi.france5.fr\/job\/carriere\/negocier-depart\/10042056-fr.php<\/span><\/a><\/p>\n<p class=\"MsoNormal\" style=\"0cm 0cm 10pt;\"><span style=\"Calibri;\">&#8212;&#8212;&#8212;&#8212;&#8212;&#8212;&#8212;&#8212;&#8212;&#8212;&#8212;&#8212;&#8212;&#8212;&#8212;&#8212;&#8212;&#8212;&#8212;&#8212;&#8212;&#8212;&#8212;&#8212;&#8212;&#8212;&#8212;&#8212;&#8212;&#8212;&#8212;&#8212;&#8212;&#8212;&#8212;&#8212;&#8212;&#8212;&#8212;&#8212;&#8212;&#8212;&#8211;<\/span><\/p>\n<p class=\"MsoNormal\" style=\"center;\" align=\"center\"><strong><span style=\"115%;\"><span style=\"Calibri;\">Veille Economie<\/span><\/span><\/strong><\/p>\n<p class=\"MsoNormal\" style=\"0cm 0cm 10pt;\"><span style=\"Calibri;\">\u00a0<\/span><\/p>\n<p class=\"MsoNormal\" style=\"0cm 0cm 10pt;\"><span style=\"Calibri;\">Bient\u00f4t No\u00ebl\u00a0: voici revenu le d\u00e9bat sur l\u2019industrie du jouet\u00a0!<\/span><\/p>\n<p class=\"MsoNormal\" style=\"0cm 0cm 10pt;\"><span style=\"Calibri;\">Vu sur France 5 Emploi le 25\/11\/8<\/span><\/p>\n<p class=\"MsoNormal\" style=\"0cm 0cm 10pt;\"><a href=\"http:\/\/www.france5.fr\/c-notre-affaire\/index-fr.php?page=emission&amp;emission=1165\"><span style=\"Calibri;\">http:\/\/www.france5.fr\/c-notre-affaire\/index-fr.php?page=emission&amp;emission=1165<\/span><\/a><\/p>\n<p class=\"MsoNormal\" style=\"0cm 0cm 10pt;\"><span style=\"Calibri;\">\u00a0<\/span><\/p>\n<p class=\"MsoNormal\" style=\"0cm 0cm 10pt;\"><span style=\"Calibri;\">Ouverture dominicale\u00a0: les grandes surfaces alimentaires exclues du projet de loi<\/span><\/p>\n<p class=\"MsoNormal\" style=\"0cm 0cm 10pt;\"><span style=\"Calibri;\">Vu dans les Echos-France du 25\/11\/8<\/span><\/p>\n<p class=\"MsoNormal\" style=\"0cm 0cm 10pt;\"><span style=\"Calibri;\">http:\/\/www.lesechos.fr\/info\/france\/300311903.htm?xtor=EPR-1083<\/span><\/p>\n<p class=\"MsoNormal\" style=\"0cm 0cm 10pt;\"><span style=\"Calibri;\">\u00a0<\/span><\/p>\n<p class=\"MsoNormal\" style=\"0cm 0cm 10pt;\"><span style=\"Calibri;\">Savoir utiliser le t\u00e9l\u00e9phone<\/span><\/p>\n<p class=\"MsoNormal\" style=\"0cm 0cm 10pt;\"><span style=\"Calibri;\">Vu sur France 5 Emploi le 25\/11\/8<\/span><\/p>\n<p class=\"MsoNormal\" style=\"0cm 0cm 10pt;\"><a href=\"http:\/\/www.france5.fr\/emploi-par-le-net\/page.php?id_rubrique=150&amp;id_mot=2\"><span style=\"Calibri;\">http:\/\/www.france5.fr\/emploi-par-le-net\/page.php?id_rubrique=150&amp;id_mot=2<\/span><\/a><\/p>\n<p class=\"MsoNormal\" style=\"0cm 0cm 10pt;\"><span style=\"Calibri;\">\u00a0<\/span><\/p>\n<p class=\"MsoNormal\" style=\"0cm 0cm 10pt;\"><span style=\"Calibri;\">L\u2019Observatoire de la parentalit\u00e9 en entreprise<\/span><\/p>\n<p class=\"MsoNormal\" style=\"0cm 0cm 10pt;\"><span style=\"Calibri;\">Vu sur France 5 Emploi le 25\/11\/8<\/span><\/p>\n<p class=\"MsoNormal\" style=\"0cm 0cm 10pt;\"><span style=\"Calibri;\">http:\/\/emploi.france5.fr\/tendances\/actu\/48932949-fr.php<\/span><\/p>\n<p class=\"MsoNormal\" style=\"0cm 0cm 10pt;\"><span style=\"Calibri;\">&#8212;&#8212;&#8212;&#8212;&#8212;&#8212;&#8212;&#8212;&#8212;&#8212;&#8212;&#8212;&#8212;&#8212;&#8212;&#8212;&#8212;&#8212;&#8212;&#8212;&#8212;&#8212;&#8212;&#8212;&#8212;&#8212;&#8212;&#8212;&#8212;&#8212;&#8212;&#8212;&#8212;&#8212;&#8212;&#8212;&#8212;&#8212;&#8212;&#8212;&#8212;&#8212;&#8212;<\/span><\/p>\n<p class=\"MsoNormal\" style=\"center;\" align=\"center\"><strong><span style=\"115%;\"><span style=\"Calibri;\">Veille Crise boursi\u00e8re<\/span><\/span><\/strong><\/p>\n<p class=\"MsoNormal\" style=\"0cm 0cm 10pt;\"><span style=\"Calibri;\">\u00a0<\/span><\/p>\n<p class=\"MsoNormal\" style=\"0cm 0cm 10pt;\"><span style=\"Calibri;\">Jos\u00e9 Manuel Barroso, pr\u00e9sident de la Commission europ\u00e9enne\u00a0: Nous pouvons stimuler la croissance par la voie budg\u00e9taire<\/span><\/p>\n<p class=\"MsoNormal\" style=\"0cm 0cm 10pt;\"><span style=\"Calibri;\">Vu dans 20 Minutes du 25\/11\/8<\/span><\/p>\n<p class=\"MsoNormal\" style=\"0cm 0cm 10pt;\"><a href=\"http:\/\/www.20minutes.fr\/article\/275020\/Monde-Jose-Manuel-Barroso-Nous-pouvons-stimuler-la-croissance-par-la-voie-budgetaire.php\"><span style=\"Calibri;\">http:\/\/www.20minutes.fr\/article\/275020\/Monde-Jose-Manuel-Barroso-Nous-pouvons-stimuler-la-croissance-par-la-voie-budgetaire.php<\/span><\/a><\/p>\n<p class=\"MsoNormal\" style=\"0cm 0cm 10pt;\"><span style=\"Calibri;\">\u00a0<\/span><\/p>\n<p class=\"MsoNormal\" style=\"0cm 0cm 10pt;\"><span style=\"Calibri;\">La Banque, bien public de la mondialisation, par Nicolas Baverez, \u00e9conomiste lib\u00e9ral et historien<\/span><\/p>\n<p class=\"MsoNormal\" style=\"0cm 0cm 10pt;\"><span style=\"Calibri;\">http:\/\/fr.wikipedia.org\/wiki\/Nicolas_Baverez<\/span><\/p>\n<p class=\"MsoNormal\" style=\"0cm 0cm 10pt;\"><span style=\"Calibri;\">Vu dans Le Monde du 26\/11\/8(paru le 25\/11\/8 PM)<\/span><\/p>\n<p class=\"MsoNormal\" style=\"0cm 0cm 10pt;\"><a href=\"http:\/\/www.lemonde.fr\/archives\/article\/2008\/11\/25\/la-banque-bien-public-de-la-mondialisation-par-nicolas-baverez_1122899_0.html\"><span style=\"Calibri;\">http:\/\/www.lemonde.fr\/archives\/article\/2008\/11\/25\/la-banque-bien-public-de-la-mondialisation-par-nicolas-baverez_1122899_0.html<\/span><\/a><\/p>\n<p class=\"MsoNormal\" style=\"0cm 0cm 10pt;\"><span style=\"Calibri;\">\u00a0<\/span><\/p>\n<p class=\"MsoNormal\" style=\"0cm 0cm 10pt;\"><span style=\"Calibri;\">Sarkozy annonce des mesures pour limiter le co\u00fbt social de la crise, comme le contrat de transition professionnelle<\/span><\/p>\n<p class=\"MsoNormal\" style=\"0cm 0cm 10pt;\"><span style=\"Calibri;\">Vu dans Les Echos-France du 25\/11\/8<\/span><\/p>\n<p class=\"MsoNormal\" style=\"0cm 0cm 10pt;\"><a href=\"http:\/\/www.lesechos.fr\/info\/france\/300311870.htm?xtor=EPR-1083\"><span style=\"Calibri;\">http:\/\/www.lesechos.fr\/info\/france\/300311870.htm?xtor=EPR-1083<\/span><\/a><\/p>\n<p class=\"MsoNormal\" style=\"0cm 0cm 10pt;\"><span style=\"Calibri;\">Le contrat de transition professionnnelle<\/span><\/p>\n<p class=\"MsoNormal\" style=\"0cm 0cm 10pt;\"><span style=\"Calibri;\">Vu sur France 5 Emploi le 25\/11\/8<\/span><\/p>\n<p class=\"MsoNormal\" style=\"0cm 0cm 10pt;\"><a href=\"http:\/\/www.france5.fr\/emploi-par-le-net\/page.php?id_rubrique=150&amp;id_mot=1\"><span style=\"Calibri;\">http:\/\/www.france5.fr\/emploi-par-le-net\/page.php?id_rubrique=150&amp;id_mot=1<\/span><\/a><\/p>\n<p class=\"MsoNormal\" style=\"0cm 0cm 10pt;\"><span style=\"Calibri;\">\u00a0<\/span><\/p>\n<p class=\"MsoNormal\" style=\"0cm 0cm 10pt;\"><span style=\"Calibri;\">Etats-Unis\u00a0: 800 milliards de dollars pour le cr\u00e9dit \u00e0 la consommation et l\u2019immobilier<\/span><\/p>\n<p class=\"MsoNormal\" style=\"0cm 0cm 10pt;\"><span style=\"Calibri;\">Vu dans JDN-Actu Eco du 25\/11\/8<\/span><\/p>\n<p class=\"MsoNormal\" style=\"0cm 0cm 10pt;\"><span style=\"Calibri;\">http:\/\/www.journaldunet.com\/economie\/actualite\/depeche\/afp\/24\/590689\/usa_800_milliards_de_dollars_pour_le_credit_a_la_consommation_et_l_immobilier.shtml<\/span><\/p>\n<p class=\"MsoNormal\" style=\"0cm 0cm 10pt;\"><span style=\"Calibri;\">&#8212;&#8212;&#8212;&#8212;&#8212;&#8212;&#8212;&#8212;&#8212;&#8212;&#8212;&#8212;&#8212;&#8212;&#8212;&#8212;&#8212;&#8212;&#8212;&#8212;&#8212;&#8212;&#8212;&#8212;&#8212;&#8212;&#8212;&#8212;&#8212;&#8212;&#8212;&#8212;&#8212;&#8212;&#8212;&#8212;&#8212;&#8212;&#8212;&#8212;&#8212;<\/span><\/p>\n<p class=\"MsoNormal\" style=\"center;\" align=\"center\"><strong><span style=\"115%;\"><span style=\"Calibri;\">Veille Sciences<\/span><\/span><\/strong><\/p>\n<p class=\"MsoNormal\" style=\"0cm 0cm 10pt;\"><span style=\"Calibri;\">\u00a0<\/span><\/p>\n<p class=\"MsoNormal\" style=\"0cm 0cm 10pt;\"><span style=\"Calibri;\">40% des jeunes montrent un int\u00e9r\u00eat pour la science, selon un sondage Gallup<\/span><\/p>\n<p class=\"MsoNormal\" style=\"0cm 0cm 10pt;\"><span style=\"Calibri;\">Vu dans Le Caf\u00e9 p\u00e9dagogique-L\u2019Expresso du 25\/11\/8<\/span><\/p>\n<p class=\"MsoNormal\" style=\"0cm 0cm 10pt;\"><a href=\"http:\/\/www.cafepedagogique.net\/lexpresso\/Pages\/2008\/11\/25112008Accueil.aspx\"><span style=\"Calibri;\">http:\/\/www.cafepedagogique.net\/lexpresso\/Pages\/2008\/11\/25112008Accueil.aspx<\/span><\/a><\/p>\n<p class=\"MsoNormal\" style=\"0cm 0cm 10pt;\"><span style=\"Calibri;\">\u00a0<\/span><\/p>\n<p class=\"MsoNormal\" style=\"0cm 0cm 10pt;\"><span style=\"Calibri;\">La ville europ\u00e9enne des Sciences au Grand Palais, qui a eu lieu du 14 au 16 Novembre 2008\u00a0: un voyage \u00e0 travers la recherche en Europe<\/span><\/p>\n<p class=\"MsoNormal\" style=\"0cm 0cm 10pt;\"><span style=\"Calibri;\">Vu dans JDN Science du 25\/11\/8<\/span><\/p>\n<p class=\"MsoNormal\" style=\"0cm 0cm 10pt;\"><span style=\"Calibri;\">http:\/\/www.journaldunet.com\/science\/magazine\/photo\/la-ville-europeenne-des-sciences-au-grand-palais\/l-europe-des-sciences-s-expose-au-grand-palais.shtml?f_id_newsletter=146<\/span><\/p>\n<p class=\"MsoNormal\" style=\"0cm 0cm 10pt;\"><span style=\"Calibri;\">\u00a0<\/span><\/p>\n<p class=\"MsoNormal\" style=\"0cm 0cm 10pt;\"><span style=\"Calibri;\">Les codes couleurs en \u00e9lectricit\u00e9<\/span><\/p>\n<p class=\"MsoNormal\" style=\"0cm 0cm 10pt;\"><span style=\"Calibri;\">Vu dans L\u2019Internaute-Bricolage du 25\/11\/8<\/span><\/p>\n<p class=\"MsoNormal\" style=\"0cm 0cm 10pt;\"><a href=\"http:\/\/www.linternaute.com\/bricolage\/pratique\/electricite\/1026\/les-codes-couleurs-en-electricite.html\"><span style=\"Calibri;\">http:\/\/www.linternaute.com\/bricolage\/pratique\/electricite\/1026\/les-codes-couleurs-en-electricite.html<\/span><\/a><\/p>\n<p class=\"MsoNormal\" style=\"0cm 0cm 10pt;\"><span style=\"Calibri;\">\u00a0<\/span><\/p>\n<p class=\"MsoNormal\" style=\"0cm 0cm 10pt;\"><span style=\"Calibri;\">Les saris tiss\u00e9s de B\u00e9nar\u00e8s<\/span><\/p>\n<p class=\"MsoNormal\" style=\"0cm 0cm 10pt;\"><span style=\"Calibri;\">Vu dans Le Monde du 26\/11\/8(paru le 25\/11\/8 PM)<\/span><\/p>\n<p class=\"MsoNormal\" style=\"0cm 0cm 10pt;\"><span style=\"Calibri;\">http:\/\/www.lemonde.fr\/aujourd-hui\/article\/2008\/11\/25\/la-deuxieme-vie-des-saris-tisses-d-or-de-benares_1122890_3238.html#ens_id=1111591<\/span><\/p>\n<p class=\"MsoNormal\" style=\"0cm 0cm 10pt;\"><span style=\"Calibri;\">\u00a0<\/span><\/p>\n<p class=\"MsoNormal\" style=\"0cm 0cm 10pt;\"><span style=\"Calibri;\">Les crops circles, dessins g\u00e9om\u00e9triques sculpt\u00e9s dans les champs\u00a0: une id\u00e9e d\u2019animation en math\u00e9matiques<\/span><\/p>\n<p class=\"MsoNormal\" style=\"0cm 0cm 10pt;\"><span style=\"Calibri;\">Vu dans JDN-Science du 25\/11\/8<\/span><\/p>\n<p class=\"MsoNormal\" style=\"0cm 0cm 10pt;\"><a href=\"http:\/\/www.journaldunet.com\/science\/magazine\/photo\/crops-circles-un-phenomene-bien-mysterieux\/crops-circles-un-phenomene-bien-mysterieux.shtml\"><span style=\"Calibri;\">http:\/\/www.journaldunet.com\/science\/magazine\/photo\/crops-circles-un-phenomene-bien-mysterieux\/crops-circles-un-phenomene-bien-mysterieux.shtml<\/span><\/a><\/p>\n<p class=\"MsoNormal\" style=\"0cm 0cm 10pt;\"><span style=\"Calibri;\">\u00a0<\/span><\/p>\n<p class=\"MsoNormal\" style=\"0cm 0cm 10pt;\"><span style=\"Calibri;\">Les cartes graphiques d\u2019une puissance de calcul d\u00e9passant le t\u00e9raflop<\/span><\/p>\n<p class=\"MsoNormal\" style=\"0cm 0cm 10pt;\"><span style=\"Calibri;\">Vu dans Net\u00e9co du 25\/11\/8<\/span><\/p>\n<p class=\"MsoNormal\" style=\"0cm 0cm 10pt;\"><span style=\"Calibri;\">http:\/\/www.neteco.com\/241888-eric-mahe-gpucamp-puissance-calcul-teraflop-veritable-rupture.html?xtor=EPR-1<\/span><\/p>\n<p class=\"MsoNormal\" style=\"0cm 0cm 10pt;\"><span style=\"Calibri;\">\u00a0<\/span><\/p>\n<p class=\"MsoNormal\" style=\"0cm 0cm 10pt;\"><span style=\"Calibri;\">15 Netbooks introduits en cours de SVT<\/span><\/p>\n<p class=\"MsoNormal\" style=\"0cm 0cm 10pt;\"><span style=\"Calibri;\">Vu dans Le Caf\u00e9 p\u00e9dagogique-L\u2019Expresso du 25\/11\/8<\/span><\/p>\n<p class=\"MsoNormal\" style=\"0cm 0cm 10pt;\"><a href=\"http:\/\/www.lavoixdunord.fr\/Locales\/Maubeuge\/actualite\/Autour_de_Maubeuge\/Le_Quercitain\/2008\/11\/23\/article_le-netbook-revolutionne-les-cours-des-co.shtml\"><span style=\"Calibri;\">http:\/\/www.lavoixdunord.fr\/Locales\/Maubeuge\/actualite\/Autour_de_Maubeuge\/Le_Quercitain\/2008\/11\/23\/article_le-netbook-revolutionne-les-cours-des-co.shtml<\/span><\/a><\/p>\n<p class=\"MsoNormal\" style=\"0cm 0cm 10pt;\"><span style=\"Calibri;\">\u00a0<\/span><\/p>\n<p class=\"MsoNormal\" style=\"0cm 0cm 10pt;\"><span style=\"Calibri;\">La micrographie\u00a0: examiner l\u2019invisible \u00e0 l\u2019\u0153il nu<\/span><\/p>\n<p class=\"MsoNormal\" style=\"0cm 0cm 10pt;\"><span style=\"Calibri;\">Vu dans JDN Science du 25\/11\/8<\/span><\/p>\n<p class=\"MsoNormal\" style=\"0cm 0cm 10pt;\"><a href=\"http:\/\/www.journaldunet.com\/science\/magazine\/photo\/immortaliser-l-invisible-a-l-oeil-nu\/immortaliser-l-invisible-a-l-oeil-nu.shtml?f_id_newsletter=146\"><span style=\"Calibri;\">http:\/\/www.journaldunet.com\/science\/magazine\/photo\/immortaliser-l-invisible-a-l-oeil-nu\/immortaliser-l-invisible-a-l-oeil-nu.shtml?f_id_newsletter=146<\/span><\/a><\/p>\n<p class=\"MsoNormal\" style=\"0cm 0cm 10pt;\"><span style=\"Calibri;\">\u00a0<\/span><\/p>\n<p class=\"MsoNormal\" style=\"0cm 0cm 10pt;\"><span style=\"Calibri;\">G\u00e9osciences\u00a0: mines \u00e0 ciel ouvert en B\u00e9arn<\/span><\/p>\n<p class=\"MsoNormal\" style=\"0cm 0cm 10pt;\"><span style=\"Calibri;\">Vu dans Sud-Ouest du 25\/11\/8<\/span><\/p>\n<p class=\"MsoNormal\" style=\"0cm 0cm 10pt;\"><span style=\"Calibri;\">http:\/\/www.sudouest.com\/bearn\/actualite\/article\/426328\/mil\/3668893.html<\/span><\/p>\n<p class=\"MsoNormal\" style=\"0cm 0cm 10pt;\"><span style=\"Calibri;\">&#8212;&#8212;&#8212;&#8212;&#8212;&#8212;&#8212;&#8212;&#8212;&#8212;&#8212;&#8212;&#8212;&#8212;&#8212;&#8212;&#8212;&#8212;&#8212;&#8212;&#8212;&#8212;&#8212;&#8212;&#8212;&#8212;&#8212;&#8212;&#8212;&#8212;&#8212;&#8212;&#8212;&#8212;&#8212;&#8212;&#8212;&#8212;&#8212;&#8212;&#8212;&#8212;<\/span><\/p>\n<p class=\"MsoNormal\" style=\"center;\" align=\"center\"><strong><span style=\"115%;\"><span style=\"Calibri;\">Veille Sant\u00e9<\/span><\/span><\/strong><\/p>\n<p class=\"MsoNormal\" style=\"0cm 0cm 10pt;\"><span style=\"Calibri;\">Exp\u00e9rimentations de d\u00e9pistage rapide du SIDA par l\u2019association AIDES<\/span><\/p>\n<p class=\"MsoNormal\" style=\"0cm 0cm 10pt;\"><span style=\"Calibri;\">Vu dans Le Monde du 26\/11\/8(paru le 25\/11\/8 PM)<\/span><\/p>\n<p class=\"MsoNormal\" style=\"0cm 0cm 10pt;\"><a href=\"http:\/\/www.lemonde.fr\/societe\/article\/2008\/11\/25\/experimentation-de-tests-de-depistage-rapide-du-sida_1122892_3224.html#ens_id=1117968\"><span style=\"Calibri;\">http:\/\/www.lemonde.fr\/societe\/article\/2008\/11\/25\/experimentation-de-tests-de-depistage-rapide-du-sida_1122892_3224.html#ens_id=1117968<\/span><\/a><\/p>\n<p class=\"MsoNormal\" style=\"0cm 0cm 10pt;\"><span style=\"Calibri;\">\u00a0<\/span><\/p>\n<p class=\"MsoNormal\" style=\"center;\" align=\"center\"><strong><span style=\"underline;\"><span style=\"Calibri;\">Sexualit\u00e9-Reproduction<\/span><\/span><\/strong><\/p>\n<p class=\"MsoNormal\" style=\"0cm 0cm 10pt;\"><span style=\"Calibri;\">Bio\u00e9thique<\/span><\/p>\n<p class=\"MsoNormal\" style=\"0cm 0cm 10pt;\"><span style=\"Calibri;\">Aide m\u00e9dicale \u00e0 la procr\u00e9ation\u00a0: vers un assouplissement de la loi<\/span><\/p>\n<p class=\"MsoNormal\" style=\"0cm 0cm 10pt;\"><span style=\"Calibri;\">Vu dans 20 Minutes(soir)du 24\/11\/8<\/span><\/p>\n<p class=\"MsoNormal\" style=\"0cm 0cm 10pt;\"><span style=\"Calibri;\">http:\/\/www.20minutes.fr\/article\/274994\/France-Aide-medicale-a-la-procreation-vers-un-assouplissement-de-la-loi.php<\/span><\/p>\n<p class=\"MsoNormal\" style=\"0cm 0cm 10pt;\"><span style=\"Calibri;\">\u00a0<\/span><\/p>\n<p class=\"MsoNormal\" style=\"0cm 0cm 10pt;\"><span style=\"Calibri;\">L\u2019invention du pr\u00e9servatif en 1880<\/span><\/p>\n<p class=\"MsoNormal\" style=\"0cm 0cm 10pt;\"><span style=\"Calibri;\">Vu dans JDN Science du 24\/11\/8<\/span><\/p>\n<p class=\"MsoNormal\" style=\"0cm 0cm 10pt;\"><a href=\"http:\/\/www.journaldunet.com\/science\/invention\/inventions\/556\/preservatif.shtml\"><span style=\"Calibri;\">http:\/\/www.journaldunet.com\/science\/invention\/inventions\/556\/preservatif.shtml<\/span><\/a><\/p>\n<p class=\"MsoNormal\" style=\"center;\" align=\"center\"><strong><span style=\"underline;\"><span style=\"small;\"><span style=\"Calibri;\">Psychologie de l\u2019enfant<\/span><\/span><\/span><\/strong><\/p>\n<p class=\"MsoNormal\" style=\"0cm 0cm 10pt;\"><span style=\"Calibri;\">Les \u00e9l\u00e8ves se comportent mieux que dans les ann\u00e9es 1970<\/span><\/p>\n<p class=\"MsoNormal\" style=\"0cm 0cm 10pt;\"><span style=\"Calibri;\">Vu sur BBC News du 24\/11\/8<\/span><\/p>\n<p class=\"MsoNormal\" style=\"0cm 0cm 10pt;\"><a href=\"http:\/\/news.bbc.co.uk\/2\/hi\/uk_news\/education\/7745772.stm\"><span style=\"Calibri;\">http:\/\/news.bbc.co.uk\/2\/hi\/uk_news\/education\/7745772.stm<\/span><\/a><\/p>\n<p class=\"MsoNormal\" style=\"0cm 0cm 10pt;\"><span style=\"Calibri;\">\u00a0<\/span><\/p>\n<p class=\"MsoNormal\" style=\"center;\" align=\"center\"><strong><span style=\"underline;\"><span style=\"small;\"><span style=\"Calibri;\">Fran\u00e7oise Dolto<\/span><\/span><\/span><\/strong><\/p>\n<p class=\"MsoNormal\" style=\"0cm 0cm 10pt;\"><span style=\"Calibri;\">Toujours Fran\u00e7oise Dolto, mais cette fois-ci sur le site de Gallimard Folio<\/span><\/p>\n<p class=\"MsoNormal\" style=\"0cm 0cm 10pt;\"><a href=\"http:\/\/www.folio-lesite.fr\/Folio\/actualite.action?idActu=115\"><span style=\"Calibri;\">http:\/\/www.folio-lesite.fr\/Folio\/actualite.action?idActu=115<\/span><\/a><\/p>\n<p class=\"MsoNormal\" style=\"0cm 0cm 10pt;\"><span style=\"Calibri;\">L\u2019Association des Archives et Documentation Fran\u00e7oise Dolto, et les Journ\u00e9es du Centenaire du 12 au 14\/12\/8<\/span><\/p>\n<p class=\"MsoNormal\" style=\"0cm 0cm 10pt;\"><a href=\"http:\/\/www.francoise-dolto.com\/\"><span style=\"Calibri;\">http:\/\/www.francoise-dolto.com\/<\/span><\/a><\/p>\n<p class=\"MsoNormal\" style=\"0cm 0cm 10pt;\"><span style=\"Calibri;\">Une \u00e9mission sur les Archives Dolto le 20\/11\/8 sur Arte<\/span><\/p>\n<p class=\"MsoNormal\" style=\"0cm 0cm 10pt;\"><a href=\"http:\/\/www.arte.tv\/fr\/accueil\/semaine\/244,broadcastingNum=928166,day=6,week=47,year=2008.html\"><span style=\"Calibri;\">http:\/\/www.arte.tv\/fr\/accueil\/semaine\/244,broadcastingNum=928166,day=6,week=47,year=2008.html<\/span><\/a><\/p>\n<p class=\"MsoNormal\" style=\"0cm 0cm 10pt;\"><span style=\"Calibri;\">3 \u00e9missions sur France 5<\/span><\/p>\n<p class=\"MsoNormal\" style=\"0cm 0cm 10pt;\"><a href=\"http:\/\/www.france5.fr\/programmes\/articles\/actu-societe\/1850-francoise-dolto-parle-de-.php\"><span style=\"Calibri;\">http:\/\/www.france5.fr\/programmes\/articles\/actu-societe\/1850-francoise-dolto-parle-de-.php<\/span><\/a><\/p>\n<p class=\"MsoNormal\" style=\"0cm 0cm 10pt;\"><span style=\"Calibri;\">&#8212;&#8212;&#8212;&#8212;&#8212;&#8212;&#8212;&#8212;&#8212;&#8212;&#8212;&#8212;&#8212;&#8212;&#8212;&#8212;&#8212;&#8212;&#8212;&#8212;&#8212;&#8212;&#8212;&#8212;&#8212;&#8212;&#8212;&#8212;&#8212;&#8212;&#8212;&#8212;&#8212;&#8212;&#8212;&#8212;&#8212;&#8212;&#8212;&#8212;&#8212;<\/span><\/p>\n<p class=\"MsoNormal\" style=\"0cm 0cm 10pt;\"><span style=\"Calibri;\">Cordialement, Christine Griset, cyberveilleuse<\/span><\/p>\n<p class=\"MsoNormal\" style=\"0cm 0cm 10pt;\"><span style=\"Calibri;\">\u00a0<\/span><\/p>\n<p class=\"MsoNormal\" style=\"0cm 0cm 10pt;\"><span style=\"Calibri;\">\u00a0<\/span><\/p>\n<p class=\"MsoNormal\" style=\"0cm 0cm 10pt;\"><span style=\"Calibri;\">\u00a0<\/span><\/p>\n","protected":false},"excerpt":{"rendered":"<p>Christine veille pour vous le 25 Novembre 2008 Au menu du jour\u00a0!\u00a0: &#8212;&#8212;&#8212;&#8212;&#8212;&#8212;&#8212;&#8212;&#8212;&#8212;&#8212;&#8212;&#8212;&#8212;&#8212;&#8212;&#8212;&#8212;&#8212;&#8212;&#8212;&#8212;&#8212;&#8212;&#8212;&#8212;&#8212;&#8212;&#8212;&#8212;&#8212;&#8212;&#8212;&#8212;&#8212;&#8212;&#8212;&#8212; Technologies Education Orientation Cin\u00e9ma Philosophie Litt\u00e9rature Lettres Litt\u00e9rature de jeunesse M\u00e9thodologie Langues \u00e9trang\u00e8res Histoire-G\u00e9ographie Droit Economie Crise boursi\u00e8re Sciences Sant\u00e9 &#8212;&#8212;&#8212;&#8212;&#8212;&#8212;&#8212;&#8212;&#8212;&#8212;&#8212;&#8212;&#8212;&#8212;&#8212;&#8212;&#8212;&#8212;&#8212;&#8212;&#8212;&#8212;&#8212;&#8212;&#8212;&#8212;&#8212;&#8212;&#8212;&#8212;&#8212;&#8212;&#8212;&#8212;&#8212;&#8212;&#8212;&#8212;&#8212;&#8212;&#8212;&#8211; Veille Technologies \u00a0 Wizzgo lance une p\u00e9tition pour d\u00e9fendre son mod\u00e8le \u00e9conomique Il souhaite que le droit \u00e0 la copie priv\u00e9e &hellip; <\/p>\n<p class=\"link-more\"><a href=\"http:\/\/www.culturedel.info\/cactusacide\/?p=700\" class=\"more-link\">Continuer la lecture<span class=\"screen-reader-text\"> de &laquo;&nbsp;Christine veille pour vous &#8211; le 25\/11\/8&nbsp;&raquo;<\/span><\/a><\/p>\n","protected":false},"author":13,"featured_media":0,"comment_status":"open","ping_status":"open","sticky":false,"template":"","format":"standard","meta":{"footnotes":""},"categories":[60],"tags":[778,2475,8115,713,1577,1535,8068,8103,3900,8100,8101,8114,556,8107,203,1265,83,423,2792,4824,8109,43,8089,8092,8086,8085,84,8074,8105,8078,1487,1762,1189,3845,6222,8073,5622,8094,8102,4258,4735,8108,7254,8071,1247,186,5235,3843,5613,29,291,721,6592,4610,234,308,8064,1000,1065,2965,158,892,7918,3498,7096,5673,45,8093,8077,2820,445,8076,882,3577,8069,1742,8056,8084,2630,1678,367,1208,932,1184,2937,6455,590,8113,7410,3526,8104,8090,8112,8096,1526,8080,609,8075,8050,8067,8095,1046,1072,1404,4592,2755,295,8061,6538,8111,1467,1478,8083,1089,3225,8091,8098,8087,711,8070,1992,8082,8079,7646,306,8099,416,8088,8081,1662,1014,3007,1571,2672,5619,342,4821,3925,8062,723,2491,2857,309,8106,149,362,933,8072,1384,8066,238,7001,114,740,6456,7599,352,1237,276,8110,8065,3901,995,8063,1872,7733,5236,3621,7255,330,508,8097,4920,178,1057,4827,727],"class_list":["post-700","post","type-post","status-publish","format-standard","hentry","category-veille","tag-3d","tag-agriculture","tag-aide-medicale-a-la-procreation","tag-allemagne","tag-alpes","tag-amenagement-du-temps-de-travail","tag-apec","tag-association-des-archives-et-documentation-francoise-dolto","tag-banque","tag-barroso-jose-manuel","tag-baverez-nicolas","tag-bearn","tag-belgique","tag-benares","tag-bioethique","tag-bourse","tag-bresil","tag-btp","tag-cadres","tag-calcul","tag-carte-graphique","tag-cartographie","tag-cartographie-des-alpes","tag-cartographie-numerique","tag-castillan","tag-cela-camillo-jose","tag-cinema","tag-clip-metier","tag-code-couleur","tag-collection-folio","tag-commission-europeenne","tag-commune","tag-communication","tag-comportement","tag-contrat-de-transition-professionnelle","tag-cordiste","tag-couleur","tag-cour-de-cassation","tag-credit-a-la-consommation","tag-crise-boursiere","tag-crise-financiere","tag-crop-circle","tag-cusset-catherine","tag-declarant-en-douane","tag-dematerialisation","tag-dessin-anime","tag-dimanche","tag-discipline","tag-dolto-francoise","tag-droit","tag-droit-du-travail","tag-droit-fiscal","tag-echange-europeen","tag-echange-international","tag-economie","tag-education","tag-education-de-base","tag-electricite","tag-espagne","tag-espagnol","tag-etats-unis","tag-ethnologie","tag-eurostat","tag-expatriation","tag-expose","tag-figure-geometrique","tag-finlande","tag-fiscalite-locale","tag-folio","tag-fonction-publique","tag-gallimard","tag-galllimard-folio","tag-geographie","tag-geologie","tag-geologue","tag-geometrie","tag-geosciences","tag-goytisolo-juan","tag-grand-palais","tag-grande-distribution","tag-harcelement-moral","tag-histoire","tag-ign","tag-ile-de-france","tag-immobilier","tag-impots-locaux","tag-inde","tag-infiniment-petit","tag-insertion","tag-intercommunalite","tag-interet-pour-un-metier","tag-intermap-technologies","tag-invisible","tag-jouet","tag-langues-etrangeres","tag-le-bestial-serviteur-du-pasteur-huuskonen","tag-lettres","tag-levi-strauss","tag-liberalisme","tag-linkdln","tag-litige","tag-litterature","tag-litterature-jeunesse","tag-magnetoscope","tag-materiau-souple","tag-mathematiques","tag-mediation","tag-methodes","tag-methodologie","tag-micrographie","tag-mine","tag-mobile","tag-moeyaert-bart","tag-mondialisation","tag-netbook","tag-nextmap","tag-observatoire-de-la-parentalite-en-entreprise","tag-onomatopee","tag-orientation","tag-orthodontiste","tag-orthographe","tag-ours","tag-paasilinna-arto","tag-para-medical","tag-parent","tag-parentalite","tag-paris","tag-paris-metropole","tag-pasteur","tag-philosophie","tag-physique","tag-picasso-pablo","tag-procreation-assistee","tag-programme-europeen","tag-psychanalyse","tag-psychologie","tag-psychologie-de-ladolescent","tag-psychologie-de-lenfant","tag-realite-augmentee","tag-recherche-scientifique","tag-recrutement","tag-reproduction","tag-sante","tag-sari","tag-sciences","tag-sexualite","tag-sig","tag-souffleur-de-verre","tag-stage-de-formation","tag-stagiaire","tag-statistiques","tag-structuralisme","tag-svt","tag-syndicat","tag-taxe-dhabitation","tag-taxe-professionnelle","tag-technologies","tag-telephone","tag-telephone-portable","tag-teraflop","tag-test-de-recrutement","tag-test-psychotechnique","tag-textile","tag-touteleurope","tag-traite-de-lisbonne","tag-travail-dominical","tag-travail-du-dimanche","tag-twilight","tag-un-brillant-avenir","tag-unesco","tag-union-europeenne","tag-utiliser-le-telephone","tag-verre","tag-video","tag-ville","tag-ville-europeenne-des-sciences","tag-wizzgo"],"_links":{"self":[{"href":"http:\/\/www.culturedel.info\/cactusacide\/index.php?rest_route=\/wp\/v2\/posts\/700","targetHints":{"allow":["GET"]}}],"collection":[{"href":"http:\/\/www.culturedel.info\/cactusacide\/index.php?rest_route=\/wp\/v2\/posts"}],"about":[{"href":"http:\/\/www.culturedel.info\/cactusacide\/index.php?rest_route=\/wp\/v2\/types\/post"}],"author":[{"embeddable":true,"href":"http:\/\/www.culturedel.info\/cactusacide\/index.php?rest_route=\/wp\/v2\/users\/13"}],"replies":[{"embeddable":true,"href":"http:\/\/www.culturedel.info\/cactusacide\/index.php?rest_route=%2Fwp%2Fv2%2Fcomments&post=700"}],"version-history":[{"count":2,"href":"http:\/\/www.culturedel.info\/cactusacide\/index.php?rest_route=\/wp\/v2\/posts\/700\/revisions"}],"predecessor-version":[{"id":702,"href":"http:\/\/www.culturedel.info\/cactusacide\/index.php?rest_route=\/wp\/v2\/posts\/700\/revisions\/702"}],"wp:attachment":[{"href":"http:\/\/www.culturedel.info\/cactusacide\/index.php?rest_route=%2Fwp%2Fv2%2Fmedia&parent=700"}],"wp:term":[{"taxonomy":"category","embeddable":true,"href":"http:\/\/www.culturedel.info\/cactusacide\/index.php?rest_route=%2Fwp%2Fv2%2Fcategories&post=700"},{"taxonomy":"post_tag","embeddable":true,"href":"http:\/\/www.culturedel.info\/cactusacide\/index.php?rest_route=%2Fwp%2Fv2%2Ftags&post=700"}],"curies":[{"name":"wp","href":"https:\/\/api.w.org\/{rel}","templated":true}]}}