{"id":716,"date":"2008-11-30T21:30:53","date_gmt":"2008-11-30T20:30:53","guid":{"rendered":"http:\/\/www.culturedel.info\/cactusacide\/?p=716"},"modified":"2008-11-30T21:30:54","modified_gmt":"2008-11-30T20:30:54","slug":"christine-veille-pour-vous-le-30118","status":"publish","type":"post","link":"http:\/\/www.culturedel.info\/cactusacide\/?p=716","title":{"rendered":"Christine veille pour vous &#8211; le 30\/11\/8"},"content":{"rendered":"<p class=\"MsoNormal\" style=\"center;\" align=\"center\"><strong><span style=\"115%;\"><span style=\"Calibri;\">Christine veille pour vous le 30 Novembre 2008<\/span><\/span><\/strong><\/p>\n<p class=\"MsoNormal\" style=\"center;\" align=\"center\"><strong><span style=\"115%;\"><span style=\"Calibri;\">Salon du Livre de Jeunesse de Montreuil J 5<\/span><\/span><\/strong><\/p>\n<p class=\"MsoNormal\" style=\"center;\" align=\"center\"><strong><span style=\"115%;\"><span style=\"Calibri;\">Au sommaire<\/span><\/span><\/strong><\/p>\n<p class=\"MsoNormal\" style=\"center;\" align=\"center\"><strong><span style=\"115%;\"><span style=\"Calibri;\">&#8212;&#8212;&#8212;&#8212;&#8212;&#8212;&#8212;&#8212;&#8212;&#8212;&#8212;&#8212;&#8212;&#8212;&#8212;&#8212;&#8212;&#8212;&#8212;&#8212;&#8212;&#8212;&#8212;&#8212;&#8212;&#8212;&#8212;&#8212;&#8212;&#8212;&#8212;&#8212;&#8212;&#8212;&#8212;&#8212;&#8212;&#8212;&#8212;&#8212;&#8212;&#8212;&#8212;<\/span><\/span><\/strong><\/p>\n<p class=\"MsoNormal\" style=\"center;\" align=\"center\"><strong><span style=\"115%;\"><span style=\"Calibri;\">Art<\/span><\/span><\/strong><\/p>\n<p class=\"MsoNormal\" style=\"center;\" align=\"center\"><strong><span style=\"115%;\"><span style=\"Calibri;\">Photographie<\/span><\/span><\/strong><\/p>\n<p class=\"MsoNormal\" style=\"center;\" align=\"center\"><strong><span style=\"115%;\"><span style=\"Calibri;\">Litt\u00e9rature<\/span><\/span><\/strong><\/p>\n<p class=\"MsoNormal\" style=\"center;\" align=\"center\"><strong><span style=\"115%;\"><span style=\"Calibri;\">Litt\u00e9rature de jeunesse<\/span><\/span><\/strong><\/p>\n<p class=\"MsoNormal\" style=\"center;\" align=\"center\"><strong><span style=\"115%;\"><span style=\"Calibri;\">Histoire-G\u00e9ographie<\/span><\/span><\/strong><\/p>\n<p class=\"MsoNormal\" style=\"center;\" align=\"center\"><strong><span style=\"115%;\"><span style=\"Calibri;\">Droit<\/span><\/span><\/strong><\/p>\n<p class=\"MsoNormal\" style=\"center;\" align=\"center\"><strong><span style=\"115%;\"><span style=\"Calibri;\">Crise boursi\u00e8re<\/span><\/span><\/strong><\/p>\n<p class=\"MsoNormal\" style=\"center;\" align=\"center\"><strong><span style=\"115%;\"><span style=\"Calibri;\">Sant\u00e9<\/span><\/span><\/strong><\/p>\n<p class=\"MsoNormal\" style=\"center;\" align=\"center\"><strong><span style=\"115%;\"><span style=\"Calibri;\">&#8212;&#8212;&#8212;&#8212;&#8212;&#8212;&#8212;&#8212;&#8212;&#8212;&#8212;&#8212;&#8212;&#8212;&#8212;&#8212;&#8212;&#8212;&#8212;&#8212;&#8212;&#8212;&#8212;&#8212;&#8212;&#8212;&#8212;&#8212;&#8212;&#8212;&#8212;&#8212;&#8212;&#8212;&#8212;&#8212;&#8212;&#8212;&#8212;&#8212;&#8212;&#8212;&#8212;&#8211;<\/span><\/span><\/strong><\/p>\n<p class=\"MsoNormal\" style=\"center;\" align=\"center\"><strong><span style=\"115%;\"><span style=\"Calibri;\">Veille Art<\/span><\/span><\/strong><\/p>\n<p class=\"MsoNormal\" style=\"0cm 0cm 10pt;\"><span style=\"Calibri;\">\u00a0<\/span><\/p>\n<p class=\"MsoNormal\" style=\"justify;\"><span style=\"small;\"><span style=\"Calibri;\">Patrimoine\u00a0: le Val d\u2019Oise se mobilise pour les peintres impressionnistes qui ont fait sa renomm\u00e9e\u00a0: <span style=\"Arial;\">Claude Monet, Camille Pissarro(Mus\u00e9e Pissarro \u00e0 Pontoise), Edouard Manet,<span style=\"yes;\">\u00a0 <\/span>Auguste Renoir, Van Gogh(m\u00eame si son \u0153uvre n\u2019est pas seulement impressionniste. Aussi le d\u00e9put\u00e9 d\u2019Argenteuil milite-t-il pour obtenir le classement de ces paysages impressionnistes au Patrimoine de l\u2019UNESCO. A Auvers-sur-Oise, les habitants mettent aussi en avant les impressionnistes pour emp\u00eacher la cr\u00e9ation d\u2019un port(avec son risque de pollution) dans la commune voisine de Saint-Ouen l\u2019Aum\u00f4ne<\/span><\/span><\/span><\/p>\n<p class=\"MsoNormal\" style=\"0cm 0cm 10pt;\"><span style=\"Calibri;\">Vu dans Le Parisien du 30\/11\/8<\/span><\/p>\n<p class=\"MsoNormal\" style=\"0cm 0cm 10pt;\"><a href=\"http:\/\/www.leparisien.fr\/val-d-oise-95\/mobilisation-pour-les-peintres-impressionnistes-29-11-2008-325969.php\"><span style=\"Calibri;\">http:\/\/www.leparisien.fr\/val-d-oise-95\/mobilisation-pour-les-peintres-impressionnistes-29-11-2008-325969.php<\/span><\/a><\/p>\n<p class=\"MsoNormal\" style=\"0cm 0cm 10pt;\"><span style=\"Calibri;\">\u00a0<\/span><\/p>\n<p class=\"MsoNormal\" style=\"0cm 0cm 10pt;\"><span style=\"Calibri;\">Pour en savoir plus\u2026<\/span><\/p>\n<p class=\"MsoNormal\" style=\"0cm 0cm 10pt;\"><span style=\"Calibri;\">\u00a0<\/span><\/p>\n<p class=\"MsoNormal\" style=\"0cm 0cm 10pt;\"><span style=\"Calibri;\">Le site du conseil g\u00e9n\u00e9ral du Val d\u2019Oise<\/span><\/p>\n<p class=\"MsoNormal\" style=\"0cm 0cm 10pt;\"><span style=\"Calibri;\">Le parcours des peintres impressionnistes<\/span><\/p>\n<p class=\"MsoNormal\" style=\"0cm 0cm 10pt;\"><a href=\"http:\/\/www.val-doise-tourisme.com\/pages.php?choixid=714&amp;memocategorie=7\"><span style=\"Calibri;\">http:\/\/www.val-doise-tourisme.com\/pages.php?choixid=714&amp;memocategorie=7<\/span><\/a><\/p>\n<p class=\"MsoNormal\" style=\"0cm 0cm 10pt;\"><span style=\"Calibri;\">Pissarro \u00e0 Pontoise<\/span><\/p>\n<p class=\"MsoNormal\" style=\"0cm 0cm 10pt;\"><a href=\"http:\/\/www.val-doise-tourisme.com\/pages.php?choixid=405&amp;memocategorie=7\"><span style=\"Calibri;\">http:\/\/www.val-doise-tourisme.com\/pages.php?choixid=405&amp;memocategorie=7<\/span><\/a><\/p>\n<p class=\"MsoNormal\" style=\"0cm 0cm 10pt;\"><span style=\"Calibri;\">Sur les pas de Van Gogh et de C\u00e9zanne<\/span><\/p>\n<p class=\"MsoNormal\" style=\"0cm 0cm 10pt;\"><a href=\"http:\/\/www.val-doise-tourisme.com\/pages.php?choixid=8&amp;memocategorie=7\"><span style=\"Calibri;\">http:\/\/www.val-doise-tourisme.com\/pages.php?choixid=8&amp;memocategorie=7<\/span><\/a><\/p>\n<p class=\"MsoNormal\" style=\"0cm 0cm 10pt;\"><span style=\"Calibri;\">&#8212;&#8212;&#8212;&#8212;&#8212;&#8212;&#8212;&#8212;&#8212;&#8212;&#8212;&#8212;&#8212;&#8212;&#8212;&#8212;&#8212;&#8212;&#8212;&#8212;&#8212;&#8212;&#8212;&#8212;&#8212;&#8212;&#8212;&#8212;&#8212;&#8212;&#8212;&#8212;&#8212;&#8212;&#8212;&#8212;&#8212;&#8212;&#8212;&#8212;-<\/span><\/p>\n<p class=\"MsoNormal\" style=\"center;\" align=\"center\"><strong><span style=\"115%;\"><span style=\"Calibri;\">Veille Photographie<\/span><\/span><\/strong><\/p>\n<p class=\"MsoNormal\" style=\"0cm 0cm 10pt;\"><span style=\"Calibri;\">\u00a0<\/span><\/p>\n<p class=\"MsoNormal\" style=\"0cm 0cm 10pt;\"><span style=\"Calibri;\">156 in\u00e9dits de Robert Doisneau en Alsace<\/span><\/p>\n<p class=\"MsoNormal\" style=\"0cm 0cm 10pt;\"><span style=\"Calibri;\">Vu dans Le Figaro du 30\/11\/8<\/span><\/p>\n<p class=\"MsoNormal\" style=\"0cm 0cm 10pt;\"><span style=\"Calibri;\">http:\/\/www.lefigaro.fr\/culture\/2008\/11\/29\/03004-20081129ARTFIG00124&#8211;inedits-de-robert-doisneau-en-alsace-.php<\/span><\/p>\n<p class=\"MsoNormal\" style=\"0cm 0cm 10pt;\"><span style=\"Calibri;\">&#8212;&#8212;&#8212;&#8212;&#8212;&#8212;&#8212;&#8212;&#8212;&#8212;&#8212;&#8212;&#8212;&#8212;&#8212;&#8212;&#8212;&#8212;&#8212;&#8212;&#8212;&#8212;&#8212;&#8212;&#8212;&#8212;&#8212;&#8212;&#8212;&#8212;&#8212;&#8212;&#8212;&#8212;&#8212;&#8212;&#8212;&#8212;&#8212;&#8212;&#8212;<\/span><\/p>\n<p class=\"MsoNormal\" style=\"center;\" align=\"center\"><strong><span style=\"115%;\"><span style=\"Calibri;\">Veille Litt\u00e9rature<\/span><\/span><\/strong><\/p>\n<p class=\"MsoNormal\" style=\"0cm 0cm 10pt;\"><span style=\"Calibri;\">\u00a0<\/span><\/p>\n<p class=\"MsoNormal\" style=\"0cm 0cm 10pt;\"><span style=\"Calibri;\">Mort de la romanci\u00e8re B\u00e9atrix Beck, prix Goncourt 1952, auteur de L\u00e9on Morin Pr\u00eatre(adapt\u00e9 par Jean-Pierre Melville <span style=\"yes;\">\u00a0<\/span>avec Jean-Paul Belmondo et Emmanuelle Riva)<\/span><\/p>\n<p class=\"MsoNormal\" style=\"0cm 0cm 10pt;\"><span style=\"Calibri;\">Vu dans Le Parisien du 30\/11\/8<\/span><\/p>\n<p class=\"MsoNormal\" style=\"0cm 0cm 10pt;\"><a href=\"http:\/\/www.leparisien.fr\/loisirs-et-spectacles\/mort-de-l-ecrivain-beatrix-beck-prix-goncourt-1952-30-11-2008-327049.php\"><span style=\"Calibri;\">http:\/\/www.leparisien.fr\/loisirs-et-spectacles\/mort-de-l-ecrivain-beatrix-beck-prix-goncourt-1952-30-11-2008-327049.php<\/span><\/a><\/p>\n<p class=\"MsoNormal\" style=\"0cm 0cm 10pt;\"><span style=\"Calibri;\">&#8212;&#8212;&#8212;&#8212;&#8212;&#8212;&#8212;&#8212;&#8212;&#8212;&#8212;&#8212;&#8212;&#8212;&#8212;&#8212;&#8212;&#8212;&#8212;&#8212;&#8212;&#8212;&#8212;&#8212;&#8212;&#8212;&#8212;&#8212;&#8212;&#8212;&#8212;&#8212;&#8212;&#8212;&#8212;&#8212;&#8212;&#8212;&#8212;&#8212;&#8212;<\/span><\/p>\n<p class=\"MsoNormal\" style=\"center;\" align=\"center\"><strong><span style=\"115%;\"><span style=\"Calibri;\">Veille Litt\u00e9rature de jeunesse<\/span><\/span><\/strong><\/p>\n<p class=\"MsoNormal\" style=\"0cm 0cm 10pt;\"><span style=\"Calibri;\">\u00a0<\/span><\/p>\n<p class=\"MsoNormal\" style=\"0cm 0cm 10pt;\"><span style=\"Calibri;\">Un roman fantastique<\/span><\/p>\n<p class=\"MsoNormal\" style=\"0cm 0cm 10pt;\"><span style=\"Calibri;\">Lacombe Benjamin, Perez S\u00e9bastien.- G\u00e9n\u00e9alogie d\u2019une sorci\u00e8re.- Seuil<\/span><\/p>\n<p class=\"MsoNormal\" style=\"0cm 0cm 10pt;\"><span style=\"Calibri;\">Dans le grenier de sa grand-m\u00e8re, Lisbeth tombe sur un livre bizarre\u00a0: une g\u00e9n\u00e9alogie de sorci\u00e8res dont sa grand-m\u00e8re ferait partie\u2026<\/span><\/p>\n<p class=\"MsoNormal\" style=\"0cm 0cm 10pt;\"><span style=\"Calibri;\">Vu dans La Lettre EVENE du 30\/11\/8<\/span><\/p>\n<p class=\"MsoNormal\" style=\"0cm 0cm 10pt;\"><a href=\"http:\/\/www.evene.fr\/livres\/livre\/benjamin-lacombe-et-sebastien-perez-genealogie-d-une-sorciere-37913.php\"><span style=\"Calibri;\">http:\/\/www.evene.fr\/livres\/livre\/benjamin-lacombe-et-sebastien-perez-genealogie-d-une-sorciere-37913.php<\/span><\/a><\/p>\n<p class=\"MsoNormal\" style=\"0cm 0cm 10pt;\"><span style=\"Calibri;\">\u00a0<\/span><\/p>\n<p class=\"MsoNormal\" style=\"center;\" align=\"center\"><strong><span style=\"underline;\"><span style=\"small;\"><span style=\"Calibri;\">Salon de Jeunesse du Livre de Montreuil\u00a0: J5<\/span><\/span><\/span><\/strong><\/p>\n<p class=\"MsoNormal\" style=\"center;\" align=\"center\"><strong><span style=\"underline;\"><span style=\"small;\"><span style=\"Calibri;\">Encore un jour de salon<\/span><\/span><\/span><\/strong><\/p>\n<p class=\"MsoNormal\" style=\"0cm 0cm 10pt;\"><span style=\"Calibri;\">\u00a0<\/span><\/p>\n<p class=\"MsoNormal\" style=\"0cm 0cm 10pt;\"><span style=\"Calibri;\">Le programme des rencontres professionnelles<\/span><\/p>\n<p class=\"MsoNormal\" style=\"0cm 0cm 10pt;\"><a href=\"http:\/\/www.salon-livre-presse-jeunesse.net\/pdf\/encart_pros.pdf\"><span style=\"Calibri;\">http:\/\/www.salon-livre-presse-jeunesse.net\/pdf\/encart_pros.pdf<\/span><\/a><\/p>\n<p class=\"MsoNormal\" style=\"0cm 0cm 10pt;\"><span style=\"Calibri;\">\u00a0<\/span><\/p>\n<p class=\"MsoNormal\" style=\"0cm 0cm 10pt;\"><span style=\"Calibri;\">Au programme du jour\u00a0: <\/span><\/p>\n<p class=\"MsoNormal\" style=\"0cm 0cm 10pt;\"><span style=\"Calibri;\">Les dessous de l\u2019exposition BNF Harry Potter<\/span><\/p>\n<p class=\"MsoNormal\" style=\"0cm 0cm 10pt;\"><span style=\"Calibri;\">http:\/\/www.bnf.fr\/pages\/cultpubl\/exposition_893.htm<\/span><\/p>\n<p class=\"MsoNormal\" style=\"0cm 0cm 10pt;\"><a href=\"http:\/\/blog.bnf.fr\/\"><span style=\"Calibri;\">http:\/\/blog.bnf.fr\/<\/span><\/a><\/p>\n<p class=\"MsoNormal\" style=\"0cm 0cm 10pt;\"><span style=\"Calibri;\">L\u2019exposition virtuelle Babar, Harry Potter &amp; Cie<\/span><\/p>\n<p class=\"MsoNormal\" style=\"0cm 0cm 10pt;\"><span style=\"Calibri;\">http:\/\/expositions.bnf.fr\/livres-enfants\/index2.htm<\/span><\/p>\n<p class=\"MsoNormal\" style=\"0cm 0cm 10pt;\"><span style=\"Calibri;\">\u00a0<\/span><\/p>\n<p class=\"MsoNormal\" style=\"0cm 0cm 10pt;\"><span style=\"Calibri;\">La BD, le manga<\/span><\/p>\n<p class=\"MsoNormal\" style=\"0cm 0cm 10pt;\"><span style=\"Calibri;\">La litt\u00e9rature pour adolescents<\/span><\/p>\n<p class=\"MsoNormal\" style=\"0cm 0cm 10pt;\"><span style=\"Calibri;\">Le documentaire<\/span><\/p>\n<p class=\"MsoNormal\" style=\"0cm 0cm 10pt;\"><span style=\"Calibri;\">La Fantasy, Bottero<\/span><\/p>\n<p class=\"MsoNormal\" style=\"0cm 0cm 10pt;\"><span style=\"Calibri;\">&#8212;&#8212;&#8212;&#8212;&#8212;&#8212;&#8212;&#8212;&#8212;&#8212;&#8212;&#8212;&#8212;&#8212;&#8212;&#8212;&#8212;&#8212;&#8212;&#8212;&#8212;&#8212;&#8212;&#8212;&#8212;&#8212;&#8212;&#8212;&#8212;&#8212;&#8212;&#8212;&#8212;&#8212;&#8212;&#8212;&#8212;&#8212;&#8212;&#8212;&#8212;&#8212;&#8211;<\/span><\/p>\n<p class=\"MsoNormal\" style=\"center;\" align=\"center\"><strong><span style=\"115%;\"><span style=\"Calibri;\">Veille Histoire-G\u00e9ographie<\/span><\/span><\/strong><\/p>\n<p class=\"MsoNormal\" style=\"0cm 0cm 10pt;\"><span style=\"Calibri;\">Hillary Clinton serait bien nomm\u00e9e lundi 1<sup>er <\/sup>D\u00e9cembre 2008 Secr\u00e9taire d\u2019Etat(aux Affaires Etrang\u00e8res)<\/span><\/p>\n<p class=\"MsoNormal\" style=\"0cm 0cm 10pt;\"><span style=\"Calibri;\">Vu dans Le Parisien du 30\/11\/8<\/span><\/p>\n<p class=\"MsoNormal\" style=\"0cm 0cm 10pt;\"><a href=\"http:\/\/www.leparisien.fr\/international\/hillary-clinton-serait-bien-nommee-secretaire-d-etat-30-11-2008-327044.php\"><span style=\"Calibri;\">http:\/\/www.leparisien.fr\/international\/hillary-clinton-serait-bien-nommee-secretaire-d-etat-30-11-2008-327044.php<\/span><\/a><\/p>\n<p class=\"MsoNormal\" style=\"0cm 0cm 10pt;\"><span style=\"Calibri;\">&#8212;&#8212;&#8212;&#8212;&#8212;&#8212;&#8212;&#8212;&#8212;&#8212;&#8212;&#8212;&#8212;&#8212;&#8212;&#8212;&#8212;&#8212;&#8212;&#8212;&#8212;&#8212;&#8212;&#8212;&#8212;&#8212;&#8212;&#8212;&#8212;&#8212;&#8212;&#8212;&#8212;&#8212;&#8212;&#8212;&#8212;&#8212;&#8212;&#8212;&#8212;-<\/span><\/p>\n<p class=\"MsoNormal\" style=\"center;\" align=\"center\"><strong><span style=\"115%;\"><span style=\"Calibri;\">Veille Droit<\/span><\/span><\/strong><\/p>\n<p class=\"MsoNormal\" style=\"0cm 0cm 10pt;\"><span style=\"Calibri;\">\u00a0<\/span><\/p>\n<p class=\"MsoNormal\" style=\"0cm 0cm 10pt;\"><span style=\"Calibri;\">Projet de nouvelle l\u00e9gislation sur la justice des mineurs\u00a0:<\/span><\/p>\n<p class=\"MsoNormal\" style=\"0cm 0cm 10pt;\"><span style=\"small;\"><span style=\"Calibri;\"><span style=\"yes;\">\u00a0<\/span>&#8211; cr\u00e9ation d\u2019un tribunal correctionnel pour mineurs<\/span><\/span><\/p>\n<p class=\"MsoNormal\" style=\"0cm 0cm 10pt;\"><span style=\"Calibri;\">&#8211; <span style=\"yes;\">\u00a0<\/span>\u00e2ge de la responsabilit\u00e9 p\u00e9nale fix\u00e9 \u00e0 12 ans<\/span><\/p>\n<p class=\"MsoNormal\" style=\"0cm 0cm 10pt;\"><span style=\"Calibri;\">Vu dans Le Figaro du 30\/11\/8<\/span><\/p>\n<p class=\"MsoNormal\" style=\"0cm 0cm 10pt;\"><a href=\"http:\/\/www.lefigaro.fr\/lefigaromagazine\/2008\/11\/28\/01006-20081128ARTFIG00274-ce-qui-va-changer-pour-la-justice-des-mineurs-.php\"><span style=\"Calibri;\">http:\/\/www.lefigaro.fr\/lefigaromagazine\/2008\/11\/28\/01006-20081128ARTFIG00274-ce-qui-va-changer-pour-la-justice-des-mineurs-.php<\/span><\/a><\/p>\n<p class=\"MsoNormal\" style=\"0cm 0cm 10pt;\"><span style=\"Calibri;\">\u00a0<\/span><\/p>\n<p class=\"MsoNormal\" style=\"0cm 0cm 10pt;\"><span style=\"Calibri;\">Dans les familles recompos\u00e9es, on va vers un statut de beau-parent<\/span><\/p>\n<p class=\"MsoNormal\" style=\"0cm 0cm 10pt;\"><span style=\"Calibri;\">Vu dans Le Figaro du 30\/11\/8<\/span><\/p>\n<p class=\"MsoNormal\" style=\"0cm 0cm 10pt;\"><span style=\"Calibri;\">http:\/\/www.lefigaro.fr\/actualite-france\/2008\/11\/29\/01016-20081129ARTFIG00091-familles-recomposees-vers-un-statut-du-beau-parent-.php<\/span><\/p>\n<p class=\"MsoNormal\" style=\"0cm 0cm 10pt;\"><span style=\"Calibri;\">&#8212;&#8212;&#8212;&#8212;&#8212;&#8212;&#8212;&#8212;&#8212;&#8212;&#8212;&#8212;&#8212;&#8212;&#8212;&#8212;&#8212;&#8212;&#8212;&#8212;&#8212;&#8212;&#8212;&#8212;&#8212;&#8212;&#8212;&#8212;&#8212;&#8212;&#8212;&#8212;&#8212;&#8212;&#8212;&#8212;&#8212;&#8212;&#8212;&#8212;&#8212;- <\/span><\/p>\n<p class=\"MsoNormal\" style=\"center;\" align=\"center\"><strong><span style=\"115%;\"><span style=\"Calibri;\">Veille Crise boursi\u00e8re<\/span><\/span><\/strong><\/p>\n<p class=\"MsoNormal\" style=\"0cm 0cm 10pt;\"><span style=\"Calibri;\">\u00a0<\/span><\/p>\n<p class=\"MsoNormal\" style=\"0cm 0cm 10pt;\"><span style=\"Calibri;\">La carte de la crise automobile<\/span><\/p>\n<p class=\"MsoNormal\" style=\"0cm 0cm 10pt;\"><span style=\"Calibri;\">Un post transmis par Alain Caraco du SCD de Savoie, pr\u00e9sident de l\u2019ADBGV<\/span><\/p>\n<p class=\"MsoNormal\" style=\"0cm 0cm 10pt;\"><span style=\"Calibri;\">http:\/\/carfree.free.fr\/index.php\/2008\/11\/28\/carte-de-la-crise-automobile\/<\/span><\/p>\n<p class=\"MsoNormal\" style=\"0cm 0cm 10pt;\"><span style=\"Calibri;\">\u00a0<\/span><\/p>\n<p class=\"MsoNormal\" style=\"0cm 0cm 10pt;\"><span style=\"Calibri;\">L\u2019immobilier haut de gamme r\u00e9siste \u00e0 la crise<\/span><\/p>\n<p class=\"MsoNormal\" style=\"0cm 0cm 10pt;\"><span style=\"Calibri;\">Vu dans Le Parisien du 30\/11\/8<\/span><\/p>\n<p class=\"MsoNormal\" style=\"0cm 0cm 10pt;\"><a href=\"http:\/\/www.leparisien.fr\/economie\/l-immobilier-haut-de-gamme-resiste-a-la-crise-30-11-2008-326761.php\"><span style=\"Calibri;\">http:\/\/www.leparisien.fr\/economie\/l-immobilier-haut-de-gamme-resiste-a-la-crise-30-11-2008-326761.php<\/span><\/a><\/p>\n<p class=\"MsoNormal\" style=\"0cm 0cm 10pt;\"><span style=\"Calibri;\">\u00a0<\/span><\/p>\n<p class=\"MsoNormal\" style=\"0cm 0cm 10pt;\"><span style=\"Calibri;\">Les Japonais, inquiets, ne consomment plus. Le Japon entre en r\u00e9cession<\/span><\/p>\n<p class=\"MsoNormal\" style=\"0cm 0cm 10pt;\"><span style=\"Calibri;\">Vu dans Le Figaro du 30\/11\/8<\/span><\/p>\n<p class=\"MsoNormal\" style=\"0cm 0cm 10pt;\"><a href=\"http:\/\/www.lefigaro.fr\/economie\/2008\/11\/29\/04001-20081129ARTFIG00102-inquiets-les-japonais-ne-consomment-plus-.php\"><span style=\"Calibri;\">http:\/\/www.lefigaro.fr\/economie\/2008\/11\/29\/04001-20081129ARTFIG00102-inquiets-les-japonais-ne-consomment-plus-.php<\/span><\/a><\/p>\n<p class=\"MsoNormal\" style=\"0cm 0cm 10pt;\"><span style=\"Calibri;\">&#8212;&#8212;&#8212;&#8212;&#8212;&#8212;&#8212;&#8212;&#8212;&#8212;&#8212;&#8212;&#8212;&#8212;&#8212;&#8212;&#8212;&#8212;&#8212;&#8212;&#8212;&#8212;&#8212;&#8212;&#8212;&#8212;&#8212;&#8212;&#8212;&#8212;&#8212;&#8212;&#8212;&#8212;&#8212;&#8212;&#8212;&#8212;&#8212;&#8212;&#8212;&#8212;&#8211;<\/span><\/p>\n<p class=\"MsoNormal\" style=\"center;\" align=\"center\"><strong><span style=\"115%;\"><span style=\"Calibri;\">Veille Sant\u00e9<\/span><\/span><\/strong><\/p>\n<p class=\"MsoNormal\" style=\"0cm 0cm 10pt;\"><span style=\"Calibri;\">\u00a0<\/span><\/p>\n<p class=\"MsoNormal\" style=\"0cm 0cm 10pt;\"><span style=\"Calibri;\">Pol\u00e9mique sur les proth\u00e8ses dentaires import\u00e9es\u00a0: elles ne font pas l\u2019objet d\u2019un contr\u00f4le sanitaire des fabricants ou des autorit\u00e9s de sant\u00e9<\/span><\/p>\n<p class=\"MsoNormal\" style=\"0cm 0cm 10pt;\"><span style=\"Calibri;\">Vu dans Le Figaro du 30\/11\/8<\/span><\/p>\n<p class=\"MsoNormal\" style=\"0cm 0cm 10pt;\"><span style=\"Calibri;\">http:\/\/www.lefigaro.fr\/sante\/2008\/11\/29\/01004-20081129ARTFIG00108-polemique-sur-les-protheses-dentaires-importees-.php<\/span><\/p>\n<p class=\"MsoNormal\" style=\"0cm 0cm 10pt;\"><span style=\"Calibri;\">&#8212;&#8212;&#8212;&#8212;&#8212;&#8212;&#8212;&#8212;&#8212;&#8212;&#8212;&#8212;&#8212;&#8212;&#8212;&#8212;&#8212;&#8212;&#8212;&#8212;&#8212;&#8212;&#8212;&#8212;&#8212;&#8212;&#8212;&#8212;&#8212;&#8212;&#8212;&#8212;&#8212;&#8212;&#8212;&#8212;&#8212;&#8212;&#8212;&#8212;&#8212;&#8212;<\/span><\/p>\n<p class=\"MsoNormal\" style=\"0cm 0cm 10pt;\"><span style=\"Calibri;\">Cordialement, Christine Griset cyberveilleuse<\/span><\/p>\n<p class=\"MsoNormal\" style=\"0cm 0cm 10pt;\"><span style=\"Calibri;\">\u00a0<\/span><\/p>\n","protected":false},"excerpt":{"rendered":"<p>Christine veille pour vous le 30 Novembre 2008 Salon du Livre de Jeunesse de Montreuil J 5 Au sommaire &#8212;&#8212;&#8212;&#8212;&#8212;&#8212;&#8212;&#8212;&#8212;&#8212;&#8212;&#8212;&#8212;&#8212;&#8212;&#8212;&#8212;&#8212;&#8212;&#8212;&#8212;&#8212;&#8212;&#8212;&#8212;&#8212;&#8212;&#8212;&#8212;&#8212;&#8212;&#8212;&#8212;&#8212;&#8212;&#8212;&#8212;&#8212;&#8212;&#8212;&#8212;&#8212;&#8212; Art Photographie Litt\u00e9rature Litt\u00e9rature de jeunesse Histoire-G\u00e9ographie Droit Crise boursi\u00e8re Sant\u00e9 &#8212;&#8212;&#8212;&#8212;&#8212;&#8212;&#8212;&#8212;&#8212;&#8212;&#8212;&#8212;&#8212;&#8212;&#8212;&#8212;&#8212;&#8212;&#8212;&#8212;&#8212;&#8212;&#8212;&#8212;&#8212;&#8212;&#8212;&#8212;&#8212;&#8212;&#8212;&#8212;&#8212;&#8212;&#8212;&#8212;&#8212;&#8212;&#8212;&#8212;&#8212;&#8212;&#8212;&#8211; Veille Art \u00a0 Patrimoine\u00a0: le Val d\u2019Oise se mobilise pour les peintres impressionnistes qui ont fait sa renomm\u00e9e\u00a0: Claude Monet, Camille Pissarro(Mus\u00e9e Pissarro &hellip; <\/p>\n<p class=\"link-more\"><a href=\"http:\/\/www.culturedel.info\/cactusacide\/?p=716\" class=\"more-link\">Continuer la lecture<span class=\"screen-reader-text\"> de &laquo;&nbsp;Christine veille pour vous &#8211; le 30\/11\/8&nbsp;&raquo;<\/span><\/a><\/p>\n","protected":false},"author":13,"featured_media":0,"comment_status":"open","ping_status":"open","sticky":false,"template":"","format":"standard","meta":{"footnotes":""},"categories":[60],"tags":[8507,2038,2901,137,1995,8489,8503,3900,764,1773,8492,8494,381,1265,8509,8508,8491,2118,8481,4258,4735,2137,8514,3472,8479,2288,1774,1336,158,304,1776,8498,882,8499,1208,2937,8511,8483,2402,911,719,8496,8493,448,1072,8512,8486,2653,4407,8484,2785,1085,7450,329,3975,3328,8497,1694,176,8485,5102,8488,133,4057,5511,8480,8513,3614,8500,8487,8506,8495,2359,8490,7165,8117,309,1503,8510,7818,408,8504,8505,330,8482,4278,8501,8502],"class_list":["post-716","post","type-post","status-publish","format-standard","hentry","category-veille","tag-12-ans","tag-alsace","tag-argenteuil","tag-art","tag-automobile","tag-auvers-sur-oise","tag-babar-harry-pottercie","tag-banque","tag-bd","tag-beau-parent","tag-beck-beatrix","tag-belmondo-jean-paul","tag-bnf","tag-bourse","tag-caraco-alain","tag-cartographie-de-lindustrie-automobile-en-crise","tag-cezanne-paul","tag-clinton-hillary","tag-controle-sanitaire","tag-crise-boursiere","tag-crise-financiere","tag-dent","tag-dentiste","tag-diplomatie","tag-doisneau-robert","tag-droit-civil","tag-droit-de-la-famille","tag-droit-penal","tag-etats-unis","tag-famille","tag-famille-recomposee","tag-genealogie-dune-sorciere","tag-geographie","tag-grand-mere","tag-histoire","tag-immobilier","tag-immobilier-haut-de-gamme","tag-impressionnisme","tag-industrie-automobile","tag-japon","tag-justice-des-mineurs","tag-lacombe-benjamin","tag-leon-morin-pretre","tag-litterature-de-jeunesse","tag-litterature-jeunesse","tag-luxe","tag-manet-edouard","tag-manga","tag-mineur","tag-monet-claude","tag-montreuil","tag-obama-barack","tag-odontologie","tag-patrimoine","tag-patrimoine-de-lunesco","tag-peinture","tag-perez-sebastien","tag-personne-agee","tag-photographie","tag-pissarro-camille","tag-pjj","tag-pontoise","tag-prix","tag-prix-goncourt","tag-prothese","tag-prothese-dentaire","tag-prothesiste-dentaire","tag-recession","tag-relation-enfant-grand-parent","tag-renoir-auguste","tag-responsabilite-penale","tag-riva-emmanuelle","tag-roman-fantastique","tag-saint-ouen-laumone","tag-salon","tag-salon-du-livre-de-jeunesse-de-montreuil","tag-sante","tag-savoie","tag-scd-de-savoie","tag-secretaire-detat-aux-affaires-etrangeres","tag-seine-saint-denis","tag-tribunal-correctionnel","tag-tribunal-correctionnel-des-mineurs","tag-unesco","tag-val-doise","tag-van-gogh-vincent","tag-vieil-homme-mysterieux","tag-vieille-femme-mysterieuse"],"_links":{"self":[{"href":"http:\/\/www.culturedel.info\/cactusacide\/index.php?rest_route=\/wp\/v2\/posts\/716","targetHints":{"allow":["GET"]}}],"collection":[{"href":"http:\/\/www.culturedel.info\/cactusacide\/index.php?rest_route=\/wp\/v2\/posts"}],"about":[{"href":"http:\/\/www.culturedel.info\/cactusacide\/index.php?rest_route=\/wp\/v2\/types\/post"}],"author":[{"embeddable":true,"href":"http:\/\/www.culturedel.info\/cactusacide\/index.php?rest_route=\/wp\/v2\/users\/13"}],"replies":[{"embeddable":true,"href":"http:\/\/www.culturedel.info\/cactusacide\/index.php?rest_route=%2Fwp%2Fv2%2Fcomments&post=716"}],"version-history":[{"count":2,"href":"http:\/\/www.culturedel.info\/cactusacide\/index.php?rest_route=\/wp\/v2\/posts\/716\/revisions"}],"predecessor-version":[{"id":718,"href":"http:\/\/www.culturedel.info\/cactusacide\/index.php?rest_route=\/wp\/v2\/posts\/716\/revisions\/718"}],"wp:attachment":[{"href":"http:\/\/www.culturedel.info\/cactusacide\/index.php?rest_route=%2Fwp%2Fv2%2Fmedia&parent=716"}],"wp:term":[{"taxonomy":"category","embeddable":true,"href":"http:\/\/www.culturedel.info\/cactusacide\/index.php?rest_route=%2Fwp%2Fv2%2Fcategories&post=716"},{"taxonomy":"post_tag","embeddable":true,"href":"http:\/\/www.culturedel.info\/cactusacide\/index.php?rest_route=%2Fwp%2Fv2%2Ftags&post=716"}],"curies":[{"name":"wp","href":"https:\/\/api.w.org\/{rel}","templated":true}]}}