{"id":8279,"date":"2014-03-21T17:05:47","date_gmt":"2014-03-21T16:05:47","guid":{"rendered":"http:\/\/www.culturedel.info\/cactusacide\/?p=8279"},"modified":"2015-07-26T16:02:56","modified_gmt":"2015-07-26T15:02:56","slug":"didactiser-la-notion-de-media-dun-usage-inconscient-a-une-pratique-raisonnee","status":"publish","type":"post","link":"http:\/\/www.culturedel.info\/cactusacide\/?p=8279","title":{"rendered":"Didactiser la notion de M\u00e9dia : D&rsquo;un usage inconscient \u00e0 une pratique raisonn\u00e9e"},"content":{"rendered":"<p style=\"text-align: justify;\">Contrairement \u00e0 ce que j&rsquo;avais annonc\u00e9 dans <a href=\"http:\/\/www.culturedel.info\/cactusacide\/?p=7830\" target=\"_blank\">un pr\u00e9c\u00e9dent article<\/a>, je ne vais pas suivre strictement le d\u00e9coupage propos\u00e9 dans la matrice conceptuelle du CSEM pour didactiser la notion info-documentaire \u00ab\u00a0m\u00e9dia\u00a0\u00bb. Les entr\u00e9es par la lecture, l&rsquo;\u00e9criture, la navigation et l&rsquo;organisation s&rsquo;entrecroisent syst\u00e9matiquement, de sorte que les dissocier constituerait une aporie. J&rsquo;entends donc les lier, dans une approche diff\u00e9rente, qui s&rsquo;appuie toujours sur cette matrice, mais en concevant la notion \u00ab\u00a0m\u00e9dia\u00a0\u00bb dans sa globalit\u00e9. Je propose, ci-dessous en plein texte, ou <a href=\"http:\/\/www.culturedel.info\/cactusacide\/wp-content\/uploads\/2014\/04\/pr\u00e9pa-m\u00e9dias-GAFAT.pdf\" target=\"_blank\">en pdf<\/a>, une premi\u00e8re s\u00e9quence qui prend pour objet didactique info-documentaire les dispositifs de \u00ab\u00a0GAFAT\u00a0\u00bb.<\/p>\n<p style=\"line-height: 100%;\" align=\"CENTER\"><span style=\"font-size: large;\"><b>D&rsquo;un usage inconscient<\/b><\/span><\/p>\n<p style=\"line-height: 100%;\" align=\"CENTER\"><span style=\"font-size: large;\"><b>\u00e0 une pratique raisonn\u00e9e des M\u00e9dias<\/b><\/span><\/p>\n<p style=\"line-height: 100%;\" align=\"JUSTIFY\"><span style=\"font-size: medium;\"><span style=\"text-decoration: underline;\"><b>S\u00e9quence<\/b><\/span><\/span><span style=\"font-size: medium;\"><span style=\"text-decoration: none;\"><span style=\"font-weight: normal;\"> :<\/span><\/span><\/span><\/p>\n<p style=\"font-weight: normal; line-height: 100%; text-decoration: none;\" align=\"JUSTIFY\"><span style=\"font-size: medium;\">Cette s\u00e9quence de 6\/7h est mise en \u0153uvre au lyc\u00e9e, en premi\u00e8re, dans le cadre de l&rsquo;Accompagnement personnalis\u00e9 (AP). Si elle peut \u00eatre men\u00e9e pour elle-m\u00eame, elle s&rsquo;inscrit dans une progression de la seconde \u00e0 la terminal dont l&rsquo;objectif, au-del\u00e0 du d\u00e9veloppement de l&rsquo;esprit critique et de l&rsquo;autonomie, est l&rsquo;acquisition, par les \u00e9l\u00e8ves, d&rsquo;un \u00ab\u00a0savoir juger\u00a0\u00bb. A cette fin, en premi\u00e8re, j&rsquo;aborde les m\u00e9dias (type GAFAT) dans une logique de d\u00e9construction-r\u00e9appropriation qui passe par la compr\u00e9hension de leur dimension socioculturelle, \u00e9conomique et-ou technique.<\/span><\/p>\n<p style=\"line-height: 100%;\" align=\"JUSTIFY\"><span style=\"font-size: medium;\"><span style=\"text-decoration: underline;\"><b>Probl\u00e9matique<\/b><\/span><span style=\"text-decoration: none;\"><span style=\"font-weight: normal;\"> : <\/span><\/span><\/span><\/p>\n<p style=\"font-weight: normal; line-height: 100%; text-decoration: none;\" align=\"JUSTIFY\"><span style=\"font-size: medium;\">La relation des \u00e9l\u00e8ves aux m\u00e9dias est fa\u00e7onn\u00e9e, depuis leur plus jeune \u00e2ge, par l&rsquo;usage qu&rsquo;ils en ont, sans qu&rsquo;ils aient n\u00e9cessairement conscience des formes de contrainte que peuvent v\u00e9hiculer les firmes marchandes et leur plateformes en mati\u00e8re \u00e9conomique, juridique, esth\u00e9tique ou encore technique. En la mati\u00e8re, le geste enseignant est d&rsquo;autant plus complexe \u00e0 porter que cette relation peut \u00eatre per\u00e7ue comme du domaine de l&rsquo;intime (<i>Facebook<\/i><span style=\"font-style: normal;\">,<\/span><i> Apple<\/i>) ou de la comp\u00e9tence (<i>Google<\/i>) par les \u00e9l\u00e8ves. Pourtant, cette part d&rsquo;intrusion, autant que la m\u00e9connaissance du fonctionnement de certains dispositifs, est \u00e0 resituer dans les strat\u00e9gies \u00e9labor\u00e9es par ces grands groupes du type GAFA, que les \u00e9l\u00e8ves doivent pouvoir appr\u00e9hender afin d&rsquo;en mesurer l&rsquo;influence dans leurs pratiques et \u00e9laborer, cas \u00e9ch\u00e9ant, des tactiques de contournement.<\/span><\/p>\n<p style=\"line-height: 100%;\" align=\"JUSTIFY\"><span style=\"font-size: medium;\"><span style=\"text-decoration: underline;\"><b>Progression<\/b><\/span><\/span> :<\/p>\n<p style=\"font-weight: normal; line-height: 100%;\" align=\"JUSTIFY\"><span style=\"font-size: medium;\">Cette s\u00e9quence s&rsquo;inscrit dans une progression des apprentissages info-documentaires de la 2<sup>nd<\/sup> \u00e0 la Tle. Elle fait suite, en 2<sup>nd<\/sup>, \u00e0 une s\u00e9quence consacr\u00e9e \u00e0 <a href=\"http:\/\/www.culturedel.info\/cactusacide\/?p=7969\" target=\"_blank\">l&rsquo;\u00e9valuation et \u00e0 la s\u00e9lection de l&rsquo;information<\/a>, sur les bases remani\u00e9es du projet \u00ab\u00a0Historiae\u00a0\u00bb, imagin\u00e9 par Olivier Le Deuff<a class=\"sdfootnoteanc\" href=\"#sdfootnote1sym\" name=\"sdfootnote1anc\"><\/a>. En terminale, le travail porte sur la qualit\u00e9 de l&rsquo;argumentation des \u00e9l\u00e8ves qui sont conduits \u00e0 <a href=\"http:\/\/www.culturedel.info\/cactusacide\/?p=5790\" target=\"_blank\">questionner la place des r\u00e9seaux sociaux num\u00e9riques dans l&rsquo;histoire longue<\/a> des \u00ab\u00a0espaces publics\u00a0\u00bb, afin d&rsquo;envisager la part de cr\u00e9ation et-ou de transformation qu&rsquo;apporte le <i>Web 2<\/i> en ce domaine<a class=\"sdfootnoteanc\" href=\"#sdfootnote2sym\" name=\"sdfootnote2anc\"><\/a>.<\/span><\/p>\n<p style=\"font-weight: normal; line-height: 100%;\" align=\"JUSTIFY\"><span style=\"font-size: medium;\"><span style=\"font-size: medium;\"><span style=\"text-decoration: underline;\"><b>Niveau concern\u00e9<\/b><\/span><\/span> : \u00c9l\u00e8ves de Premi\u00e8re (interdisciplinarit\u00e9 possible)<\/span><\/p>\n<p style=\"line-height: 100%;\" align=\"JUSTIFY\"><span style=\"font-size: medium;\"><span style=\"text-decoration: underline;\"><b>Objectifs<\/b><\/span><\/span> :<\/p>\n<ul>\n<li>\n<p style=\"line-height: 100%; text-decoration: none;\" align=\"JUSTIFY\">D\u00e9velopper des \u00e9l\u00e9ments de connaissance sur les mod\u00e8les socioculturels, \u00e9conomiques et techniques v\u00e9hicul\u00e9s par les m\u00e9dias (\u00e0 partir de l&rsquo;exemple du GAFAT).<\/p>\n<\/li>\n<li>\n<p style=\"line-height: 100%; text-decoration: none;\" align=\"JUSTIFY\">Int\u00e9grer l&rsquo;existence de ces mod\u00e8les dans ses pratiques informationnelles et m\u00e9diatiques.<\/p>\n<\/li>\n<li>\n<p style=\"line-height: 100%; text-decoration: none;\" align=\"JUSTIFY\">Savoir adopter une posture distanci\u00e9e dans la relation que l&rsquo;on entretient avec les m\u00e9dias.<\/p>\n<\/li>\n<\/ul>\n<p style=\"line-height: 100%;\" align=\"JUSTIFY\"><span style=\"font-size: medium;\"><span style=\"text-decoration: underline;\"><b>D\u00e9roulement<\/b><\/span><\/span><span style=\"font-size: medium;\"><span style=\"text-decoration: none;\"><span style=\"font-weight: normal;\"> :<\/span><\/span><\/span><\/p>\n<p style=\"line-height: 100%;\" align=\"JUSTIFY\"><i><span style=\"text-decoration: underline;\">1er temps<\/span><\/i> (20-30 min): Dans la mesure o\u00f9 cette s\u00e9quence envisage, lorsque cela s&rsquo;av\u00e9rera n\u00e9cessaire, une phase de d\u00e9construction des repr\u00e9sentations des \u00e9l\u00e8ves, la premi\u00e8re \u00e9tape consiste \u00e0 recueillir ce qu&rsquo;\u00e9voque pour eux <i>Google<\/i>, <i>Apple<\/i>, <i>Facebook<\/i> et <i>Amazon<\/i>, qui vont faire l&rsquo;objet de la s\u00e9quence \u00e0 venir. Une approche qui s&rsquo;inspire du principe des situa<span style=\"background: transparent;\">tions-probl\u00e8mes, o\u00f9 l&rsquo;e<\/span>nseignant prend appui sur les propositions des \u00e9l\u00e8ves, est sans doute ici pertinente. Cela suppose de l&rsquo;enseignant qu&rsquo;il admette de se mettre potentiellement \u00ab\u00a0en danger\u00a0\u00bb si les \u00e9l\u00e8ves proposent d&#8217;embl\u00e9e des \u00e9nonc\u00e9s relativement complexes. Pour tel professeur qui serait r\u00e9ticent, une parade peut consister en le recours \u00e0 des sujets pr\u00e9\u00e9tablis, au risque que les \u00e9l\u00e8ves ne se sentent pas pareillement impliqu\u00e9s. Il serait alors plus compliqu\u00e9 de d\u00e9construire leurs repr\u00e9sentations.<\/p>\n<p style=\"line-height: 100%;\" align=\"JUSTIFY\">A partir des premi\u00e8res propositions et des commentaires des \u00e9l\u00e8ves, le travail du professeur documentaliste va ensuite consister \u00e0 les articuler avec les mod\u00e8les d\u00e9velopp\u00e9s par ces firmes, afin d&rsquo;\u00e9tablir les sujets sur lesquels vont travailler les \u00e9l\u00e8ves. Dans la mesure o\u00f9 ils sont trop complexes pour \u00eatre abord\u00e9s dans leur globalit\u00e9, ces mod\u00e8les peuvent \u00eatre appr\u00e9hender selon la sp\u00e9cificit\u00e9 de la fili\u00e8re (ES, L, S, STMG,&#8230;) des \u00e9l\u00e8ves. Je leur propose de travailler par groupe de 2 \u00e0 4 \u00e9l\u00e8ves selon la complexit\u00e9 des sujets.<\/p>\n<p style=\"line-height: 100%;\" align=\"JUSTIFY\"><i><span style=\"text-decoration: underline;\">2\u00e8me temps<\/span><\/i><span style=\"font-style: normal;\"><span style=\"text-decoration: none;\"> (4h30\/5h30) : Parce que le mod\u00e8le de ces grandes firmes s&rsquo;appuie en partie sur un dispositif<\/span><\/span><span style=\"font-style: normal;\"><span style=\"text-decoration: none;\"><span style=\"background: transparent;\"> socio-technique in-form\u00e9 (ou mis en forme) selon des caract\u00e9ristiques propres, je fais travailler les \u00e9l\u00e8ves sur un site web qu&rsquo;ils doivent structurer selon les contenus qu&rsquo;ils apportent. J&rsquo;y vois une mise en situation int\u00e9ressante pour qu&rsquo;ils exp\u00e9rimentent, \u00e0 l&rsquo;\u00e9chelle d&rsquo;un site, les int\u00e9r\u00eats et contraintes de ces dispositifs dans un contexte de publication. C&rsquo;est par ailleurs les impliquer davantage.<\/span><\/span><\/span><\/p>\n<p style=\"line-height: 100%;\" align=\"JUSTIFY\"><span style=\"font-style: normal;\"><span style=\"text-decoration: none;\"><span style=\"background: transparent;\">Les groupes d&rsquo;\u00e9l\u00e8ves ont un travail important \u00e0 r\u00e9aliser dans un d\u00e9lai relativement court (pour \u00eatre pragmatique, il correspond \u00e0 une p\u00e9riode entre deux vacances). Ils ont pour t\u00e2ches connexes de recueillir des informations documentaires sur des sujets qu&rsquo;ils ma\u00eetrisent diversement, tout en devant penser la structuration (sommaire, onglet, pages&#8230;) du . Je pr\u00e9cise ici qu&rsquo;ils ne travaillent pas n\u00e9cessairement sur un vierge, mais qu&rsquo;ils peuvent devoir prolonger le travail entamer par un ou d&rsquo;autres groupes durant l&rsquo;ann\u00e9e scolaire. La t\u00e2che n&rsquo;en est que plus complexe, mais elle me semble formatrice dans la confrontation des id\u00e9es des \u00e9l\u00e8ves avec celles d&rsquo;autres groupes ant\u00e9rieurs.<\/span><\/span><\/span><\/p>\n<p style=\"font-weight: normal; line-height: 100%;\" align=\"JUSTIFY\"><span style=\"text-decoration: underline;\"><i>3\u00e8me temps<\/i><\/span><span style=\"font-style: normal;\"><span style=\"text-decoration: none;\"> (1h) : La derni\u00e8re heure de la s\u00e9quence est consacr\u00e9e \u00e0 la restitution orale. Les groupes interviennent \u00e0 l&rsquo;oral pour pr\u00e9senter leur travail. Les temps d&rsquo;\u00e9change sont privil\u00e9gi\u00e9s, l&rsquo;enseignant intervenant sous forme de rem\u00e9diation.<\/span><\/span><\/p>\n<p style=\"font-weight: normal; line-height: 100%;\" align=\"JUSTIFY\"><span style=\"text-decoration: underline;\"><span style=\"font-size: medium;\"><b>Evaluation<\/b><\/span><\/span><span style=\"font-size: medium;\"><span style=\"text-decoration: none;\"> : <\/span><\/span><\/p>\n<p style=\"font-weight: normal; line-height: 100%; text-decoration: none;\" align=\"JUSTIFY\"><span style=\"font-size: medium;\">Cette s\u00e9quence donne lieu \u00e0 une \u00e9valuation formative qui porte sur le rendu des s en fonction de la coh\u00e9rence des contenus, de leur structuration et de la dimension esth\u00e9tique. Par ailleurs, la phase de restitution permet d&rsquo;\u00e9valuer l&rsquo;\u00e9cart entre les repr\u00e9sentations initiales et le niveau de connaissance acquis \u00e0 l&rsquo;issue de la s\u00e9quence. Afin de le v\u00e9rifier, les groupes qui ont plus sp\u00e9cifiquement travailler sur un sujet abordent, \u00e0 l&rsquo;oral, la repr\u00e9sentation initiale, la d\u00e9construisent et la r\u00e9approprient. Le niveau de formulation, ainsi que la capacit\u00e9 des \u00e9l\u00e8ves \u00e0 r\u00e9pondre aux autres \u00e9l\u00e8ves est ici un moyen de les \u00e9valuer.<\/span><\/p>\n<p style=\"line-height: 100%;\" align=\"JUSTIFY\"><span style=\"font-size: medium;\"><span style=\"text-decoration: underline;\"><b>Outils didactiques<\/b><\/span><span style=\"text-decoration: none;\"><b> :<\/b><\/span><\/span><\/p>\n<p style=\"font-weight: normal; line-height: 100%; text-decoration: none;\" align=\"JUSTIFY\"><span style=\"font-size: medium;\">Je propose ici quelques th\u00e8mes d&rsquo;\u00e9tude selon la fili\u00e8re des \u00e9l\u00e8ves, sans que cela ne constitue des d\u00e9limitations strictes. L&rsquo;essentiel est de consid\u00e9rer leur articulation dans une approche qui interroge le mod\u00e8le m\u00e9diatique qu&rsquo;incarne ces grandes firmes du num\u00e9rique que sont le GAFAT.<\/span><\/p>\n<p style=\"line-height: 100%;\" align=\"JUSTIFY\"><span style=\"font-size: medium;\"><span style=\"font-size: medium;\"><span style=\"text-decoration: none;\"><span style=\"font-weight: normal;\">&#8211; <\/span><\/span><\/span><span style=\"font-size: medium;\"><i><span style=\"text-decoration: none;\"><span style=\"font-weight: normal;\">1ES<\/span><\/span><\/i><\/span><span style=\"font-size: medium;\"><span style=\"text-decoration: none;\"><span style=\"font-weight: normal;\">\u00a0: <\/span><\/span><\/span><span style=\"font-size: medium;\"><span style=\"text-decoration: none;\"><span style=\"font-weight: normal;\">Sans n\u00e9cessairement exclure la dimension sociale des plateformes, en terme de pratique chez les jeunes, les diff\u00e9rents mod\u00e8les \u00e9conomiques (publicit\u00e9, collecte des donn\u00e9es personnelles,&#8230;<\/span><\/span><\/span><span style=\"font-size: medium;\"><span style=\"text-decoration: none;\"><span style=\"font-weight: normal;\">)<\/span><\/span><\/span><span style=\"font-size: medium;\"><span style=\"text-decoration: none;\"><span style=\"font-weight: normal;\"> sont a \u00e9tudier. Une approche compar\u00e9e des mod\u00e8les commer\u00e7ant (<\/span><\/span><\/span><span style=\"font-size: medium;\"><i><span style=\"text-decoration: none;\"><span style=\"font-weight: normal;\">Apple<\/span><\/span><\/i><\/span><span style=\"font-size: medium;\"><span style=\"text-decoration: none;\"><span style=\"font-weight: normal;\">, <\/span><\/span><\/span><span style=\"font-size: medium;\"><i><span style=\"text-decoration: none;\"><span style=\"font-weight: normal;\">Amazon<\/span><\/span><\/i><\/span><span style=\"font-size: medium;\"><span style=\"text-decoration: none;\"><span style=\"font-weight: normal;\">) et publicitaire (<\/span><\/span><\/span><span style=\"font-size: medium;\"><i><span style=\"text-decoration: none;\"><span style=\"font-weight: normal;\">Google<\/span><\/span><\/i><\/span><span style=\"font-size: medium;\"><span style=\"text-decoration: none;\"><span style=\"font-weight: normal;\">, <\/span><\/span><\/span><span style=\"font-size: medium;\"><i><span style=\"text-decoration: none;\"><span style=\"font-weight: normal;\">Facebook<\/span><\/span><\/i><\/span><span style=\"font-size: medium;\"><span style=\"text-decoration: none;\"><span style=\"font-weight: normal;\">) est sans doute pertinente. <\/span><\/span><\/span><span style=\"font-size: medium;\"><span style=\"text-decoration: none;\"><span style=\"font-weight: normal;\">Pour aller dans le d\u00e9tail, ce peut \u00eatre l&rsquo;occasion d&rsquo;aborder l&rsquo;AdWords et l&rsquo;AdSense (<\/span><\/span><\/span><span style=\"font-size: medium;\"><i><span style=\"text-decoration: none;\"><span style=\"font-weight: normal;\">Google<\/span><\/span><\/i><\/span><span style=\"font-size: medium;\"><span style=\"text-decoration: none;\"><span style=\"font-weight: normal;\">), ou le \u00ab\u00a0jardin ferm\u00e9\u00a0\u00bb que constitue le mod\u00e8le des App Store.<\/span><\/span><\/span><\/span><\/p>\n<p style=\"font-weight: normal; line-height: 100%; text-decoration: none;\" align=\"JUSTIFY\"><span style=\"font-size: medium;\">&#8211; <i>1S<\/i>\u00a0: L&rsquo;accent peut notamment \u00eatre mis sur les dimensions technique et num\u00e9rique des dispositifs. L&rsquo;exemple du<span style=\"background: transparent;\"> PageRank<\/span> de <i>Google<\/i>, plut\u00f4t m\u00e9connu des \u00e9l\u00e8ves, peut \u00eatre un objet d&rsquo;\u00e9tude classique qui peut \u00eatre abord\u00e9 en comparaison du EdgeRank de <i>Facebook<\/i>. Au-del\u00e0, les questions de l&rsquo;interop\u00e9rabilit\u00e9 ou de la collecte des donn\u00e9es, dans leur dimension technique, peuvent \u00eatre abord\u00e9es.<\/span><\/p>\n<p style=\"font-weight: normal; line-height: 100%; text-decoration: none;\" align=\"JUSTIFY\"><span style=\"font-size: medium;\">&#8211; <i>1L<\/i>\u00a0: Il me semble judicieux que les \u00e9l\u00e8ves puissent travailler sur les diff\u00e9rents dispositifs de lecture (et d&rsquo;annotation) et leur transformation, dans une approche qui peut \u00eatre compar\u00e9e. Sur ce point, un lien doit pouvoir \u00eatre fait avec la dimension esth\u00e9tique (design chez <i>Apple<\/i> par exemple). Dans un autre registre, il peut \u00eatre int\u00e9ressant de faire travailler les \u00e9l\u00e8ves sur la part suggestive de ces dispositifs, qui peut constituer, dans certains cas, une forme de \u00ab\u00a0confiscation de soi\u00a0\u00bb. Ce peut \u00eatre par exemple le cas des moteurs de compl\u00e9tion (<i>Google<\/i><span style=\"font-style: normal;\">)<\/span>, de l&rsquo;EdgeRank (<i>Facebook<\/i>) qui privil\u00e9gie certains contenus (vid\u00e9o, images) ou encore des suggestions d&rsquo;achat (<i>Amazon<\/i>).<\/span><\/p>\n<p style=\"font-weight: normal; line-height: 100%; text-decoration: none;\" align=\"JUSTIFY\"><span style=\"font-size: medium;\">&#8211;<i>ST<\/i><i>M<\/i><i>G\u00a0<\/i><span style=\"font-style: normal;\">: I<\/span>l peut \u00eatre pertinent d&rsquo;aborder les firmes du GAFAT sous l&rsquo;angle du droit, qu&rsquo;il s&rsquo;agisse d&rsquo;aborder les CGU, la diversit\u00e9 des droits nationaux ou encore les droits associ\u00e9s \u00e0 la propri\u00e9t\u00e9 intellectuelle. Le cas de la publication sur <i>Facebook<\/i>, notamment d&rsquo;images ou de vid\u00e9os, se pr\u00eate particuli\u00e8rement bien \u00e0 cette s\u00e9quence.<\/span><\/p>\n<p style=\"font-weight: normal; line-height: 100%; text-decoration: none;\" align=\"JUSTIFY\"><span style=\"font-size: medium;\"><span style=\"text-decoration: underline;\"><b>Mat\u00e9riels<\/b><\/span><b> : <\/b><\/span><\/p>\n<p style=\"font-weight: normal; line-height: 100%; text-decoration: none;\" align=\"JUSTIFY\"><span style=\"font-size: medium;\">La r\u00e9alisation de cette s\u00e9quence suppose l&rsquo;existence ou la cr\u00e9ation d&rsquo;un site web (web p\u00e9dagogique,&#8230;) o\u00f9 publier les travaux des \u00e9l\u00e8ves. Publication pour laquelle il faut une autorisation parentale.<\/span><\/p>\n<p style=\"line-height: 100%;\" align=\"JUSTIFY\"><span style=\"font-size: medium;\"><span style=\"text-decoration: underline;\"><b>Sources<\/b><\/span><span style=\"text-decoration: none;\"><b> :<\/b><\/span><\/span><\/p>\n<p style=\"font-weight: normal; line-height: 100%; text-decoration: none;\" align=\"JUSTIFY\"><span style=\"font-size: medium;\">&#8211; Stiegler, Bernard. <i>Prendre soin (T1). De la jeunesse et des g\u00e9n\u00e9rations<\/i>, Flammarion, La biblioth\u00e8que des savoirs, 2008<\/span><\/p>\n<p style=\"font-weight: normal; line-height: 100%; text-decoration: none;\" align=\"JUSTIFY\"><span style=\"font-size: medium;\">&#8211; Jehel, Sophie. <i>Quelle place pour le M dans l&rsquo;EMI\u00a0? <\/i><span style=\"font-style: normal;\">Mediadoc, d\u00e9cembre 2013, n\u00b011, p. 37-40<\/span><\/span><\/p>\n<p style=\"font-weight: normal; line-height: 100%; text-decoration: none;\" align=\"JUSTIFY\"><span style=\"font-size: medium;\"><span style=\"font-style: normal;\">-Frau-Meigs, Divina. M\u00e9dias-matrices [en ligne]. 2012, [consult\u00e9 le 20 mars 2014]. Hollyweb et la navette \u00e9cran (1\u00e8re partie). <a class=\"western\" href=\"http:\/\/mediasmatrices.wordpress.com\/2012\/07\/23\/hollyweb-et-lecran-navette-1ere-partie\/\">http:\/\/mediasmatrices.wordpress.com\/2012\/07\/23\/hollyweb-et-lecran-navette-1ere-partie\/<\/a><\/span><\/span><\/p>\n<p style=\"font-weight: normal; line-height: 100%; text-decoration: none;\" align=\"JUSTIFY\"><span style=\"font-size: medium;\"><span style=\"font-style: normal;\">-Frau-Meigs, Divina. M\u00e9dias-matrices [en ligne]. 2012, [consult\u00e9 le 20 mars 2014]. Hollyweb et la navette \u00e9cran (2e partie). <a class=\"western\" href=\"http:\/\/mediasmatrices.wordpress.com\/2012\/07\/23\/308\/\">http:\/\/mediasmatrices.wordpress.com\/2012\/07\/23\/308\/<\/a><\/span><\/span><\/p>\n<p style=\"font-weight: normal; line-height: 100%; text-decoration: none;\" align=\"JUSTIFY\"><span style=\"font-size: medium;\"><span style=\"font-style: normal;\">&#8211; CSEM, 2013, [consult\u00e9 le 20 mars 2014]. Les comp\u00e9tences en \u00e9ducation aux m\u00e9dias. <a class=\"western\" href=\"http:\/\/www.educationauxmedias.eu\/outils\/brochures\/csem\/les_competences_en_education_aux_medias_cadre_general\">http:\/\/www.educationauxmedias.eu\/outils\/brochures\/csem\/les_competences_en_education_aux_medias_cadre_general<\/a><\/span><\/span><\/p>\n<p style=\"font-weight: normal; line-height: 100%; text-decoration: none;\" align=\"JUSTIFY\">[M\u00e0J : 02 mai 2014] Les \u00e9tudiants du cours de culture num\u00e9rique de Herv\u00e9 Le Crosnier ont produit <a href=\"https:\/\/culturenum.info.unicaen.fr\/blogpost\/qpg0glyfbj1\/view\" target=\"_blank\">une synth\u00e8se sur les GAFA<\/a>. A consulter, de m\u00eame que <a href=\"https:\/\/culturenum.info.unicaen.fr\/\" target=\"_blank\">les autres synth\u00e8ses<\/a>]<\/p>\n","protected":false},"excerpt":{"rendered":"<p>Contrairement \u00e0 ce que j&rsquo;avais annonc\u00e9 dans un pr\u00e9c\u00e9dent article, je ne vais pas suivre strictement le d\u00e9coupage propos\u00e9 dans la matrice conceptuelle du CSEM pour didactiser la notion info-documentaire \u00ab\u00a0m\u00e9dia\u00a0\u00bb. Les entr\u00e9es par la lecture, l&rsquo;\u00e9criture, la navigation et l&rsquo;organisation s&rsquo;entrecroisent syst\u00e9matiquement, de sorte que les dissocier constituerait une aporie. J&rsquo;entends donc les lier, &hellip; <\/p>\n<p class=\"link-more\"><a href=\"http:\/\/www.culturedel.info\/cactusacide\/?p=8279\" class=\"more-link\">Continuer la lecture<span class=\"screen-reader-text\"> de &laquo;&nbsp;Didactiser la notion de M\u00e9dia : D&rsquo;un usage inconscient \u00e0 une pratique raisonn\u00e9e&nbsp;&raquo;<\/span><\/a><\/p>\n","protected":false},"author":27,"featured_media":0,"comment_status":"open","ping_status":"open","sticky":false,"template":"","format":"standard","meta":{"footnotes":""},"categories":[7,16308],"tags":[18,16322,119,16296],"class_list":["post-8279","post","type-post","status-publish","format-standard","hentry","category-culture-de-linformation","category-seances","tag-didactique","tag-media","tag-medias","tag-savoirs-info-documentaires"],"_links":{"self":[{"href":"http:\/\/www.culturedel.info\/cactusacide\/index.php?rest_route=\/wp\/v2\/posts\/8279","targetHints":{"allow":["GET"]}}],"collection":[{"href":"http:\/\/www.culturedel.info\/cactusacide\/index.php?rest_route=\/wp\/v2\/posts"}],"about":[{"href":"http:\/\/www.culturedel.info\/cactusacide\/index.php?rest_route=\/wp\/v2\/types\/post"}],"author":[{"embeddable":true,"href":"http:\/\/www.culturedel.info\/cactusacide\/index.php?rest_route=\/wp\/v2\/users\/27"}],"replies":[{"embeddable":true,"href":"http:\/\/www.culturedel.info\/cactusacide\/index.php?rest_route=%2Fwp%2Fv2%2Fcomments&post=8279"}],"version-history":[{"count":10,"href":"http:\/\/www.culturedel.info\/cactusacide\/index.php?rest_route=\/wp\/v2\/posts\/8279\/revisions"}],"predecessor-version":[{"id":8451,"href":"http:\/\/www.culturedel.info\/cactusacide\/index.php?rest_route=\/wp\/v2\/posts\/8279\/revisions\/8451"}],"wp:attachment":[{"href":"http:\/\/www.culturedel.info\/cactusacide\/index.php?rest_route=%2Fwp%2Fv2%2Fmedia&parent=8279"}],"wp:term":[{"taxonomy":"category","embeddable":true,"href":"http:\/\/www.culturedel.info\/cactusacide\/index.php?rest_route=%2Fwp%2Fv2%2Fcategories&post=8279"},{"taxonomy":"post_tag","embeddable":true,"href":"http:\/\/www.culturedel.info\/cactusacide\/index.php?rest_route=%2Fwp%2Fv2%2Ftags&post=8279"}],"curies":[{"name":"wp","href":"https:\/\/api.w.org\/{rel}","templated":true}]}}